{"id":10215,"date":"2024-08-23T10:32:28","date_gmt":"2024-08-23T08:32:28","guid":{"rendered":"http:\/\/www.si-hu.eu\/2127\/?p=10215"},"modified":"2024-08-23T12:22:56","modified_gmt":"2024-08-23T10:22:56","slug":"interreg-egyuttmukodes-napja-2024-elmeny-hatarok-nelkul","status":"publish","type":"post","link":"http:\/\/www.si-hu.eu\/2127\/hu\/2024\/08\/23\/interreg-egyuttmukodes-napja-2024-elmeny-hatarok-nelkul\/","title":{"rendered":"Interreg Egy\u00fcttm\u0171k\u00f6d\u00e9s Napja 2024: \u00c9lm\u00e9ny hat\u00e1rok n\u00e9lk\u00fcl"},"content":{"rendered":"<p>Szeretettel h\u00edvjuk meg \u00d6n\u00f6ket az <strong>\u201c\u00c9lm\u00e9ny hat\u00e1rok n\u00e9lk\u00fcl\u201d<\/strong> rendezv\u00e9nyre, amely a fest\u0151i <strong>Babi\u010d Malomban, Ver\u017eejben (Szlov\u00e9nia) ker\u00fcl megrendez\u00e9sre 2024. szeptember 14-\u00e9n<\/strong> (szombaton), az Interreg Egy\u00fcttm\u0171k\u00f6d\u00e9s Napja (IC Day) \u00e9s az EU projekt my projekt keret\u00e9ben.<img class=\"alignright size-medium wp-image-10191\" src=\"http:\/\/www.si-hu.eu\/2127\/wp-content\/uploads\/sites\/14\/2024\/08\/ICDAY2024_HU-500x353.png\" alt=\"\" width=\"500\" height=\"353\" srcset=\"http:\/\/www.si-hu.eu\/2127\/wp-content\/uploads\/sites\/14\/2024\/08\/ICDAY2024_HU-200x141.png 200w, http:\/\/www.si-hu.eu\/2127\/wp-content\/uploads\/sites\/14\/2024\/08\/ICDAY2024_HU-400x283.png 400w, http:\/\/www.si-hu.eu\/2127\/wp-content\/uploads\/sites\/14\/2024\/08\/ICDAY2024_HU-500x353.png 500w, http:\/\/www.si-hu.eu\/2127\/wp-content\/uploads\/sites\/14\/2024\/08\/ICDAY2024_HU-600x424.png 600w, http:\/\/www.si-hu.eu\/2127\/wp-content\/uploads\/sites\/14\/2024\/08\/ICDAY2024_HU-768x543.png 768w, http:\/\/www.si-hu.eu\/2127\/wp-content\/uploads\/sites\/14\/2024\/08\/ICDAY2024_HU-800x566.png 800w, http:\/\/www.si-hu.eu\/2127\/wp-content\/uploads\/sites\/14\/2024\/08\/ICDAY2024_HU-1024x724.png 1024w, http:\/\/www.si-hu.eu\/2127\/wp-content\/uploads\/sites\/14\/2024\/08\/ICDAY2024_HU-1200x848.png 1200w, http:\/\/www.si-hu.eu\/2127\/wp-content\/uploads\/sites\/14\/2024\/08\/ICDAY2024_HU-1536x1086.png 1536w\" sizes=\"(max-width: 500px) 100vw, 500px\" \/><\/p>\n<p><em>Az esem\u00e9ny f\u00e9nypontjai:<\/em><\/p>\n<p>Ezen az izgalmas napon lehet\u0151s\u00e9g\u00fck lesz megismerkedni a Szlov\u00e9nia-Magyarorsz\u00e1g Interreg Programmal, a program keret\u00e9ben t\u00e1rsfinansz\u00edrozott Mura Raba Tour projekttel (ami az EU projekt my projekt kezdem\u00e9nyez\u00e9s egyik d\u00f6nt\u0151se), valamint t\u00f6bb hat\u00e1ron \u00e1tny\u00fal\u00f3 kisl\u00e9pt\u00e9k\u0171 projekttel: &nbsp;Bridge Over Border, Mills &#8211; Our Mutual Value, Namizni Tenis Povezuje, Crafts4Future \u00e9s a Folk Music Show.<\/p>\n<p><em>Mire sz\u00e1m\u00edthat:<\/em><\/p>\n<p>A program k\u00f6sz\u00f6nt\u0151 besz\u00e9dekkel, a t\u00e1rsfinansz\u00edrozott projektek bemutat\u00e1s\u00e1val \u00e9s kultur\u00e1lis programmal kezd\u0151dik, megadva az alaphangot egy kalandokkal \u00e9s \u00e9lm\u00e9nyekkel teli naphoz.<\/p>\n<p><em><img class=\"alignleft wp-image-10234\" src=\"http:\/\/www.si-hu.eu\/2127\/wp-content\/uploads\/sites\/14\/2024\/08\/Facebook-icon-png-500x483.png\" alt=\"\" width=\"219\" height=\"211\" srcset=\"http:\/\/www.si-hu.eu\/2127\/wp-content\/uploads\/sites\/14\/2024\/08\/Facebook-icon-png-200x193.png 200w, http:\/\/www.si-hu.eu\/2127\/wp-content\/uploads\/sites\/14\/2024\/08\/Facebook-icon-png-400x386.png 400w, http:\/\/www.si-hu.eu\/2127\/wp-content\/uploads\/sites\/14\/2024\/08\/Facebook-icon-png-500x483.png 500w, http:\/\/www.si-hu.eu\/2127\/wp-content\/uploads\/sites\/14\/2024\/08\/Facebook-icon-png-600x579.png 600w, http:\/\/www.si-hu.eu\/2127\/wp-content\/uploads\/sites\/14\/2024\/08\/Facebook-icon-png-768x741.png 768w, http:\/\/www.si-hu.eu\/2127\/wp-content\/uploads\/sites\/14\/2024\/08\/Facebook-icon-png-800x772.png 800w, http:\/\/www.si-hu.eu\/2127\/wp-content\/uploads\/sites\/14\/2024\/08\/Facebook-icon-png-1024x989.png 1024w, http:\/\/www.si-hu.eu\/2127\/wp-content\/uploads\/sites\/14\/2024\/08\/Facebook-icon-png.png 1072w\" sizes=\"(max-width: 219px) 100vw, 219px\" \/>Programok:<\/em><\/p>\n<p><strong>Kalandok a Mura ment\u00e9n<\/strong>: Induljon evez\u0151s t\u00far\u00e1ra a Mura foly\u00f3n, megpihenve a var\u00e1zslatos Szerelem sziget\u00e9n\u00e9l. Vagy fedezze fel vezetett gyalogt\u00far\u00e1n a malom k\u00f6rny\u00e9ki buja erd\u0151t.<\/p>\n<p><strong>K\u00e9zm\u0171ves foglalkoz\u00e1sok \u00e9s j\u00e1t\u00e9kok<\/strong>: Ha ink\u00e1bb a nyugodtabb \u00e9lm\u00e9nyeket kedveli, vegyen r\u00e9szt a t\u00e1rsfinansz\u00edrozott projektek \u00e1ltal szervezett k\u00fcl\u00f6nb\u00f6z\u0151 sz\u00f3rakoztat\u00f3 tev\u00e9kenys\u00e9gekben. L\u00e1togassa meg a k\u00e9zm\u0171ves m\u0171helyeket, j\u00e1tsszon bridzset vagy asztaliteniszt, fedezze fel a Babi\u010d malmot \u00e9s \u00e9lvezze a n\u00e9pzene dallamait.<\/p>\n<p><strong>Eb\u00e9dsz\u00fcnet:<\/strong> Fogyasszon el egy finom eb\u00e9det, miel\u0151tt belevetn\u00e9 mag\u00e1t a d\u00e9lut\u00e1ni programokba.<\/p>\n<p><strong>D\u00e9lut\u00e1ni kalandok<\/strong>: Eb\u00e9d ut\u00e1n folytassa a Mura foly\u00f3 k\u00f6rny\u00e9k\u00e9nek felfedez\u00e9s\u00e9t csoportot v\u00e1ltva, hogy teljes m\u00e9rt\u00e9kben ki\u00e9lvezhesse a k\u00edn\u00e1lkoz\u00f3 kalandokat.<\/p>\n<p><strong>Kapcsolat\u00e9p\u00edt\u00e9s \u00e9s helyi kult\u00fara<\/strong>: Z\u00e1rja a napot egy k\u00f6z\u00f6ss\u00e9g\u00e9p\u00edt\u0151 \u00e9lm\u00e9nnyel, ahol kapcsolatba l\u00e9phet a t\u00e1rsfinansz\u00edrozott projektek partnereivel \u00e9s a t\u00f6bbi r\u00e9sztvev\u0151vel. A rendezv\u00e9ny ideje alatt l\u00e1togassa meg a t\u00e1rsfinansz\u00edrozott projekteket \u00e9s a helyi term\u00e9keket bemutat\u00f3 standokat.<\/p>\n<p><em>Hasznos inform\u00e1ci\u00f3k<\/em>:<\/p>\n<p>Ingyenes r\u00e9szv\u00e9tel: Nagylelk\u0171 szervez\u0151inknek k\u00f6sz\u00f6nhet\u0151en a rendezv\u00e9nyen val\u00f3 r\u00e9szv\u00e9tel ingyenes. Szlov\u00e9ni\u00e1b\u00f3l \u00e9s Magyarorsz\u00e1gr\u00f3l ingyenes buszos utaz\u00e1st is biztos\u00edtunk.<\/p>\n<p><strong>Regisztr\u00e1ci\u00f3: Mivel a helyek sz\u00e1ma korl\u00e1tozott, k\u00e9rj\u00fck, hogy <em>2024. szeptember 10<\/em>-ig regisztr\u00e1ljon.<\/strong><\/p>\n<p>Fontos inform\u00e1ci\u00f3k: A r\u00e9szv\u00e9tel saj\u00e1t felel\u0151ss\u00e9gre t\u00f6rt\u00e9nik. K\u00e9rj\u00fck, hogy hat\u00e1r\u00e1tl\u00e9p\u00e9s eset\u00e9n \u00e9rv\u00e9nyes szem\u00e9lyi igazolv\u00e1nyt (szem\u00e9lyi igazolv\u00e1ny vagy \u00fatlev\u00e9l) hozzon mag\u00e1val. Ne feledje, hogy Szlov\u00e9nia p\u00e9nzneme az eur\u00f3 (EUR). A szabadt\u00e9ri tev\u00e9kenys\u00e9gekhez megfelel\u0151 \u00f6lt\u00f6zet sz\u00fcks\u00e9ges.<\/p>\n<p>Hozza el a csal\u00e1dj\u00e1t \u00e9s csatlakozzon hozz\u00e1nk egy sz\u00f3rakoztat\u00f3, kultur\u00e1lis cser\u00e9vel \u00e9s felfedez\u00e9sekkel teli napra. \u00c9lvezze a programter\u00fclet csod\u00e1it \u00e9s szerezzen maradand\u00f3 \u00e9lm\u00e9nyeket!<\/p>\n<p>Az IC Dayr\u0151l tov\u00e1bbi r\u00e9szletek\u00e9rt l\u00e1togasson el a weboldalra: Interreg Cooperation Day.<\/p>\n<p>Ha b\u00e1rmilyen k\u00e9rd\u00e9se van, forduljon hozz\u00e1nk bizalommal a +386 1 400 3162 &nbsp;&#8211; es telefonsz\u00e1mon.&nbsp;<\/p>\n<p>Alig v\u00e1rjuk, hogy tal\u00e1lkozzunk \u00d6n\u00f6kkel!<\/p>\n<p><strong>Szlov\u00e9nia-Magyarorsz\u00e1g Interreg Program<\/strong><\/p>\n<p>&nbsp;<\/p>\n<p><a href=\"http:\/\/www.si-hu.eu\/2127\/sl\/prijava-na-dan-interreg-sodelovanja-2024-regisztracio-az-interreg-egyuttmukodes-napja-2024-esemenyre\/\" target=\"_blank\" rel=\"noopener\"><strong>REGISZTR\u00c1CI\u00d3 A RENDEZV\u00c9NYRE<\/strong><\/a><\/p>\n<p><a href=\"http:\/\/www.si-hu.eu\/2127\/wp-content\/uploads\/sites\/14\/2024\/08\/ICDAY-2024_HU_new.pdf\"><strong>MEGH\u00cdV\u00d3 \u00c9S PROGRAM<\/strong><\/a><\/p>\n<p>&nbsp;<\/p>\n","protected":false},"excerpt":{"rendered":"<p>Szeretettel h\u00edvjuk meg \u00d6n\u00f6ket az \u201c\u00c9lm\u00e9ny hat\u00e1rok n\u00e9lk\u00fcl\u201d rendezv\u00e9nyre, amely a fest\u0151i Babi\u010d Malomban, Ver\u017eejben (Szlov\u00e9nia) ker\u00fcl megrendez\u00e9sre 2024. szeptember 14-\u00e9n (szombaton), az Interreg Egy\u00fcttm\u0171k\u00f6d\u00e9s Napja (IC Day) \u00e9s az EU projekt my projekt keret\u00e9ben.<\/p>\n","protected":false},"author":7,"featured_media":10191,"comment_status":"open","ping_status":"open","sticky":false,"template":"","format":"standard","meta":{"ngg_post_thumbnail":0},"categories":[83,75],"tags":[],"_links":{"self":[{"href":"http:\/\/www.si-hu.eu\/2127\/hu\/wp-json\/wp\/v2\/posts\/10215"}],"collection":[{"href":"http:\/\/www.si-hu.eu\/2127\/hu\/wp-json\/wp\/v2\/posts"}],"about":[{"href":"http:\/\/www.si-hu.eu\/2127\/hu\/wp-json\/wp\/v2\/types\/post"}],"author":[{"embeddable":true,"href":"http:\/\/www.si-hu.eu\/2127\/hu\/wp-json\/wp\/v2\/users\/7"}],"replies":[{"embeddable":true,"href":"http:\/\/www.si-hu.eu\/2127\/hu\/wp-json\/wp\/v2\/comments?post=10215"}],"version-history":[{"count":6,"href":"http:\/\/www.si-hu.eu\/2127\/hu\/wp-json\/wp\/v2\/posts\/10215\/revisions"}],"predecessor-version":[{"id":10293,"href":"http:\/\/www.si-hu.eu\/2127\/hu\/wp-json\/wp\/v2\/posts\/10215\/revisions\/10293"}],"wp:featuredmedia":[{"embeddable":true,"href":"http:\/\/www.si-hu.eu\/2127\/hu\/wp-json\/wp\/v2\/media\/10191"}],"wp:attachment":[{"href":"http:\/\/www.si-hu.eu\/2127\/hu\/wp-json\/wp\/v2\/media?parent=10215"}],"wp:term":[{"taxonomy":"category","embeddable":true,"href":"http:\/\/www.si-hu.eu\/2127\/hu\/wp-json\/wp\/v2\/categories?post=10215"},{"taxonomy":"post_tag","embeddable":true,"href":"http:\/\/www.si-hu.eu\/2127\/hu\/wp-json\/wp\/v2\/tags?post=10215"}],"curies":[{"name":"wp","href":"https:\/\/api.w.org\/{rel}","templated":true}]}}