{"id":12120,"date":"2025-03-17T12:18:42","date_gmt":"2025-03-17T11:18:42","guid":{"rendered":"http:\/\/www.si-hu.eu\/2127\/?p=12120"},"modified":"2025-03-17T12:18:42","modified_gmt":"2025-03-17T11:18:42","slug":"szavazzon-az-eu-projekt-en-projektem-re-2025-ben-is","status":"publish","type":"post","link":"http:\/\/www.si-hu.eu\/2127\/hu\/2025\/03\/17\/szavazzon-az-eu-projekt-en-projektem-re-2025-ben-is\/","title":{"rendered":"SZAVAZZON AZ EU PROJEKT, \u00c9N PROJEKTEM-re 2025-ben is!"},"content":{"rendered":"<p>Az EU projekt, \u00c9n projektem 2025 egy olyan nemzeti kamp\u00e1ny, melynek keret\u00e9ben az eur\u00f3pai alapokb\u00f3l t\u00e1rsfinansz\u00edrozott projektek p\u00e1ly\u00e1z\u00f3i a nagyk\u00f6z\u00f6ns\u00e9g sz\u00e1m\u00e1ra szervezett rendezv\u00e9nyeken mutathatj\u00e1k be projektjeiket.<img class=\"alignright wp-image-12130\" src=\"http:\/\/www.si-hu.eu\/2127\/wp-content\/uploads\/sites\/14\/2025\/03\/Jasmina3-500x419.png\" alt=\"\" width=\"419\" height=\"351\" srcset=\"http:\/\/www.si-hu.eu\/2127\/wp-content\/uploads\/sites\/14\/2025\/03\/Jasmina3-200x168.png 200w, http:\/\/www.si-hu.eu\/2127\/wp-content\/uploads\/sites\/14\/2025\/03\/Jasmina3-400x335.png 400w, http:\/\/www.si-hu.eu\/2127\/wp-content\/uploads\/sites\/14\/2025\/03\/Jasmina3-500x419.png 500w, http:\/\/www.si-hu.eu\/2127\/wp-content\/uploads\/sites\/14\/2025\/03\/Jasmina3-600x503.png 600w, http:\/\/www.si-hu.eu\/2127\/wp-content\/uploads\/sites\/14\/2025\/03\/Jasmina3-768x644.png 768w, http:\/\/www.si-hu.eu\/2127\/wp-content\/uploads\/sites\/14\/2025\/03\/Jasmina3-800x671.png 800w, http:\/\/www.si-hu.eu\/2127\/wp-content\/uploads\/sites\/14\/2025\/03\/Jasmina3.png 940w\" sizes=\"(max-width: 419px) 100vw, 419px\" \/><\/p>\n<p>Az EU-hoz val\u00f3 csatlakoz\u00e1s \u00f3ta t\u00f6bb, mint 10.000 projektet t\u00e1mogattak az orsz\u00e1gban eur\u00f3pai forr\u00e1sokb\u00f3l, k\u00f6zt\u00fck sz\u00e1mos p\u00e1ly\u00e1zatot az Interreg Szlov\u00e9nia-Magyarorsz\u00e1g programb\u00f3l. A verseny idei d\u00f6nt\u0151sei olyan kiv\u00e9teles projektek, amelyek az uni\u00f3s t\u00e1mogat\u00e1sokat arra haszn\u00e1lt\u00e1k fel, hogy jobb\u00e1 tegy\u00e9k az \u00e9letet Szlov\u00e9ni\u00e1ban.<\/p>\n<p>Ismerje meg az idei 20 d\u00f6nt\u0151st, \u00e9s szavazzon a kedvenc\u00e9re! Programunkb\u00f3l a <a href=\"http:\/\/www.si-hu.eu\/2127\/projects-2\/\" target=\"_blank\" rel=\"noopener\"><strong>Crafts4Future<\/strong><\/a> r\u00f6vid c\u00edm\u0171 projekt jutott a d\u00f6nt\u0151be. A projekt a k\u00e9zm\u0171ves hagyom\u00e1nyokat \u00f6tv\u00f6zte a modern fenntarthat\u00f3 gyakorlatokkal, \u00e9s \u00f6sszekapcsolta a fiatal, kiszolg\u00e1ltatott csoportokat \u00e9s a k\u00e9zm\u0171veseket a szlov\u00e9n-magyar hat\u00e1rvid\u00e9ken. A r\u00e9sztvev\u0151k ismereteket szereztek a hagyom\u00e1nyok meg\u0151rz\u00e9s\u00e9r\u0151l, \u00e9s \u00faj lehet\u0151s\u00e9geket fedeztek fel a v\u00e1llalkoz\u00f3i tev\u00e9kenys\u00e9g \u00e9s az \u00f6koturizmus ter\u00e9n. <a href=\"https:\/\/evropskasredstva.si\/crafts4future\/\" target=\"_blank\" rel=\"noopener\"><strong>Szavazzon r\u00e1!<\/strong><\/a><\/p>\n<p>A t\u00f6bbi d\u00f6nt\u0151be jutott p\u00e1lyam\u0171vet a <a href=\"https:\/\/evropskasredstva.si\/eu-projekt-moj-projekt-2025\/\" target=\"_blank\" rel=\"noopener\"><strong>verseny aloldal\u00e1n<\/strong><\/a> ismerheti meg.<\/p>\n<p>A legjobb EU 2025 projektre m\u00e1rcius 17. \u00e9s m\u00e1jus 8. k\u00f6z\u00f6tt lehet szavazni, a gy\u0151ztest pedig 2025. m\u00e1jus 9-\u00e9n, az Eur\u00f3pa-napon hirdetik ki. <strong>Szavazzon a <a href=\"https:\/\/evropskasredstva.si\/crafts4future\/\" target=\"_blank\" rel=\"noopener\">Crafts4Future<\/a> projektre!<\/strong><\/p>\n<p>A projekteket m\u00e1jusi, j\u00faniusi, szeptemberi, okt\u00f3beri vagy novemberi rendezv\u00e9nyeken mutatj\u00e1k be a nyilv\u00e1noss\u00e1gnak. Tov\u00e1bbi inform\u00e1ci\u00f3k\u00e9rt k\u00f6vesse a verseny aloldal\u00e1t.<\/p>\n<p><img class=\"aligncenter size-full wp-image-12137\" src=\"http:\/\/www.si-hu.eu\/2127\/wp-content\/uploads\/sites\/14\/2025\/03\/Vote_Finalisti-EU-projekt-moj-projekt-2025-FB.jpg\" alt=\"\" width=\"940\" height=\"788\" srcset=\"http:\/\/www.si-hu.eu\/2127\/wp-content\/uploads\/sites\/14\/2025\/03\/Vote_Finalisti-EU-projekt-moj-projekt-2025-FB-200x168.jpg 200w, http:\/\/www.si-hu.eu\/2127\/wp-content\/uploads\/sites\/14\/2025\/03\/Vote_Finalisti-EU-projekt-moj-projekt-2025-FB-400x335.jpg 400w, http:\/\/www.si-hu.eu\/2127\/wp-content\/uploads\/sites\/14\/2025\/03\/Vote_Finalisti-EU-projekt-moj-projekt-2025-FB-500x419.jpg 500w, http:\/\/www.si-hu.eu\/2127\/wp-content\/uploads\/sites\/14\/2025\/03\/Vote_Finalisti-EU-projekt-moj-projekt-2025-FB-600x503.jpg 600w, http:\/\/www.si-hu.eu\/2127\/wp-content\/uploads\/sites\/14\/2025\/03\/Vote_Finalisti-EU-projekt-moj-projekt-2025-FB-768x644.jpg 768w, http:\/\/www.si-hu.eu\/2127\/wp-content\/uploads\/sites\/14\/2025\/03\/Vote_Finalisti-EU-projekt-moj-projekt-2025-FB-800x671.jpg 800w, http:\/\/www.si-hu.eu\/2127\/wp-content\/uploads\/sites\/14\/2025\/03\/Vote_Finalisti-EU-projekt-moj-projekt-2025-FB.jpg 940w\" sizes=\"(max-width: 940px) 100vw, 940px\" \/><\/p>\n<p>&nbsp;<\/p>\n<p>&nbsp;<\/p>\n","protected":false},"excerpt":{"rendered":"<p>Ismerje meg az idei 20 d\u00f6nt\u0151st, \u00e9s szavazzon a kedvenc\u00e9re! Programunkb\u00f3l a Crafts4Future r\u00f6vid c\u00edm\u0171 projekt jutott a d\u00f6nt\u0151be. Szavazzon r\u00e1!<\/p>\n","protected":false},"author":7,"featured_media":12130,"comment_status":"open","ping_status":"open","sticky":false,"template":"","format":"standard","meta":{"ngg_post_thumbnail":0},"categories":[83,75],"tags":[],"_links":{"self":[{"href":"http:\/\/www.si-hu.eu\/2127\/hu\/wp-json\/wp\/v2\/posts\/12120"}],"collection":[{"href":"http:\/\/www.si-hu.eu\/2127\/hu\/wp-json\/wp\/v2\/posts"}],"about":[{"href":"http:\/\/www.si-hu.eu\/2127\/hu\/wp-json\/wp\/v2\/types\/post"}],"author":[{"embeddable":true,"href":"http:\/\/www.si-hu.eu\/2127\/hu\/wp-json\/wp\/v2\/users\/7"}],"replies":[{"embeddable":true,"href":"http:\/\/www.si-hu.eu\/2127\/hu\/wp-json\/wp\/v2\/comments?post=12120"}],"version-history":[{"count":2,"href":"http:\/\/www.si-hu.eu\/2127\/hu\/wp-json\/wp\/v2\/posts\/12120\/revisions"}],"predecessor-version":[{"id":12145,"href":"http:\/\/www.si-hu.eu\/2127\/hu\/wp-json\/wp\/v2\/posts\/12120\/revisions\/12145"}],"wp:featuredmedia":[{"embeddable":true,"href":"http:\/\/www.si-hu.eu\/2127\/hu\/wp-json\/wp\/v2\/media\/12130"}],"wp:attachment":[{"href":"http:\/\/www.si-hu.eu\/2127\/hu\/wp-json\/wp\/v2\/media?parent=12120"}],"wp:term":[{"taxonomy":"category","embeddable":true,"href":"http:\/\/www.si-hu.eu\/2127\/hu\/wp-json\/wp\/v2\/categories?post=12120"},{"taxonomy":"post_tag","embeddable":true,"href":"http:\/\/www.si-hu.eu\/2127\/hu\/wp-json\/wp\/v2\/tags?post=12120"}],"curies":[{"name":"wp","href":"https:\/\/api.w.org\/{rel}","templated":true}]}}