{"id":12388,"date":"2025-04-11T13:21:02","date_gmt":"2025-04-11T11:21:02","guid":{"rendered":"http:\/\/www.si-hu.eu\/2127\/?p=12388"},"modified":"2025-04-11T13:21:02","modified_gmt":"2025-04-11T11:21:02","slug":"megnyilt-a-2025-os-regiostars-palyazat","status":"publish","type":"post","link":"http:\/\/www.si-hu.eu\/2127\/hu\/2025\/04\/11\/megnyilt-a-2025-os-regiostars-palyazat\/","title":{"rendered":"Megny\u00edlt a 2025-\u00f6s REGIOSTARS p\u00e1ly\u00e1zat!"},"content":{"rendered":"<p><img class=\"size-medium wp-image-12391 alignright\" src=\"http:\/\/www.si-hu.eu\/2127\/wp-content\/uploads\/sites\/14\/2025\/04\/REGIOSTARS_2025_landscape-500x281.png\" alt=\"\" width=\"500\" height=\"281\" srcset=\"http:\/\/www.si-hu.eu\/2127\/wp-content\/uploads\/sites\/14\/2025\/04\/REGIOSTARS_2025_landscape-200x113.png 200w, http:\/\/www.si-hu.eu\/2127\/wp-content\/uploads\/sites\/14\/2025\/04\/REGIOSTARS_2025_landscape-400x225.png 400w, http:\/\/www.si-hu.eu\/2127\/wp-content\/uploads\/sites\/14\/2025\/04\/REGIOSTARS_2025_landscape-500x281.png 500w, http:\/\/www.si-hu.eu\/2127\/wp-content\/uploads\/sites\/14\/2025\/04\/REGIOSTARS_2025_landscape-600x338.png 600w, http:\/\/www.si-hu.eu\/2127\/wp-content\/uploads\/sites\/14\/2025\/04\/REGIOSTARS_2025_landscape-768x432.png 768w, http:\/\/www.si-hu.eu\/2127\/wp-content\/uploads\/sites\/14\/2025\/04\/REGIOSTARS_2025_landscape-800x450.png 800w, http:\/\/www.si-hu.eu\/2127\/wp-content\/uploads\/sites\/14\/2025\/04\/REGIOSTARS_2025_landscape-1024x576.png 1024w, http:\/\/www.si-hu.eu\/2127\/wp-content\/uploads\/sites\/14\/2025\/04\/REGIOSTARS_2025_landscape-1200x675.png 1200w, http:\/\/www.si-hu.eu\/2127\/wp-content\/uploads\/sites\/14\/2025\/04\/REGIOSTARS_2025_landscape-1536x864.png 1536w\" sizes=\"(max-width: 500px) 100vw, 500px\" \/><\/p>\n<p>Elkezd\u0151d\u00f6tt a legjobb, koh\u00e9zi\u00f3s politika \u00e1ltal finansz\u00edrozott projektek felkutat\u00e1sa Eur\u00f3pa-szerte 2025-ben is. A REGIOSTARS-d\u00edj olyan uni\u00f3s finansz\u00edroz\u00e1s\u00fa projekteket&nbsp;ismer el,&nbsp;amelyek magukban foglalj\u00e1k a region\u00e1lis fejleszt\u00e9s hat\u00e1s\u00e1t \u00e9s inkluzivit\u00e1s\u00e1t.<\/p>\n<p><em>A projektje pozit\u00edv hat\u00e1st gyakorolt helyi szinten? Kifejleszt\u00e9sre ker\u00fclt valami \u00faj a projekt r\u00e9szek\u00e9nt? Haszn\u00e1ra v\u00e1lt a r\u00e9gi\u00f3nak gazdas\u00e1gilag, t\u00e1rsadalmilag vagy k\u00f6rnyezetv\u00e9delmi szempontb\u00f3l? Az eredm\u00e9nyek a projekt befejez\u00e9se ut\u00e1n is megmutatkoznak? Lehets\u00e9ges a projektet Eur\u00f3pa-szerte elterjeszteni?&nbsp;<\/em><\/p>\n<p>Ha \u201eigen!\u201d, k\u00fcldje el jelentkez\u00e9s\u00e9t a REGIOSTARS versenyre <strong>2025. m\u00e1jus 20-ig<\/strong> a k\u00f6vetkez\u0151 linken kereszt\u00fcl:&nbsp;<strong><a href=\"https:\/\/ec.europa.eu\/eusurvey\/runner\/REGIOSTARS-2025-application-form\">EU Survey REGIOSTARS application form<\/a><\/strong><\/p>\n<p>Az el\u0151z\u0151 \u00e9vhez hasonl\u00f3an a projektek a koh\u00e9zi\u00f3s politika c\u00e9lkit\u0171z\u00e9seib\u0151l ismert \u00f6t kateg\u00f3ri\u00e1ban versenyeznek. A versenykateg\u00f3ri\u00e1k a k\u00f6vetkez\u0151k:<\/p>\n<ul>\n<li><strong>1. kateg\u00f3ria:&nbsp;VERSENYK\u00c9PES \u00c9S INTELLIGENS EUR\u00d3PA<\/strong><\/li>\n<li><strong>2. kateg\u00f3ria:&nbsp;Z\u00d6LD EUR\u00d3PA<\/strong><\/li>\n<li><strong>3. kateg\u00f3ria:&nbsp;\u00d6SSZEKAPCSOLT EUR\u00d3PA<\/strong><\/li>\n<li><strong>4. kateg\u00f3ria:&nbsp;SZOCI\u00c1LIS \u00c9S BEFOGAD\u00d3 EUR\u00d3PA<\/strong><\/li>\n<li><strong>5. kateg\u00f3ria:&nbsp;A POLG\u00c1ROKHOZ K\u00d6ZELEBB \u00c1LL\u00d3 EUR\u00d3PA<\/strong><\/li>\n<\/ul>\n<p>A beny\u00fajtott p\u00e1ly\u00e1zatokat a REGIOSTARS neves tud\u00f3sokb\u00f3l \u00e1ll\u00f3 zs\u0171rije fogja \u00e9rt\u00e9kelni. Az \u00f6t kateg\u00f3ria gy\u0151ztes\u00e9t az id\u00e9n okt\u00f3berben Br\u00fcsszelben megrendez\u00e9sre ker\u00fcl\u0151 EURegionsWeeken v\u00e1lasztj\u00e1k ki.<\/p>\n<p>A gy\u0151zteseket a REGIOSTARS \u00fcnneps\u00e9gen, az EURegionsWeek cs\u00facspontjak\u00e9nt jelentik be. A nyertesek a d\u00edj r\u00e9szek\u00e9nt egy mini prom\u00f3ci\u00f3s kamp\u00e1nyt is kapnak a projektj\u00fckh\u00f6z.<\/p>\n<p><strong><img class=\"size-full wp-image-12320 alignright\" src=\"http:\/\/www.si-hu.eu\/2127\/wp-content\/uploads\/sites\/14\/2025\/03\/Interreg-35.png\" alt=\"\" width=\"200\" height=\"200\" srcset=\"http:\/\/www.si-hu.eu\/2127\/wp-content\/uploads\/sites\/14\/2025\/03\/Interreg-35-66x66.png 66w, http:\/\/www.si-hu.eu\/2127\/wp-content\/uploads\/sites\/14\/2025\/03\/Interreg-35.png 200w\" sizes=\"(max-width: 200px) 100vw, 200px\" \/><\/strong><\/p>\n<p><strong>Hogyan lehet jelentkezni?<\/strong><\/p>\n<p>K\u00e9rj\u00fck, l\u00e1togasson el az <a href=\"https:\/\/ec.europa.eu\/regional_policy\/projects\/regio-stars-awards_en\">Eur\u00f3pai Bizotts\u00e1g<\/a> honlapj\u00e1ra, ahol a p\u00e1ly\u00e1z\u00f3knak sz\u00f3l\u00f3 \u00fatmutat\u00f3t, a gyakran ism\u00e9telt k\u00e9rd\u00e9seket, valamint a sz\u00fcks\u00e9ges formanyomtatv\u00e1nyt \u00e9s t\u00e1mogat\u00f3 lev\u00e9l sablonj\u00e1t is megtal\u00e1lja.<\/p>\n<p><strong>A p\u00e1ly\u00e1zati formanyomtatv\u00e1ny az <\/strong><a href=\"https:\/\/ec.europa.eu\/eusurvey\/runner\/REGIOSTARS-2025-application-form\"><strong>EU Survey<\/strong><\/a><strong> oldal\u00e1n \u00e9rhet\u0151 el.<\/strong><\/p>\n<p>&nbsp;<\/p>\n<p>&nbsp;<\/p>\n","protected":false},"excerpt":{"rendered":"<p>A projektje pozit\u00edv hat\u00e1st gyakorolt helyi szinten? Kifejleszt\u00e9sre ker\u00fclt valami \u00faj a projekt r\u00e9szek\u00e9nt? Haszn\u00e1ra v\u00e1lt a r\u00e9gi\u00f3nak gazdas\u00e1gilag, t\u00e1rsadalmilag vagy k\u00f6rnyezetv\u00e9delmi szempontb\u00f3l? Az eredm\u00e9nyek a projekt befejez\u00e9se ut\u00e1n is megmutatkoznak? Lehets\u00e9ges a projektet Eur\u00f3pa-szerte elterjeszteni?  AKKOR NY\u00daJTSA BE P\u00c1LY\u00c1ZAT\u00c1T A REGIOSTARS 2025-RE!<\/p>\n","protected":false},"author":19,"featured_media":12394,"comment_status":"open","ping_status":"open","sticky":false,"template":"","format":"standard","meta":{"ngg_post_thumbnail":0},"categories":[83,75],"tags":[],"_links":{"self":[{"href":"http:\/\/www.si-hu.eu\/2127\/hu\/wp-json\/wp\/v2\/posts\/12388"}],"collection":[{"href":"http:\/\/www.si-hu.eu\/2127\/hu\/wp-json\/wp\/v2\/posts"}],"about":[{"href":"http:\/\/www.si-hu.eu\/2127\/hu\/wp-json\/wp\/v2\/types\/post"}],"author":[{"embeddable":true,"href":"http:\/\/www.si-hu.eu\/2127\/hu\/wp-json\/wp\/v2\/users\/19"}],"replies":[{"embeddable":true,"href":"http:\/\/www.si-hu.eu\/2127\/hu\/wp-json\/wp\/v2\/comments?post=12388"}],"version-history":[{"count":3,"href":"http:\/\/www.si-hu.eu\/2127\/hu\/wp-json\/wp\/v2\/posts\/12388\/revisions"}],"predecessor-version":[{"id":12404,"href":"http:\/\/www.si-hu.eu\/2127\/hu\/wp-json\/wp\/v2\/posts\/12388\/revisions\/12404"}],"wp:featuredmedia":[{"embeddable":true,"href":"http:\/\/www.si-hu.eu\/2127\/hu\/wp-json\/wp\/v2\/media\/12394"}],"wp:attachment":[{"href":"http:\/\/www.si-hu.eu\/2127\/hu\/wp-json\/wp\/v2\/media?parent=12388"}],"wp:term":[{"taxonomy":"category","embeddable":true,"href":"http:\/\/www.si-hu.eu\/2127\/hu\/wp-json\/wp\/v2\/categories?post=12388"},{"taxonomy":"post_tag","embeddable":true,"href":"http:\/\/www.si-hu.eu\/2127\/hu\/wp-json\/wp\/v2\/tags?post=12388"}],"curies":[{"name":"wp","href":"https:\/\/api.w.org\/{rel}","templated":true}]}}