{"id":14626,"date":"2025-10-10T13:11:28","date_gmt":"2025-10-10T11:11:28","guid":{"rendered":"http:\/\/www.si-hu.eu\/2127\/?p=14626"},"modified":"2025-10-10T14:50:24","modified_gmt":"2025-10-10T12:50:24","slug":"kozlemeny-2-nyilt-palyazati-felhivas","status":"publish","type":"post","link":"http:\/\/www.si-hu.eu\/2127\/hu\/2025\/10\/10\/kozlemeny-2-nyilt-palyazati-felhivas\/","title":{"rendered":"K\u00f6zlem\u00e9ny: A standard projektekre vonatkoz\u00f3 2. Ny\u00edlt P\u00e1ly\u00e1zati Felh\u00edv\u00e1s k\u00f6zz\u00e9t\u00e9tele \u00e9s a Ny\u00edlt P\u00e1ly\u00e1zati Felh\u00edv\u00e1s lez\u00e1r\u00e1sa"},"content":{"rendered":"<p><img class=\"size-medium wp-image-7547 alignright\" src=\"http:\/\/www.si-hu.eu\/2127\/wp-content\/uploads\/sites\/14\/2023\/09\/kick-off_HU-1-375x500.jpg\" alt=\"\" width=\"375\" height=\"500\" srcset=\"http:\/\/www.si-hu.eu\/2127\/wp-content\/uploads\/sites\/14\/2023\/09\/kick-off_HU-1-200x267.jpg 200w, http:\/\/www.si-hu.eu\/2127\/wp-content\/uploads\/sites\/14\/2023\/09\/kick-off_HU-1-375x500.jpg 375w, http:\/\/www.si-hu.eu\/2127\/wp-content\/uploads\/sites\/14\/2023\/09\/kick-off_HU-1-400x533.jpg 400w, http:\/\/www.si-hu.eu\/2127\/wp-content\/uploads\/sites\/14\/2023\/09\/kick-off_HU-1-600x800.jpg 600w, http:\/\/www.si-hu.eu\/2127\/wp-content\/uploads\/sites\/14\/2023\/09\/kick-off_HU-1-768x1024.jpg 768w, http:\/\/www.si-hu.eu\/2127\/wp-content\/uploads\/sites\/14\/2023\/09\/kick-off_HU-1-800x1067.jpg 800w, http:\/\/www.si-hu.eu\/2127\/wp-content\/uploads\/sites\/14\/2023\/09\/kick-off_HU-1-1152x1536.jpg 1152w, http:\/\/www.si-hu.eu\/2127\/wp-content\/uploads\/sites\/14\/2023\/09\/kick-off_HU-1-1200x1600.jpg 1200w, http:\/\/www.si-hu.eu\/2127\/wp-content\/uploads\/sites\/14\/2023\/09\/kick-off_HU-1-1536x2048.jpg 1536w, http:\/\/www.si-hu.eu\/2127\/wp-content\/uploads\/sites\/14\/2023\/09\/kick-off_HU-1-scaled.jpg 1920w\" sizes=\"(max-width: 375px) 100vw, 375px\" \/>T\u00e1j\u00e9koztatjuk \u00d6n\u00f6ket, hogy a 2023. m\u00e1rcius 3-\u00e1n k\u00f6zz\u00e9tett, a Szlov\u00e9nia\u2013Magyarorsz\u00e1g Interreg Program 2021\u20132027 keret\u00e9ben meghirdetett, standard projektekre vonatkoz\u00f3 Ny\u00edlt P\u00e1ly\u00e1zati Felh\u00edv\u00e1s lez\u00e1r\u00e1sra ker\u00fclt.<\/p>\n<p>Ugyanakkor \u00f6r\u00f6mmel jelentj\u00fck be, hogy a fennmarad\u00f3 forr\u00e1sokra vonatkoz\u00f3an megjelent a standard projektekre vonatkoz\u00f3 2. Ny\u00edlt P\u00e1ly\u00e1zati Felh\u00edv\u00e1s. A felh\u00edv\u00e1s a Szlov\u00e9n K\u00f6zt\u00e1rsas\u00e1g Hivatalos K\u00f6zl\u00f6ny\u00e9ben jelent meg, \u00e9s el\u00e9rhet\u0151 a program honlapj\u00e1n.<\/p>\n<p>Az \u00faj p\u00e1ly\u00e1zati felh\u00edv\u00e1s <strong>els\u0151 beny\u00fajt\u00e1si hat\u00e1rideje 2026. janu\u00e1r 23<\/strong>.<\/p>\n<p>A potenci\u00e1lis p\u00e1ly\u00e1z\u00f3k projektjavaslatainak elk\u00e9sz\u00edt\u00e9s\u00e9hez seg\u00edts\u00e9get ny\u00fajt\u00f3 <strong>workshopra 2025. november 13-\u00e1n ker\u00fcl sor Szlov\u00e9ni\u00e1ban<\/strong>.<\/p>\n<p>Minden relev\u00e1ns inform\u00e1ci\u00f3, bele\u00e9rtve a p\u00e1ly\u00e1zati \u00fatmutat\u00f3t \u00e9s a kieg\u00e9sz\u00edt\u0151 dokumentumokat, el\u00e9rhet\u0151 programunk weboldal\u00e1n, a <a href=\"http:\/\/www.si-hu.eu\/2127\/hu\/2-nyilt-palyazati-felhivas-standard-projektekre\/\"><strong>Ny\u00edlt p\u00e1ly\u00e1zati felh\u00edv\u00e1sok\/2. Ny\u00edlt P\u00e1ly\u00e1zati Felh\u00edv\u00e1s standard projektekre<\/strong> <\/a>men\u00fcpont alatt. Az \u00e9rdekl\u0151d\u0151 szervezeteket k\u00e9rj\u00fck, hogy rendszeresen k\u00f6vess\u00e9k a program weboldal\u00e1t a friss h\u00edrek\u00e9rt \u00e9s tov\u00e1bbi r\u00e9szletek\u00e9rt.<\/p>\n","protected":false},"excerpt":{"rendered":"<p>\u00d6r\u00f6mmel jelentj\u00fck be, hogy megjelent a standard projektekre vonatkoz\u00f3 2. Ny\u00edlt P\u00e1ly\u00e1zati Felh\u00edv\u00e1s.<\/p>\n","protected":false},"author":19,"featured_media":14632,"comment_status":"open","ping_status":"open","sticky":false,"template":"","format":"standard","meta":{"ngg_post_thumbnail":0},"categories":[83,75],"tags":[],"_links":{"self":[{"href":"http:\/\/www.si-hu.eu\/2127\/hu\/wp-json\/wp\/v2\/posts\/14626"}],"collection":[{"href":"http:\/\/www.si-hu.eu\/2127\/hu\/wp-json\/wp\/v2\/posts"}],"about":[{"href":"http:\/\/www.si-hu.eu\/2127\/hu\/wp-json\/wp\/v2\/types\/post"}],"author":[{"embeddable":true,"href":"http:\/\/www.si-hu.eu\/2127\/hu\/wp-json\/wp\/v2\/users\/19"}],"replies":[{"embeddable":true,"href":"http:\/\/www.si-hu.eu\/2127\/hu\/wp-json\/wp\/v2\/comments?post=14626"}],"version-history":[{"count":3,"href":"http:\/\/www.si-hu.eu\/2127\/hu\/wp-json\/wp\/v2\/posts\/14626\/revisions"}],"predecessor-version":[{"id":14657,"href":"http:\/\/www.si-hu.eu\/2127\/hu\/wp-json\/wp\/v2\/posts\/14626\/revisions\/14657"}],"wp:featuredmedia":[{"embeddable":true,"href":"http:\/\/www.si-hu.eu\/2127\/hu\/wp-json\/wp\/v2\/media\/14632"}],"wp:attachment":[{"href":"http:\/\/www.si-hu.eu\/2127\/hu\/wp-json\/wp\/v2\/media?parent=14626"}],"wp:term":[{"taxonomy":"category","embeddable":true,"href":"http:\/\/www.si-hu.eu\/2127\/hu\/wp-json\/wp\/v2\/categories?post=14626"},{"taxonomy":"post_tag","embeddable":true,"href":"http:\/\/www.si-hu.eu\/2127\/hu\/wp-json\/wp\/v2\/tags?post=14626"}],"curies":[{"name":"wp","href":"https:\/\/api.w.org\/{rel}","templated":true}]}}