{"id":17837,"date":"2026-03-13T12:59:08","date_gmt":"2026-03-13T11:59:08","guid":{"rendered":"http:\/\/www.si-hu.eu\/2127\/?p=17837"},"modified":"2026-03-13T12:59:08","modified_gmt":"2026-03-13T11:59:08","slug":"houses-to-go-i-aktivizalo-rendezveny-tajhazak-egyuttmukodesben-otletek-es-lehetosegek","status":"publish","type":"post","link":"http:\/\/www.si-hu.eu\/2127\/hu\/2026\/03\/13\/houses-to-go-i-aktivizalo-rendezveny-tajhazak-egyuttmukodesben-otletek-es-lehetosegek\/","title":{"rendered":"HOUSES to go \u2013 I. aktiviz\u00e1l\u00f3 rendezv\u00e9ny \u2013 T\u00e1jh\u00e1zak egy\u00fcttm\u0171k\u00f6d\u00e9sben: \u00f6tletek \u00e9s lehet\u0151s\u00e9gek"},"content":{"rendered":"<div class=\"fusion-fullwidth fullwidth-box fusion-builder-row-1 fusion-flex-container nonhundred-percent-fullwidth non-hundred-percent-height-scrolling\" style=\"background-color: rgba(255,255,255,0);background-position: center center;background-repeat: no-repeat;border-width: 0px 0px 0px 0px;border-color:#e2e2e2;border-style:solid;\" ><div class=\"fusion-builder-row fusion-row fusion-flex-align-items-flex-start\" style=\"max-width:1248px;margin-left: calc(-4% \/ 2 );margin-right: calc(-4% \/ 2 );\"><div class=\"fusion-layout-column fusion_builder_column fusion-builder-column-0 fusion_builder_column_1_1 1_1 fusion-flex-column\"><div class=\"fusion-column-wrapper fusion-flex-justify-content-flex-start fusion-content-layout-column\" style=\"background-position:left top;background-repeat:no-repeat;-webkit-background-size:cover;-moz-background-size:cover;-o-background-size:cover;background-size:cover;padding: 0px 0px 0px 0px;\"><div class=\"fusion-text fusion-text-1\"><p><img class=\"size-medium wp-image-15776 alignleft\" src=\"http:\/\/www.si-hu.eu\/2127\/wp-content\/uploads\/sites\/14\/2025\/11\/HOUSES-to-go-Project-logo-Slovenia-Hungary_bilingual_color-500x258.jpg\" alt=\"\" width=\"500\" height=\"258\" srcset=\"http:\/\/www.si-hu.eu\/2127\/wp-content\/uploads\/sites\/14\/2025\/11\/HOUSES-to-go-Project-logo-Slovenia-Hungary_bilingual_color-200x103.jpg 200w, http:\/\/www.si-hu.eu\/2127\/wp-content\/uploads\/sites\/14\/2025\/11\/HOUSES-to-go-Project-logo-Slovenia-Hungary_bilingual_color-400x206.jpg 400w, http:\/\/www.si-hu.eu\/2127\/wp-content\/uploads\/sites\/14\/2025\/11\/HOUSES-to-go-Project-logo-Slovenia-Hungary_bilingual_color-500x258.jpg 500w, http:\/\/www.si-hu.eu\/2127\/wp-content\/uploads\/sites\/14\/2025\/11\/HOUSES-to-go-Project-logo-Slovenia-Hungary_bilingual_color-600x310.jpg 600w, http:\/\/www.si-hu.eu\/2127\/wp-content\/uploads\/sites\/14\/2025\/11\/HOUSES-to-go-Project-logo-Slovenia-Hungary_bilingual_color-768x396.jpg 768w, http:\/\/www.si-hu.eu\/2127\/wp-content\/uploads\/sites\/14\/2025\/11\/HOUSES-to-go-Project-logo-Slovenia-Hungary_bilingual_color-800x413.jpg 800w, http:\/\/www.si-hu.eu\/2127\/wp-content\/uploads\/sites\/14\/2025\/11\/HOUSES-to-go-Project-logo-Slovenia-Hungary_bilingual_color-1024x529.jpg 1024w, http:\/\/www.si-hu.eu\/2127\/wp-content\/uploads\/sites\/14\/2025\/11\/HOUSES-to-go-Project-logo-Slovenia-Hungary_bilingual_color-1200x619.jpg 1200w, http:\/\/www.si-hu.eu\/2127\/wp-content\/uploads\/sites\/14\/2025\/11\/HOUSES-to-go-Project-logo-Slovenia-Hungary_bilingual_color-1536x793.jpg 1536w\" sizes=\"(max-width: 500px) 100vw, 500px\" \/><\/p>\n<p>A \u201eHOUSES to go\u201d projekt keret\u00e9ben k\u00e9t aktiviz\u00e1l\u00f3 rendezv\u00e9ny ker\u00fcl megrendez\u00e9sre, amelyek c\u00e9lja a projekt tematikus pilot rendezv\u00e9nyeire val\u00f3 felk\u00e9sz\u00fcl\u00e9s, valamint a t\u00e1jh\u00e1zakkal k\u00f6z\u00f6s tervez\u00e9s \u00e9s egy\u00fcttm\u0171k\u00f6d\u00e9s er\u0151s\u00edt\u00e9se. A tal\u00e1lkoz\u00f3k lehet\u0151s\u00e9get teremtenek a k\u00f6z\u00f6s gondolkod\u00e1sra, a rendezv\u00e9nyek el\u0151k\u00e9sz\u00edt\u00e9s\u00e9re, az egy\u00fcttm\u0171k\u00f6d\u00e9s ir\u00e1nyainak meghat\u00e1roz\u00e1s\u00e1ra \u00e9s a t\u00e1jh\u00e1zak k\u00f6z\u00f6tti partners\u00e9g\u00e9p\u00edt\u00e9s \u00f6szt\u00f6nz\u00e9s\u00e9re.<\/p>\n<p>Az els\u0151 aktiviz\u00e1l\u00f3 rendezv\u00e9nyre 2026. m\u00e1rcius 20-\u00e1n, p\u00e9nteken ker\u00fcl sor az oszk\u00f3i Sz\u0151l\u0151hegyen, a Hegyp\u00e1sztor pinc\u00e9k ter\u00fclet\u00e9n<\/p>\n<p>A program k\u00f6sz\u00f6nt\u0151vel \u00e9s a projekt aktu\u00e1lis szakmai kih\u00edv\u00e1sainak, valamint marketingtev\u00e9kenys\u00e9geinek bemutat\u00e1s\u00e1val indul. Ezt k\u00f6vet\u0151en a r\u00e9sztvev\u0151 t\u00e1jh\u00e1zak bemutatkoz\u00e1sa ad lehet\u0151s\u00e9get a tapasztalatok megoszt\u00e1s\u00e1ra \u00e9s a kapcsolatok er\u0151s\u00edt\u00e9s\u00e9re. A d\u00e9lut\u00e1ni program sor\u00e1n a r\u00e9sztvev\u0151k k\u00f6z\u00f6sen \u00e1ttekintik a rendezv\u00e9nyfelh\u00edv\u00e1sokat, majd tematikus csoportmunk\u00e1ban dolgoznak ki program\u00f6tleteket a pilot rendezv\u00e9nyekhez. A nap sor\u00e1n a r\u00e9sztvev\u0151k megismerkedhetnek a Hegyp\u00e1sztor pinc\u00e9kkel, a program pedig fakultat\u00edv kultur\u00e1lis l\u00e1togat\u00e1ssal z\u00e1rul a hegyh\u00e1tszentp\u00e9teri t\u00e1jh\u00e1zban.<\/p>\n<p>A tal\u00e1lkoz\u00f3 v\u00e1rhat\u00f3an hozz\u00e1j\u00e1rul a szakmai egy\u00fcttm\u0171k\u00f6d\u00e9sek er\u0151s\u00edt\u00e9s\u00e9hez \u00e9s \u00faj, k\u00f6z\u00f6s kezdem\u00e9nyez\u00e9sek megsz\u00fclet\u00e9s\u00e9hez.<\/p>\n<p><strong><a href=\"http:\/\/www.si-hu.eu\/2127\/wp-content\/uploads\/sites\/14\/2026\/03\/Meghivo_1.-Aktivizalo-rendezveny_Houses-to-go.pdf\">MEGH\u00cdV\u00d3<\/a><\/strong><\/p>\n<\/div><style type=\"text\/css\">.fusion-gallery-1 .fusion-gallery-image {border:0px solid #e2e2e2;}<\/style><div class=\"fusion-gallery fusion-gallery-container fusion-grid-3 fusion-columns-total-0 fusion-gallery-layout-grid fusion-gallery-1\" style=\"margin:-5px;\"><\/div><\/div><style type=\"text\/css\">.fusion-body .fusion-builder-column-0{width:100% !important;margin-top : 0px;margin-bottom : 0px;}.fusion-builder-column-0 > .fusion-column-wrapper {padding-top : 0px !important;padding-right : 0px !important;margin-right : 1.92%;padding-bottom : 0px !important;padding-left : 0px !important;margin-left : 1.92%;}@media only screen and (max-width:1024px) {.fusion-body .fusion-builder-column-0{width:100% !important;}.fusion-builder-column-0 > .fusion-column-wrapper {margin-right : 1.92%;margin-left : 1.92%;}}@media only screen and (max-width:640px) {.fusion-body .fusion-builder-column-0{width:100% !important;}.fusion-builder-column-0 > .fusion-column-wrapper {margin-right : 1.92%;margin-left : 1.92%;}}<\/style><\/div><\/div><style type=\"text\/css\">.fusion-body .fusion-flex-container.fusion-builder-row-1{ padding-top : 0px;margin-top : 0px;padding-right : 0px;padding-bottom : 0px;margin-bottom : 0px;padding-left : 0px;}<\/style><\/div>\n","protected":false},"excerpt":{"rendered":"<p>A \u201eHOUSES to go\u201d projekt keret\u00e9ben k\u00e9t aktiviz\u00e1l\u00f3 rendezv\u00e9ny ker\u00fcl megrendez\u00e9sre, amelyek c\u00e9lja a projekt tematikus pilot rendezv\u00e9nyeire val\u00f3 felk\u00e9sz\u00fcl\u00e9s, valamint a t\u00e1jh\u00e1zakkal k\u00f6z\u00f6s tervez\u00e9s \u00e9s egy\u00fcttm\u0171k\u00f6d\u00e9s er\u0151s\u00edt\u00e9se.<\/p>\n","protected":false},"author":19,"featured_media":17843,"comment_status":"open","ping_status":"open","sticky":false,"template":"","format":"standard","meta":{"ngg_post_thumbnail":0},"categories":[77,79,116],"tags":[],"_links":{"self":[{"href":"http:\/\/www.si-hu.eu\/2127\/hu\/wp-json\/wp\/v2\/posts\/17837"}],"collection":[{"href":"http:\/\/www.si-hu.eu\/2127\/hu\/wp-json\/wp\/v2\/posts"}],"about":[{"href":"http:\/\/www.si-hu.eu\/2127\/hu\/wp-json\/wp\/v2\/types\/post"}],"author":[{"embeddable":true,"href":"http:\/\/www.si-hu.eu\/2127\/hu\/wp-json\/wp\/v2\/users\/19"}],"replies":[{"embeddable":true,"href":"http:\/\/www.si-hu.eu\/2127\/hu\/wp-json\/wp\/v2\/comments?post=17837"}],"version-history":[{"count":2,"href":"http:\/\/www.si-hu.eu\/2127\/hu\/wp-json\/wp\/v2\/posts\/17837\/revisions"}],"predecessor-version":[{"id":17854,"href":"http:\/\/www.si-hu.eu\/2127\/hu\/wp-json\/wp\/v2\/posts\/17837\/revisions\/17854"}],"wp:featuredmedia":[{"embeddable":true,"href":"http:\/\/www.si-hu.eu\/2127\/hu\/wp-json\/wp\/v2\/media\/17843"}],"wp:attachment":[{"href":"http:\/\/www.si-hu.eu\/2127\/hu\/wp-json\/wp\/v2\/media?parent=17837"}],"wp:term":[{"taxonomy":"category","embeddable":true,"href":"http:\/\/www.si-hu.eu\/2127\/hu\/wp-json\/wp\/v2\/categories?post=17837"},{"taxonomy":"post_tag","embeddable":true,"href":"http:\/\/www.si-hu.eu\/2127\/hu\/wp-json\/wp\/v2\/tags?post=17837"}],"curies":[{"name":"wp","href":"https:\/\/api.w.org\/{rel}","templated":true}]}}