{"id":18425,"date":"2026-04-21T14:59:09","date_gmt":"2026-04-21T12:59:09","guid":{"rendered":"http:\/\/www.si-hu.eu\/2127\/?p=18425"},"modified":"2026-04-21T14:59:09","modified_gmt":"2026-04-21T12:59:09","slug":"kulturalis-orokseg-mint-turisztikai-lehetoseg-a-turisztikai-szolgaltatok-szamara","status":"publish","type":"post","link":"http:\/\/www.si-hu.eu\/2127\/hu\/2026\/04\/21\/kulturalis-orokseg-mint-turisztikai-lehetoseg-a-turisztikai-szolgaltatok-szamara\/","title":{"rendered":"Kultur\u00e1lis \u00f6r\u00f6ks\u00e9g mint turisztikai lehet\u0151s\u00e9g a turisztikai szolg\u00e1ltat\u00f3k sz\u00e1m\u00e1ra"},"content":{"rendered":"<div class=\"fusion-fullwidth fullwidth-box fusion-builder-row-1 fusion-flex-container nonhundred-percent-fullwidth non-hundred-percent-height-scrolling\" style=\"background-color: rgba(255,255,255,0);background-position: center center;background-repeat: no-repeat;border-width: 0px 0px 0px 0px;border-color:#e2e2e2;border-style:solid;\" ><div class=\"fusion-builder-row fusion-row fusion-flex-align-items-flex-start\" style=\"max-width:1248px;margin-left: calc(-4% \/ 2 );margin-right: calc(-4% \/ 2 );\"><div class=\"fusion-layout-column fusion_builder_column fusion-builder-column-0 fusion_builder_column_1_1 1_1 fusion-flex-column\"><div class=\"fusion-column-wrapper fusion-flex-justify-content-flex-start fusion-content-layout-column\" style=\"background-position:left top;background-repeat:no-repeat;-webkit-background-size:cover;-moz-background-size:cover;-o-background-size:cover;background-size:cover;padding: 0px 0px 0px 0px;\"><div class=\"fusion-text fusion-text-1\"><p><a href=\"http:\/\/www.si-hu.eu\/2127\/hu\/p2_gucimo_home\/\"><img class=\"size-medium wp-image-16349 alignnone\" src=\"http:\/\/www.si-hu.eu\/2127\/wp-content\/uploads\/sites\/14\/2025\/12\/GUCIMO-Project-logo-Slovenia-Hungary_bilingual_color-500x258.jpg\" alt=\"\" width=\"500\" height=\"258\" srcset=\"http:\/\/www.si-hu.eu\/2127\/wp-content\/uploads\/sites\/14\/2025\/12\/GUCIMO-Project-logo-Slovenia-Hungary_bilingual_color-200x103.jpg 200w, http:\/\/www.si-hu.eu\/2127\/wp-content\/uploads\/sites\/14\/2025\/12\/GUCIMO-Project-logo-Slovenia-Hungary_bilingual_color-400x206.jpg 400w, http:\/\/www.si-hu.eu\/2127\/wp-content\/uploads\/sites\/14\/2025\/12\/GUCIMO-Project-logo-Slovenia-Hungary_bilingual_color-500x258.jpg 500w, http:\/\/www.si-hu.eu\/2127\/wp-content\/uploads\/sites\/14\/2025\/12\/GUCIMO-Project-logo-Slovenia-Hungary_bilingual_color-600x310.jpg 600w, http:\/\/www.si-hu.eu\/2127\/wp-content\/uploads\/sites\/14\/2025\/12\/GUCIMO-Project-logo-Slovenia-Hungary_bilingual_color-768x396.jpg 768w, http:\/\/www.si-hu.eu\/2127\/wp-content\/uploads\/sites\/14\/2025\/12\/GUCIMO-Project-logo-Slovenia-Hungary_bilingual_color-800x413.jpg 800w, http:\/\/www.si-hu.eu\/2127\/wp-content\/uploads\/sites\/14\/2025\/12\/GUCIMO-Project-logo-Slovenia-Hungary_bilingual_color-1024x529.jpg 1024w, http:\/\/www.si-hu.eu\/2127\/wp-content\/uploads\/sites\/14\/2025\/12\/GUCIMO-Project-logo-Slovenia-Hungary_bilingual_color-1200x619.jpg 1200w, http:\/\/www.si-hu.eu\/2127\/wp-content\/uploads\/sites\/14\/2025\/12\/GUCIMO-Project-logo-Slovenia-Hungary_bilingual_color-1536x793.jpg 1536w\" sizes=\"(max-width: 500px) 100vw, 500px\" \/><\/a><\/p>\n<p>Szeretettel megh\u00edvjuk a GU\u010cIMO projekt keret\u00e9ben megrendezett <strong>\u201eKultur\u00e1lis \u00f6r\u00f6ks\u00e9g mint turisztikai lehet\u0151s\u00e9g a turisztikai szolg\u00e1ltat\u00f3k sz\u00e1m\u00e1ra\u201d<\/strong> c\u00edm\u0171 workshopra, amely <strong>2026. \u00e1prilis 29-\u00e9n 10.00 \u00f3rakor ker\u00fcl megrendez\u00e9sre a szentgotth\u00e1rdi Szlov\u00e9nek H\u00e1za ki\u00e1ll\u00edt\u00f3term\u00e9ben<\/strong>. A program sor\u00e1n bemutatjuk a GU\u010cIMO projektet, majd ir\u00e1ny\u00edtott besz\u00e9lget\u00e9st tartunk a R\u00e1ba-vid\u00e9k(Porabje) \u00e9s a Muravid\u00e9k turisztikai k\u00edn\u00e1lat\u00e1r\u00f3l. A r\u00e9sztvev\u0151k megoszthatj\u00e1k saj\u00e1t elk\u00e9pzel\u00e9seiket a projektben val\u00f3 szerep\u00fckr\u0151l, \u00e9s k\u00e9rd\u0151\u00edvet is kit\u00f6ltenek. Ezt k\u00f6vet\u0151en vend\u00e9gl\u00e1t\u00e1ssal egybek\u00f6t\u00f6tt sz\u00fcnet k\u00f6vetkezik. A program z\u00e1r\u00e1sak\u00e9nt Art\u00far Ekler \u201eMi\u00e9nk (Muravid\u00e9k \u00e9s R\u00e1ba-vid\u00e9k)\u201d c\u00edm\u0171 fot\u00f3ki\u00e1ll\u00edt\u00e1s\u00e1nak megnyit\u00f3ja \u00e9s megtekint\u00e9se lesz.<\/p>\n<p>A r\u00e9szv\u00e9tel ingyenes. Jelentkezni Lilla Bug\u00e1nn\u00e1l lehet a fasching.lilla@gmail.com e-mail c\u00edmen vagy a +36 30 386 0861 telefonsz\u00e1mon.<\/p>\n<p><a href=\"http:\/\/www.si-hu.eu\/2127\/wp-content\/uploads\/sites\/14\/2026\/04\/GUCIMO_Vabilo_Meghivo_29_04_2026.pdf.pdf\"><strong>MEGH\u00cdV\u00d3<\/strong><\/a><\/p>\n<\/div><style type=\"text\/css\">.fusion-gallery-1 .fusion-gallery-image {border:0px solid #e2e2e2;}<\/style><div class=\"fusion-gallery fusion-gallery-container fusion-grid-3 fusion-columns-total-0 fusion-gallery-layout-grid fusion-gallery-1\" style=\"margin:-5px;\"><\/div><\/div><style type=\"text\/css\">.fusion-body .fusion-builder-column-0{width:100% !important;margin-top : 0px;margin-bottom : 0px;}.fusion-builder-column-0 > .fusion-column-wrapper {padding-top : 0px !important;padding-right : 0px !important;margin-right : 1.92%;padding-bottom : 0px !important;padding-left : 0px !important;margin-left : 1.92%;}@media only screen and (max-width:1024px) {.fusion-body .fusion-builder-column-0{width:100% !important;}.fusion-builder-column-0 > .fusion-column-wrapper {margin-right : 1.92%;margin-left : 1.92%;}}@media only screen and (max-width:640px) {.fusion-body .fusion-builder-column-0{width:100% !important;}.fusion-builder-column-0 > .fusion-column-wrapper {margin-right : 1.92%;margin-left : 1.92%;}}<\/style><\/div><\/div><style type=\"text\/css\">.fusion-body .fusion-flex-container.fusion-builder-row-1{ padding-top : 0px;margin-top : 0px;padding-right : 0px;padding-bottom : 0px;margin-bottom : 0px;padding-left : 0px;}<\/style><\/div>\n","protected":false},"excerpt":{"rendered":"<p>Szeretettel v\u00e1rjuk a GU\u010cIMO projekt workshopj\u00e1ra, amely a kultur\u00e1lis \u00f6r\u00f6ks\u00e9g \u00e9s a turizmus kapcsolat\u00e1t vizsg\u00e1lja. Az esem\u00e9nyre 2026. \u00e1prilis 29-\u00e9n Szentgotth\u00e1rdon ker\u00fcl sor, besz\u00e9lget\u00e9ssel \u00e9s fot\u00f3ki\u00e1ll\u00edt\u00e1s-megnyit\u00f3val egybek\u00f6tve<\/p>\n","protected":false},"author":19,"featured_media":18431,"comment_status":"open","ping_status":"open","sticky":false,"template":"","format":"standard","meta":{"ngg_post_thumbnail":0},"categories":[77,79,149],"tags":[],"_links":{"self":[{"href":"http:\/\/www.si-hu.eu\/2127\/hu\/wp-json\/wp\/v2\/posts\/18425"}],"collection":[{"href":"http:\/\/www.si-hu.eu\/2127\/hu\/wp-json\/wp\/v2\/posts"}],"about":[{"href":"http:\/\/www.si-hu.eu\/2127\/hu\/wp-json\/wp\/v2\/types\/post"}],"author":[{"embeddable":true,"href":"http:\/\/www.si-hu.eu\/2127\/hu\/wp-json\/wp\/v2\/users\/19"}],"replies":[{"embeddable":true,"href":"http:\/\/www.si-hu.eu\/2127\/hu\/wp-json\/wp\/v2\/comments?post=18425"}],"version-history":[{"count":1,"href":"http:\/\/www.si-hu.eu\/2127\/hu\/wp-json\/wp\/v2\/posts\/18425\/revisions"}],"predecessor-version":[{"id":18438,"href":"http:\/\/www.si-hu.eu\/2127\/hu\/wp-json\/wp\/v2\/posts\/18425\/revisions\/18438"}],"wp:featuredmedia":[{"embeddable":true,"href":"http:\/\/www.si-hu.eu\/2127\/hu\/wp-json\/wp\/v2\/media\/18431"}],"wp:attachment":[{"href":"http:\/\/www.si-hu.eu\/2127\/hu\/wp-json\/wp\/v2\/media?parent=18425"}],"wp:term":[{"taxonomy":"category","embeddable":true,"href":"http:\/\/www.si-hu.eu\/2127\/hu\/wp-json\/wp\/v2\/categories?post=18425"},{"taxonomy":"post_tag","embeddable":true,"href":"http:\/\/www.si-hu.eu\/2127\/hu\/wp-json\/wp\/v2\/tags?post=18425"}],"curies":[{"name":"wp","href":"https:\/\/api.w.org\/{rel}","templated":true}]}}