{"id":18521,"date":"2026-04-27T12:50:27","date_gmt":"2026-04-27T10:50:27","guid":{"rendered":"http:\/\/www.si-hu.eu\/2127\/?p=18521"},"modified":"2026-04-27T12:50:27","modified_gmt":"2026-04-27T10:50:27","slug":"houses-to-go-1-aktivizalo-rendezveny","status":"publish","type":"post","link":"http:\/\/www.si-hu.eu\/2127\/hu\/2026\/04\/27\/houses-to-go-1-aktivizalo-rendezveny\/","title":{"rendered":"HOUSES to go \u2013 1. aktiviz\u00e1l\u00f3 rendezv\u00e9ny"},"content":{"rendered":"<div class=\"fusion-fullwidth fullwidth-box fusion-builder-row-1 fusion-flex-container nonhundred-percent-fullwidth non-hundred-percent-height-scrolling\" style=\"background-color: rgba(255,255,255,0);background-position: center center;background-repeat: no-repeat;border-width: 0px 0px 0px 0px;border-color:#e2e2e2;border-style:solid;\" ><div class=\"fusion-builder-row fusion-row fusion-flex-align-items-flex-start\" style=\"max-width:1248px;margin-left: calc(-4% \/ 2 );margin-right: calc(-4% \/ 2 );\"><div class=\"fusion-layout-column fusion_builder_column fusion-builder-column-0 fusion_builder_column_1_1 1_1 fusion-flex-column\"><div class=\"fusion-column-wrapper fusion-flex-justify-content-flex-start fusion-content-layout-column\" style=\"background-position:left top;background-repeat:no-repeat;-webkit-background-size:cover;-moz-background-size:cover;-o-background-size:cover;background-size:cover;padding: 0px 0px 0px 0px;\"><div class=\"fusion-text fusion-text-1\"><p><a href=\"http:\/\/www.si-hu.eu\/2127\/hu\/p2_houses-to-go_home\/\"><img class=\"size-medium wp-image-15776 alignnone\" src=\"http:\/\/www.si-hu.eu\/2127\/wp-content\/uploads\/sites\/14\/2025\/11\/HOUSES-to-go-Project-logo-Slovenia-Hungary_bilingual_color-500x258.jpg\" alt=\"\" width=\"500\" height=\"258\" srcset=\"http:\/\/www.si-hu.eu\/2127\/wp-content\/uploads\/sites\/14\/2025\/11\/HOUSES-to-go-Project-logo-Slovenia-Hungary_bilingual_color-200x103.jpg 200w, http:\/\/www.si-hu.eu\/2127\/wp-content\/uploads\/sites\/14\/2025\/11\/HOUSES-to-go-Project-logo-Slovenia-Hungary_bilingual_color-400x206.jpg 400w, http:\/\/www.si-hu.eu\/2127\/wp-content\/uploads\/sites\/14\/2025\/11\/HOUSES-to-go-Project-logo-Slovenia-Hungary_bilingual_color-500x258.jpg 500w, http:\/\/www.si-hu.eu\/2127\/wp-content\/uploads\/sites\/14\/2025\/11\/HOUSES-to-go-Project-logo-Slovenia-Hungary_bilingual_color-600x310.jpg 600w, http:\/\/www.si-hu.eu\/2127\/wp-content\/uploads\/sites\/14\/2025\/11\/HOUSES-to-go-Project-logo-Slovenia-Hungary_bilingual_color-768x396.jpg 768w, http:\/\/www.si-hu.eu\/2127\/wp-content\/uploads\/sites\/14\/2025\/11\/HOUSES-to-go-Project-logo-Slovenia-Hungary_bilingual_color-800x413.jpg 800w, http:\/\/www.si-hu.eu\/2127\/wp-content\/uploads\/sites\/14\/2025\/11\/HOUSES-to-go-Project-logo-Slovenia-Hungary_bilingual_color-1024x529.jpg 1024w, http:\/\/www.si-hu.eu\/2127\/wp-content\/uploads\/sites\/14\/2025\/11\/HOUSES-to-go-Project-logo-Slovenia-Hungary_bilingual_color-1200x619.jpg 1200w, http:\/\/www.si-hu.eu\/2127\/wp-content\/uploads\/sites\/14\/2025\/11\/HOUSES-to-go-Project-logo-Slovenia-Hungary_bilingual_color-1536x793.jpg 1536w\" sizes=\"(max-width: 500px) 100vw, 500px\" \/><\/a><\/p>\n<p>A \u201eHOUSES to go\u201d projekt keret\u00e9ben kett\u0151 aktiviz\u00e1l\u00f3 rendezv\u00e9ny megtart\u00e1s\u00e1ra ker\u00fcl sor, melyek c\u00e9lja, a projekt keret\u00e9ben megszervez\u00e9sre ker\u00fcl\u0151 tematikus pilot rendezv\u00e9nyekre val\u00f3 felk\u00e9sz\u00fcl\u00e9s, a rendezv\u00e9nyek t\u00e1jh\u00e1zakkal egy\u00fcttm\u0171k\u00f6d\u00e9sben t\u00f6rt\u00e9n\u0151 el\u0151k\u00e9sz\u00edt\u00e9se, az egy\u00fcttm\u0171k\u00f6d\u00e9s ir\u00e1nyainak meghat\u00e1roz\u00e1sa \u00e9s a partners\u00e9g\u00e9p\u00edt\u00e9s el\u0151seg\u00edt\u00e9se a t\u00e1jh\u00e1zak k\u00f6z\u00f6tt. Az els\u0151 aktiviz\u00e1l\u00f3 rendezv\u00e9nyre 2026. m\u00e1jus 6-\u00e1n, szerd\u00e1n ker\u00fcl sor az Oszk\u00f3 Sz\u0151l\u0151hegyen, a Hegyp\u00e1sztor pinc\u00e9k ter\u00fclet\u00e9n (koordin\u00e1ta: 47.04383, 16.90298).<\/p>\n<p>A rendezv\u00e9ny regisztr\u00e1ci\u00f3val \u00e9s k\u00f6sz\u00f6nt\u0151vel indul, majd a projekt \u00e1ttekint\u00e9se \u00e9s a kapcsol\u00f3d\u00f3 marketingtev\u00e9kenys\u00e9gek ismertet\u00e9se k\u00f6vetkezik. Ezt k\u00f6vet\u0151en a t\u00e1jh\u00e1zak bemutatkoz\u00e1s\u00e1ra ker\u00fcl sor, amely a tapasztalatcsere \u00e9s a h\u00e1l\u00f3zatosod\u00e1s szempontj\u00e1b\u00f3l is kiemelt jelent\u0151s\u00e9g\u0171. A program eb\u00e9dsz\u00fcnetet k\u00f6vet\u0151en a rendezv\u00e9nyfelh\u00edv\u00e1sok t\u00e9m\u00e1inak ismertet\u00e9s\u00e9vel, valamint a megval\u00f3s\u00edt\u00e1si terv szakmai \u00e1ttekint\u00e9s\u00e9vel \u00e9s k\u00f6z\u00f6s feldolgoz\u00e1s\u00e1val folytat\u00f3dik. A d\u00e9lut\u00e1n m\u00e1sodik fel\u00e9ben a r\u00e9sztvev\u0151k megtekintik a Hegyp\u00e1sztor pinc\u00e9ket, majd fakultat\u00edv program keret\u00e9ben a Hegyh\u00e1tszentp\u00e9teri t\u00e1jh\u00e1z felfedez\u00e9s\u00e9re is lehet\u0151s\u00e9g ny\u00edlik. A program hozz\u00e1j\u00e1rul a projektben r\u00e9szt vev\u0151 partnerek k\u00f6z\u00f6tti szakmai kapcsolatok elm\u00e9ly\u00edt\u00e9s\u00e9hez, valamint a k\u00e9s\u0151bbi k\u00f6z\u00f6s tev\u00e9kenys\u00e9gek sikeres megval\u00f3s\u00edt\u00e1s\u00e1hoz.<\/p>\n<p><a href=\"http:\/\/www.si-hu.eu\/2127\/wp-content\/uploads\/sites\/14\/2026\/04\/Meghivo_1.-Aktivizalo-rendezveny_Houses-to-go.pdf\"><strong>MEGH\u00cdV\u00d3<\/strong><\/a><\/p>\n<\/div><style type=\"text\/css\">.fusion-gallery-1 .fusion-gallery-image {border:0px solid #e2e2e2;}<\/style><div class=\"fusion-gallery fusion-gallery-container fusion-grid-3 fusion-columns-total-0 fusion-gallery-layout-grid fusion-gallery-1\" style=\"margin:-5px;\"><\/div><\/div><style type=\"text\/css\">.fusion-body .fusion-builder-column-0{width:100% !important;margin-top : 0px;margin-bottom : 0px;}.fusion-builder-column-0 > .fusion-column-wrapper {padding-top : 0px !important;padding-right : 0px !important;margin-right : 1.92%;padding-bottom : 0px !important;padding-left : 0px !important;margin-left : 1.92%;}@media only screen and (max-width:1024px) {.fusion-body .fusion-builder-column-0{width:100% !important;}.fusion-builder-column-0 > .fusion-column-wrapper {margin-right : 1.92%;margin-left : 1.92%;}}@media only screen and (max-width:640px) {.fusion-body .fusion-builder-column-0{width:100% !important;}.fusion-builder-column-0 > .fusion-column-wrapper {margin-right : 1.92%;margin-left : 1.92%;}}<\/style><\/div><\/div><style type=\"text\/css\">.fusion-body .fusion-flex-container.fusion-builder-row-1{ padding-top : 0px;margin-top : 0px;padding-right : 0px;padding-bottom : 0px;margin-bottom : 0px;padding-left : 0px;}<\/style><\/div>\n","protected":false},"excerpt":{"rendered":"<p>A \u201eHOUSES to go\u201d projekt keret\u00e9ben kett\u0151 aktiviz\u00e1l\u00f3 rendezv\u00e9ny megtart\u00e1s\u00e1ra ker\u00fcl sor. Az els\u0151 aktiviz\u00e1l\u00f3 rendezv\u00e9nyre 2026. m\u00e1jus 6-\u00e1n, szerd\u00e1n ker\u00fcl sor az Oszk\u00f3 Sz\u0151l\u0151hegyen, a Hegyp\u00e1sztor pinc\u00e9k ter\u00fclet\u00e9n. <\/p>\n","protected":false},"author":19,"featured_media":18530,"comment_status":"open","ping_status":"open","sticky":false,"template":"","format":"standard","meta":{"ngg_post_thumbnail":0},"categories":[77,79,116],"tags":[],"_links":{"self":[{"href":"http:\/\/www.si-hu.eu\/2127\/hu\/wp-json\/wp\/v2\/posts\/18521"}],"collection":[{"href":"http:\/\/www.si-hu.eu\/2127\/hu\/wp-json\/wp\/v2\/posts"}],"about":[{"href":"http:\/\/www.si-hu.eu\/2127\/hu\/wp-json\/wp\/v2\/types\/post"}],"author":[{"embeddable":true,"href":"http:\/\/www.si-hu.eu\/2127\/hu\/wp-json\/wp\/v2\/users\/19"}],"replies":[{"embeddable":true,"href":"http:\/\/www.si-hu.eu\/2127\/hu\/wp-json\/wp\/v2\/comments?post=18521"}],"version-history":[{"count":1,"href":"http:\/\/www.si-hu.eu\/2127\/hu\/wp-json\/wp\/v2\/posts\/18521\/revisions"}],"predecessor-version":[{"id":18533,"href":"http:\/\/www.si-hu.eu\/2127\/hu\/wp-json\/wp\/v2\/posts\/18521\/revisions\/18533"}],"wp:featuredmedia":[{"embeddable":true,"href":"http:\/\/www.si-hu.eu\/2127\/hu\/wp-json\/wp\/v2\/media\/18530"}],"wp:attachment":[{"href":"http:\/\/www.si-hu.eu\/2127\/hu\/wp-json\/wp\/v2\/media?parent=18521"}],"wp:term":[{"taxonomy":"category","embeddable":true,"href":"http:\/\/www.si-hu.eu\/2127\/hu\/wp-json\/wp\/v2\/categories?post=18521"},{"taxonomy":"post_tag","embeddable":true,"href":"http:\/\/www.si-hu.eu\/2127\/hu\/wp-json\/wp\/v2\/tags?post=18521"}],"curies":[{"name":"wp","href":"https:\/\/api.w.org\/{rel}","templated":true}]}}