{"id":18625,"date":"2026-04-28T12:01:58","date_gmt":"2026-04-28T10:01:58","guid":{"rendered":"http:\/\/www.si-hu.eu\/2127\/?p=18625"},"modified":"2026-04-28T12:01:58","modified_gmt":"2026-04-28T10:01:58","slug":"elkeszult-az-oshonos-es-hagyomanyos-novenyek-jegyzeke","status":"publish","type":"post","link":"http:\/\/www.si-hu.eu\/2127\/hu\/2026\/04\/28\/elkeszult-az-oshonos-es-hagyomanyos-novenyek-jegyzeke\/","title":{"rendered":"Elk\u00e9sz\u00fclt az \u0151shonos \u00e9s hagyom\u00e1nyos n\u00f6v\u00e9nyek jegyz\u00e9ke"},"content":{"rendered":"<div class=\"fusion-fullwidth fullwidth-box fusion-builder-row-1 fusion-flex-container nonhundred-percent-fullwidth non-hundred-percent-height-scrolling\" style=\"background-color: rgba(255,255,255,0);background-position: center center;background-repeat: no-repeat;border-width: 0px 0px 0px 0px;border-color:#e2e2e2;border-style:solid;\" ><div class=\"fusion-builder-row fusion-row fusion-flex-align-items-flex-start\" style=\"max-width:1248px;margin-left: calc(-4% \/ 2 );margin-right: calc(-4% \/ 2 );\"><div class=\"fusion-layout-column fusion_builder_column fusion-builder-column-0 fusion_builder_column_1_1 1_1 fusion-flex-column\"><div class=\"fusion-column-wrapper fusion-flex-justify-content-flex-start fusion-content-layout-column\" style=\"background-position:left top;background-repeat:no-repeat;-webkit-background-size:cover;-moz-background-size:cover;-o-background-size:cover;background-size:cover;padding: 0px 0px 0px 0px;\"><div class=\"fusion-text fusion-text-1\"><p><a href=\"http:\/\/www.si-hu.eu\/2127\/hu\/p1_pannonian-pg_home\/\"><img class=\"size-medium wp-image-15851 alignnone\" src=\"http:\/\/www.si-hu.eu\/2127\/wp-content\/uploads\/sites\/14\/2025\/11\/Pannonian-PG-Project-logo-Slovenia-Hungary_bilingual_color-500x258.jpg\" alt=\"\" width=\"500\" height=\"258\" srcset=\"http:\/\/www.si-hu.eu\/2127\/wp-content\/uploads\/sites\/14\/2025\/11\/Pannonian-PG-Project-logo-Slovenia-Hungary_bilingual_color-200x103.jpg 200w, http:\/\/www.si-hu.eu\/2127\/wp-content\/uploads\/sites\/14\/2025\/11\/Pannonian-PG-Project-logo-Slovenia-Hungary_bilingual_color-400x206.jpg 400w, http:\/\/www.si-hu.eu\/2127\/wp-content\/uploads\/sites\/14\/2025\/11\/Pannonian-PG-Project-logo-Slovenia-Hungary_bilingual_color-500x258.jpg 500w, http:\/\/www.si-hu.eu\/2127\/wp-content\/uploads\/sites\/14\/2025\/11\/Pannonian-PG-Project-logo-Slovenia-Hungary_bilingual_color-600x310.jpg 600w, http:\/\/www.si-hu.eu\/2127\/wp-content\/uploads\/sites\/14\/2025\/11\/Pannonian-PG-Project-logo-Slovenia-Hungary_bilingual_color-768x396.jpg 768w, http:\/\/www.si-hu.eu\/2127\/wp-content\/uploads\/sites\/14\/2025\/11\/Pannonian-PG-Project-logo-Slovenia-Hungary_bilingual_color-800x413.jpg 800w, http:\/\/www.si-hu.eu\/2127\/wp-content\/uploads\/sites\/14\/2025\/11\/Pannonian-PG-Project-logo-Slovenia-Hungary_bilingual_color-1024x529.jpg 1024w, http:\/\/www.si-hu.eu\/2127\/wp-content\/uploads\/sites\/14\/2025\/11\/Pannonian-PG-Project-logo-Slovenia-Hungary_bilingual_color-1200x619.jpg 1200w, http:\/\/www.si-hu.eu\/2127\/wp-content\/uploads\/sites\/14\/2025\/11\/Pannonian-PG-Project-logo-Slovenia-Hungary_bilingual_color-1536x793.jpg 1536w\" sizes=\"(max-width: 500px) 100vw, 500px\" \/><\/a><\/p>\n<p>A projekt egyik fontos szakmai eredm\u00e9nyek\u00e9nt elk\u00e9sz\u00fclt az \u0151shonos \u00e9s hagyom\u00e1nyos n\u00f6v\u00e9nyek jegyz\u00e9ke (fajlista), amelyet a Pannon Egyetem \u00e1ll\u00edtott \u00f6ssze. A dokumentum a magyar\u2013szlov\u00e9n hat\u00e1rmenti t\u00e9rs\u00e9g n\u00f6v\u00e9nyi \u00f6r\u00f6ks\u00e9g\u00e9nek azon elemeit rendszerezi \u00e9s mutatja be, amelyek a projekt c\u00e9lkit\u0171z\u00e9sei szempontj\u00e1b\u00f3l relev\u00e1nsak.<\/p>\n<p><a href=\"http:\/\/www.si-hu.eu\/2127\/wp-content\/uploads\/sites\/14\/2026\/04\/D.1.2.2_HU-1.xlsx\"><strong>\u0150shonos \u00e9s hagyom\u00e1nyos n\u00f6v\u00e9nyek jegyz\u00e9ke a hat\u00e1ron \u00e1tny\u00fal\u00f3 t\u00e9rs\u00e9gben<\/strong><\/a><\/p>\n<p>A fajlista c\u00e9lja, hogy bemutassa azokat a n\u00f6v\u00e9nyfajokat, amelyek hossz\u00fa id\u0151 alatt alkalmazkodtak a helyi k\u00f6rnyezeti felt\u00e9telekhez, \u00e9s fontos szerepet t\u00f6ltenek be a biol\u00f3giai sokf\u00e9les\u00e9g meg\u0151rz\u00e9s\u00e9ben. A jegyz\u00e9k egy olyan szakmai alapot jelent, amely t\u00e1mogatja a fenntarthat\u00f3 gazd\u00e1lkod\u00e1si gyakorlatok er\u0151s\u00edt\u00e9s\u00e9t \u00e9s a helyi \u00e9rt\u00e9kek tudatosabb hasznos\u00edt\u00e1s\u00e1t.<\/p>\n<p>Az \u00f6ssze\u00e1ll\u00edtott anyag t\u00f6bb n\u00f6v\u00e9nycsoportot is \u00e9rint, t\u00f6bbek k\u00f6z\u00f6tt gy\u00f3gyn\u00f6v\u00e9nyeket, f\u0171szern\u00f6v\u00e9nyeket, z\u00f6lds\u00e9geket, gy\u00fcm\u00f6lcsfajokat \u00e9s gabon\u00e1kat. Ezek a fajok nemcsak \u00f6kol\u00f3giai szempontb\u00f3l \u00e9rt\u00e9kesek, hanem szorosan kapcsol\u00f3dnak a t\u00e9rs\u00e9g hagyom\u00e1nyaihoz \u00e9s gasztron\u00f3mi\u00e1j\u00e1hoz is.<\/p>\n<p>A fajlista a projekt tov\u00e1bbi tev\u00e9kenys\u00e9geinek is fontos alapj\u00e1t k\u00e9pezi: a kiv\u00e1lasztott n\u00f6v\u00e9nyek egy r\u00e9sz\u00e9t a k\u00eds\u00e9rleti tanul\u00f3kertekben \u00fcltetik, m\u00edg m\u00e1s fajokat a biodiverzit\u00e1s-bar\u00e1t k\u00f6z\u00f6s term\u00e9kek tervez\u00e9s\u00e9hez haszn\u00e1lnak fel. A fajlista \u00f6ssze\u00e1ll\u00edt\u00e1sa hozz\u00e1j\u00e1rul a projekt szakmai megalapoz\u00e1s\u00e1hoz, \u00e9s seg\u00edti, hogy a tov\u00e1bbi fejleszt\u00e9sek \u2013 a kertek kialak\u00edt\u00e1sa \u00e9s a term\u00e9kfejleszt\u00e9s \u2013 tudatosan, a helyi adotts\u00e1gokra \u00e9p\u00edtve val\u00f3suljanak meg.<\/p>\n<\/div><style type=\"text\/css\">.fusion-gallery-1 .fusion-gallery-image {border:0px solid #e2e2e2;}<\/style><div class=\"fusion-gallery fusion-gallery-container fusion-grid-3 fusion-columns-total-0 fusion-gallery-layout-grid fusion-gallery-1\" style=\"margin:-5px;\"><\/div><\/div><style type=\"text\/css\">.fusion-body .fusion-builder-column-0{width:100% !important;margin-top : 0px;margin-bottom : 0px;}.fusion-builder-column-0 > .fusion-column-wrapper {padding-top : 0px !important;padding-right : 0px !important;margin-right : 1.92%;padding-bottom : 0px !important;padding-left : 0px !important;margin-left : 1.92%;}@media only screen and (max-width:1024px) {.fusion-body .fusion-builder-column-0{width:100% !important;}.fusion-builder-column-0 > .fusion-column-wrapper {margin-right : 1.92%;margin-left : 1.92%;}}@media only screen and (max-width:640px) {.fusion-body .fusion-builder-column-0{width:100% !important;}.fusion-builder-column-0 > .fusion-column-wrapper {margin-right : 1.92%;margin-left : 1.92%;}}<\/style><\/div><\/div><style type=\"text\/css\">.fusion-body .fusion-flex-container.fusion-builder-row-1{ padding-top : 0px;margin-top : 0px;padding-right : 0px;padding-bottom : 0px;margin-bottom : 0px;padding-left : 0px;}<\/style><\/div>\n","protected":false},"excerpt":{"rendered":"<p>Elk\u00e9sz\u00fclt a Pannonian P&#038;G projekt keret\u00e9ben az \u0151shonos \u00e9s hagyom\u00e1nyos n\u00f6v\u00e9nyek jegyz\u00e9ke, amely a hat\u00e1ron \u00e1tny\u00fal\u00f3 t\u00e9rs\u00e9g biodiverzit\u00e1s\u00e1nak meg\u0151rz\u00e9s\u00e9t \u00e9s a fenntarthat\u00f3 hasznos\u00edt\u00e1st t\u00e1mogatja.<\/p>\n","protected":false},"author":19,"featured_media":18640,"comment_status":"open","ping_status":"open","sticky":false,"template":"","format":"standard","meta":{"ngg_post_thumbnail":0},"categories":[77,79,117],"tags":[],"_links":{"self":[{"href":"http:\/\/www.si-hu.eu\/2127\/hu\/wp-json\/wp\/v2\/posts\/18625"}],"collection":[{"href":"http:\/\/www.si-hu.eu\/2127\/hu\/wp-json\/wp\/v2\/posts"}],"about":[{"href":"http:\/\/www.si-hu.eu\/2127\/hu\/wp-json\/wp\/v2\/types\/post"}],"author":[{"embeddable":true,"href":"http:\/\/www.si-hu.eu\/2127\/hu\/wp-json\/wp\/v2\/users\/19"}],"replies":[{"embeddable":true,"href":"http:\/\/www.si-hu.eu\/2127\/hu\/wp-json\/wp\/v2\/comments?post=18625"}],"version-history":[{"count":1,"href":"http:\/\/www.si-hu.eu\/2127\/hu\/wp-json\/wp\/v2\/posts\/18625\/revisions"}],"predecessor-version":[{"id":18644,"href":"http:\/\/www.si-hu.eu\/2127\/hu\/wp-json\/wp\/v2\/posts\/18625\/revisions\/18644"}],"wp:featuredmedia":[{"embeddable":true,"href":"http:\/\/www.si-hu.eu\/2127\/hu\/wp-json\/wp\/v2\/media\/18640"}],"wp:attachment":[{"href":"http:\/\/www.si-hu.eu\/2127\/hu\/wp-json\/wp\/v2\/media?parent=18625"}],"wp:term":[{"taxonomy":"category","embeddable":true,"href":"http:\/\/www.si-hu.eu\/2127\/hu\/wp-json\/wp\/v2\/categories?post=18625"},{"taxonomy":"post_tag","embeddable":true,"href":"http:\/\/www.si-hu.eu\/2127\/hu\/wp-json\/wp\/v2\/tags?post=18625"}],"curies":[{"name":"wp","href":"https:\/\/api.w.org\/{rel}","templated":true}]}}