{"id":20883,"date":"2026-09-01T13:19:13","date_gmt":"2026-09-01T11:19:13","guid":{"rendered":"http:\/\/www.si-hu.eu\/2127\/?p=20883"},"modified":"2026-09-01T13:19:13","modified_gmt":"2026-09-01T11:19:13","slug":"tajekoztatas-az-uj-altalanos-e-mail-cimrol","status":"publish","type":"post","link":"http:\/\/www.si-hu.eu\/2127\/hu\/2026\/09\/01\/tajekoztatas-az-uj-altalanos-e-mail-cimrol\/","title":{"rendered":"T\u00e1j\u00e9koztat\u00e1s az \u00faj \u00e1ltal\u00e1nos e-mail c\u00edmr\u0151l"},"content":{"rendered":"<p><img class=\"size-medium wp-image-20889 alignright\" src=\"http:\/\/www.si-hu.eu\/2127\/wp-content\/uploads\/sites\/14\/2026\/09\/Information-SIHU-500x419.png\" alt=\"\" width=\"500\" height=\"419\" srcset=\"http:\/\/www.si-hu.eu\/2127\/wp-content\/uploads\/sites\/14\/2026\/09\/Information-SIHU-200x168.png 200w, http:\/\/www.si-hu.eu\/2127\/wp-content\/uploads\/sites\/14\/2026\/09\/Information-SIHU-400x335.png 400w, http:\/\/www.si-hu.eu\/2127\/wp-content\/uploads\/sites\/14\/2026\/09\/Information-SIHU-500x419.png 500w, http:\/\/www.si-hu.eu\/2127\/wp-content\/uploads\/sites\/14\/2026\/09\/Information-SIHU-600x503.png 600w, http:\/\/www.si-hu.eu\/2127\/wp-content\/uploads\/sites\/14\/2026\/09\/Information-SIHU-768x644.png 768w, http:\/\/www.si-hu.eu\/2127\/wp-content\/uploads\/sites\/14\/2026\/09\/Information-SIHU-800x671.png 800w, http:\/\/www.si-hu.eu\/2127\/wp-content\/uploads\/sites\/14\/2026\/09\/Information-SIHU.png 940w\" sizes=\"(max-width: 500px) 100vw, 500px\" \/>T\u00e1j\u00e9koztatjuk \u00d6n\u00f6ket, hogy a miniszt\u00e9riumok \u00e1tszervez\u00e9se miatt e-mail c\u00edm\u00fcnk megv\u00e1ltozott.<\/p>\n<p>K\u00e9rj\u00fck, hogy minden tov\u00e1bbi levelez\u00e9st az \u00faj \u00e1ltal\u00e1nos e-mail c\u00edmre k\u00fcldjenek:<\/p>\n<p><strong><a href=\"mailto:si-hu.mlskrr@gov.si\">si-hu.mlskrr@gov.si<\/a> <\/strong><\/p>\n<p>K\u00e9rj\u00fck, hogy a j\u00f6v\u0151beni levelez\u00e9s sor\u00e1n vegy\u00e9k figyelembe ezt a v\u00e1ltoz\u00e1st, \u00e9s ennek megfelel\u0151en friss\u00edts\u00e9k adataikat, mivel a kor\u00e1bbi e-mail c\u00edm m\u00e1r nem lesz akt\u00edv.<\/p>\n<p>K\u00f6sz\u00f6nj\u00fck meg\u00e9rt\u00e9s\u00fcket \u00e9s egy\u00fcttm\u0171k\u00f6d\u00e9s\u00fcket.<\/p>\n<p><em>Ir\u00e1ny\u00edt\u00f3 Hat\u00f3s\u00e1g \/ K\u00f6z\u00f6s Titk\u00e1rs\u00e1g<\/em><\/p>\n","protected":false},"excerpt":{"rendered":"<p>T\u00e1j\u00e9koztatjuk \u00d6n\u00f6ket, hogy a miniszt\u00e9riumok \u00e1tszervez\u00e9se miatt e-mail c\u00edm\u00fcnk megv\u00e1ltozott.<\/p>\n","protected":false},"author":19,"featured_media":20889,"comment_status":"open","ping_status":"open","sticky":false,"template":"","format":"standard","meta":{"ngg_post_thumbnail":0},"categories":[83,75],"tags":[],"_links":{"self":[{"href":"http:\/\/www.si-hu.eu\/2127\/hu\/wp-json\/wp\/v2\/posts\/20883"}],"collection":[{"href":"http:\/\/www.si-hu.eu\/2127\/hu\/wp-json\/wp\/v2\/posts"}],"about":[{"href":"http:\/\/www.si-hu.eu\/2127\/hu\/wp-json\/wp\/v2\/types\/post"}],"author":[{"embeddable":true,"href":"http:\/\/www.si-hu.eu\/2127\/hu\/wp-json\/wp\/v2\/users\/19"}],"replies":[{"embeddable":true,"href":"http:\/\/www.si-hu.eu\/2127\/hu\/wp-json\/wp\/v2\/comments?post=20883"}],"version-history":[{"count":1,"href":"http:\/\/www.si-hu.eu\/2127\/hu\/wp-json\/wp\/v2\/posts\/20883\/revisions"}],"predecessor-version":[{"id":20893,"href":"http:\/\/www.si-hu.eu\/2127\/hu\/wp-json\/wp\/v2\/posts\/20883\/revisions\/20893"}],"wp:featuredmedia":[{"embeddable":true,"href":"http:\/\/www.si-hu.eu\/2127\/hu\/wp-json\/wp\/v2\/media\/20889"}],"wp:attachment":[{"href":"http:\/\/www.si-hu.eu\/2127\/hu\/wp-json\/wp\/v2\/media?parent=20883"}],"wp:term":[{"taxonomy":"category","embeddable":true,"href":"http:\/\/www.si-hu.eu\/2127\/hu\/wp-json\/wp\/v2\/categories?post=20883"},{"taxonomy":"post_tag","embeddable":true,"href":"http:\/\/www.si-hu.eu\/2127\/hu\/wp-json\/wp\/v2\/tags?post=20883"}],"curies":[{"name":"wp","href":"https:\/\/api.w.org\/{rel}","templated":true}]}}