{"id":7782,"date":"2023-10-04T13:51:48","date_gmt":"2023-10-04T11:51:48","guid":{"rendered":"http:\/\/www.si-hu.eu\/2127\/?p=7782"},"modified":"2023-10-04T13:51:48","modified_gmt":"2023-10-04T11:51:48","slug":"standard-projektpalyazatok-benyujtasanak-masodik-hatarideje","status":"publish","type":"post","link":"http:\/\/www.si-hu.eu\/2127\/hu\/2023\/10\/04\/standard-projektpalyazatok-benyujtasanak-masodik-hatarideje\/","title":{"rendered":"Standard projektp\u00e1ly\u00e1zatok beny\u00fajt\u00e1s\u00e1nak m\u00e1sodik hat\u00e1rideje"},"content":{"rendered":"<p><img class=\"wp-image-7468 alignleft\" src=\"http:\/\/www.si-hu.eu\/2127\/wp-content\/uploads\/sites\/14\/2023\/09\/open-call-deadline_HU-375x500.jpg\" alt=\"\" width=\"270\" height=\"360\" srcset=\"http:\/\/www.si-hu.eu\/2127\/wp-content\/uploads\/sites\/14\/2023\/09\/open-call-deadline_HU-200x267.jpg 200w, http:\/\/www.si-hu.eu\/2127\/wp-content\/uploads\/sites\/14\/2023\/09\/open-call-deadline_HU-375x500.jpg 375w, http:\/\/www.si-hu.eu\/2127\/wp-content\/uploads\/sites\/14\/2023\/09\/open-call-deadline_HU-400x533.jpg 400w, http:\/\/www.si-hu.eu\/2127\/wp-content\/uploads\/sites\/14\/2023\/09\/open-call-deadline_HU-600x800.jpg 600w, http:\/\/www.si-hu.eu\/2127\/wp-content\/uploads\/sites\/14\/2023\/09\/open-call-deadline_HU-768x1024.jpg 768w, http:\/\/www.si-hu.eu\/2127\/wp-content\/uploads\/sites\/14\/2023\/09\/open-call-deadline_HU-800x1067.jpg 800w, http:\/\/www.si-hu.eu\/2127\/wp-content\/uploads\/sites\/14\/2023\/09\/open-call-deadline_HU-1152x1536.jpg 1152w, http:\/\/www.si-hu.eu\/2127\/wp-content\/uploads\/sites\/14\/2023\/09\/open-call-deadline_HU-1200x1600.jpg 1200w, http:\/\/www.si-hu.eu\/2127\/wp-content\/uploads\/sites\/14\/2023\/09\/open-call-deadline_HU-1536x2048.jpg 1536w, http:\/\/www.si-hu.eu\/2127\/wp-content\/uploads\/sites\/14\/2023\/09\/open-call-deadline_HU-scaled.jpg 1920w\" sizes=\"(max-width: 270px) 100vw, 270px\" \/><\/p>\n<p>T\u00e1j\u00e9koztatjuk, hogy a program keret\u00e9ben <strong>a standard projektjavaslatok beny\u00fajt\u00e1s\u00e1nak m\u00e1sodik hat\u00e1rideje 2024. janu\u00e1r 19-\u00e9n d\u00e9li 12 \u00f3rakor j\u00e1r le. <\/strong><\/p>\n<p>Az els\u0151 beny\u00fajt\u00e1si fordul\u00f3 keret\u00e9ben <strong>a 3. priorit\u00e1s \u2013 Egy\u00fcttm\u0171k\u00f6d\u0151 hat\u00e1rr\u00e9gi\u00f3\/Interreg-specifikus c\u00e9lkit\u0171z\u00e9s 3.1. keret\u00e9ben rendelkez\u00e9sre \u00e1ll\u00f3 valamennyi forr\u00e1st lek\u00f6t\u00f6tt\u00e9k<\/strong>, ez\u00e9rt a program Monitoring Bizotts\u00e1g\u00e1nak tagjai \u00fagy d\u00f6nt\u00f6ttek, hogy a 3. priorit\u00e1son bel\u00fcl ideiglenesen felf\u00fcggesztik a standard projektjavaslatok beny\u00fajt\u00e1s\u00e1t. Mindazon\u00e1ltal a program 1. \u00e9s 2. priorit\u00e1sa keret\u00e9ben tov\u00e1bbra is beny\u00fajthatnak standard projektjavaslatokat, ahol m\u00e9g rendelkez\u00e9sre \u00e1llnak forr\u00e1sok.<\/p>\n<p>Az IP SI-HU ny\u00edlt p\u00e1ly\u00e1zati felh\u00edv\u00e1sos rendszerben m\u0171k\u00f6dik. Ez azt jelenti, hogy a p\u00e1ly\u00e1z\u00f3k a standard projektekre vonatkoz\u00f3 ny\u00edlt p\u00e1ly\u00e1zati felh\u00edv\u00e1s megjelen\u00e9s\u00e9t k\u00f6vet\u0151en folyamatosan ny\u00fajthatnak be p\u00e1ly\u00e1zatokat mindaddig, am\u00edg a forr\u00e1sok rendelkez\u00e9sre \u00e1llnak. A standard projektekre vonatkoz\u00f3 ny\u00edlt p\u00e1ly\u00e1zati felh\u00edv\u00e1s \u00e9s a p\u00e1ly\u00e1zati csomag el\u00e9rhet\u0151 a program honlapj\u00e1n.<\/p>\n<p>&nbsp;<\/p>\n<p>T\u00e1j\u00e9koztatjuk tov\u00e1bb\u00e1, hogy <strong>november v\u00e9g\u00e9n ker\u00fcl sor a p\u00e1ly\u00e1z\u00f3k sz\u00e1m\u00e1ra a Szlov\u00e9nia-Magyarorsz\u00e1g Interreg program standard projektjeire vonatkoz\u00f3 ny\u00edlt p\u00e1ly\u00e1zati felh\u00edv\u00e1s keret\u00e9ben szervezett m\u00e1sodik workshopra<\/strong>, amely Szlov\u00e9ni\u00e1ban ker\u00fcl megrendez\u00e9sre.<\/p>\n<p>A workshop szervez\u00e9se lehet\u0151v\u00e9 teszi, hogy magyar \u00e9s szlov\u00e9n nyelv\u0171 potenci\u00e1lis p\u00e1ly\u00e1z\u00f3k is r\u00e9szt vehessenek (a tolm\u00e1csol\u00e1s biztos\u00edtott). A workshop pontos hely\u00e9re, id\u0151pontj\u00e1ra \u00e9s napirendj\u00e9re vonatkoz\u00f3 tov\u00e1bbi inform\u00e1ci\u00f3k\u00e9rt k\u00e9rj\u00fck, k\u00f6vesse a program weboldal\u00e1t, a program Facebook-oldal\u00e1t, vagy iratkozzon fel a program h\u00edrlevel\u00e9re a honlapon.<\/p>\n<p>Csatlakozzon hozz\u00e1nk \u00e9s ismerkedjen meg a program k\u00f6vetelm\u00e9nyeivel \u00e9s szab\u00e1lyaival egy j\u00f3 min\u0151s\u00e9g\u0171 projektjavaslat kidolgoz\u00e1sa \u00e9s elk\u00e9sz\u00edt\u00e9se \u00e9rdek\u00e9ben.<\/p>\n<p>Rem\u00e9lj\u00fck, hogy sikeres lesz, \u00e9s standard projektjavaslat\u00e1t pozit\u00edv elb\u00edr\u00e1l\u00e1sban r\u00e9szes\u00edtik!<\/p>\n<p>&nbsp;<\/p>\n<p>&nbsp;<\/p>\n","protected":false},"excerpt":{"rendered":"<p>T\u00e1j\u00e9koztatjuk, hogy a program keret\u00e9ben a standard projektjavaslatok beny\u00fajt\u00e1s\u00e1nak m\u00e1sodik hat\u00e1rideje 2024. janu\u00e1r 19-\u00e9n d\u00e9li 12 \u00f3rakor j\u00e1r le.<\/p>\n","protected":false},"author":19,"featured_media":7468,"comment_status":"open","ping_status":"open","sticky":false,"template":"","format":"standard","meta":{"ngg_post_thumbnail":0},"categories":[83,75],"tags":[],"_links":{"self":[{"href":"http:\/\/www.si-hu.eu\/2127\/hu\/wp-json\/wp\/v2\/posts\/7782"}],"collection":[{"href":"http:\/\/www.si-hu.eu\/2127\/hu\/wp-json\/wp\/v2\/posts"}],"about":[{"href":"http:\/\/www.si-hu.eu\/2127\/hu\/wp-json\/wp\/v2\/types\/post"}],"author":[{"embeddable":true,"href":"http:\/\/www.si-hu.eu\/2127\/hu\/wp-json\/wp\/v2\/users\/19"}],"replies":[{"embeddable":true,"href":"http:\/\/www.si-hu.eu\/2127\/hu\/wp-json\/wp\/v2\/comments?post=7782"}],"version-history":[{"count":3,"href":"http:\/\/www.si-hu.eu\/2127\/hu\/wp-json\/wp\/v2\/posts\/7782\/revisions"}],"predecessor-version":[{"id":7794,"href":"http:\/\/www.si-hu.eu\/2127\/hu\/wp-json\/wp\/v2\/posts\/7782\/revisions\/7794"}],"wp:featuredmedia":[{"embeddable":true,"href":"http:\/\/www.si-hu.eu\/2127\/hu\/wp-json\/wp\/v2\/media\/7468"}],"wp:attachment":[{"href":"http:\/\/www.si-hu.eu\/2127\/hu\/wp-json\/wp\/v2\/media?parent=7782"}],"wp:term":[{"taxonomy":"category","embeddable":true,"href":"http:\/\/www.si-hu.eu\/2127\/hu\/wp-json\/wp\/v2\/categories?post=7782"},{"taxonomy":"post_tag","embeddable":true,"href":"http:\/\/www.si-hu.eu\/2127\/hu\/wp-json\/wp\/v2\/tags?post=7782"}],"curies":[{"name":"wp","href":"https:\/\/api.w.org\/{rel}","templated":true}]}}