{"id":7869,"date":"2023-11-09T12:17:16","date_gmt":"2023-11-09T11:17:16","guid":{"rendered":"http:\/\/www.si-hu.eu\/2127\/?p=7869"},"modified":"2023-11-09T12:17:16","modified_gmt":"2023-11-09T11:17:16","slug":"masodik-workshop-a-standard-projektek-palyazati-felhivasanak-potencialis-palyazoi-szamara","status":"publish","type":"post","link":"http:\/\/www.si-hu.eu\/2127\/hu\/2023\/11\/09\/masodik-workshop-a-standard-projektek-palyazati-felhivasanak-potencialis-palyazoi-szamara\/","title":{"rendered":"M\u00e1sodik workshop a standard projektek p\u00e1ly\u00e1zati felh\u00edv\u00e1s\u00e1nak potenci\u00e1lis p\u00e1ly\u00e1z\u00f3i sz\u00e1m\u00e1ra"},"content":{"rendered":"<p><img class=\"size-medium wp-image-7447 alignleft\" src=\"http:\/\/www.si-hu.eu\/2127\/wp-content\/uploads\/sites\/14\/2023\/09\/applicants_HU-500x375.jpg\" alt=\"\" width=\"500\" height=\"375\" srcset=\"http:\/\/www.si-hu.eu\/2127\/wp-content\/uploads\/sites\/14\/2023\/09\/applicants_HU-200x150.jpg 200w, http:\/\/www.si-hu.eu\/2127\/wp-content\/uploads\/sites\/14\/2023\/09\/applicants_HU-400x300.jpg 400w, http:\/\/www.si-hu.eu\/2127\/wp-content\/uploads\/sites\/14\/2023\/09\/applicants_HU-500x375.jpg 500w, http:\/\/www.si-hu.eu\/2127\/wp-content\/uploads\/sites\/14\/2023\/09\/applicants_HU-600x450.jpg 600w, http:\/\/www.si-hu.eu\/2127\/wp-content\/uploads\/sites\/14\/2023\/09\/applicants_HU-768x576.jpg 768w, http:\/\/www.si-hu.eu\/2127\/wp-content\/uploads\/sites\/14\/2023\/09\/applicants_HU-800x600.jpg 800w, http:\/\/www.si-hu.eu\/2127\/wp-content\/uploads\/sites\/14\/2023\/09\/applicants_HU-1024x768.jpg 1024w, http:\/\/www.si-hu.eu\/2127\/wp-content\/uploads\/sites\/14\/2023\/09\/applicants_HU-1200x900.jpg 1200w, http:\/\/www.si-hu.eu\/2127\/wp-content\/uploads\/sites\/14\/2023\/09\/applicants_HU-1536x1152.jpg 1536w\" sizes=\"(max-width: 500px) 100vw, 500px\" \/><\/p>\n<p>Ez\u00faton szeretn\u00e9nk megh\u00edvni \u00d6nt a 2021\u20132027-es id\u0151szakra vonatkoz\u00f3, a Szlov\u00e9nia-Magyarorsz\u00e1g Interreg Program&nbsp;<strong>standard projektjavaslatok beny\u00fajt\u00e1s\u00e1ra ir\u00e1nyul\u00f3 ny\u00edlt p\u00e1ly\u00e1zati felh\u00edv\u00e1sa<\/strong>&nbsp;keret\u00e9ben szervezett m\u00e1sodik workshopra, amelyre <strong>2023. november 22-\u00e9n, Moravske Toplic\u00e9n (Szlov\u00e9nia)<\/strong> ker\u00fcl sor.<\/p>\n<p>A m\u00faltbeli \u00e9s jelenlegi eredm\u00e9nyek f\u00e9ny\u00e9ben \u00e1ttekintj\u00fck a hat\u00e1ron \u00e1tny\u00fal\u00f3 egy\u00fcttm\u0171k\u00f6d\u00e9s j\u00f6v\u0151beli lehet\u0151s\u00e9geit. Ha \u00d6n tervezi, hogy p\u00e1ly\u00e1zatot ny\u00fajt be a m\u00e1sodik beny\u00fajt\u00e1si hat\u00e1rid\u0151re (2024. janu\u00e1r 19.), els\u0151 k\u00e9zb\u0151l kaphat t\u00e1j\u00e9koztat\u00e1st a ny\u00edlt p\u00e1ly\u00e1zati felh\u00edv\u00e1s keretrendszer\u00e9r\u0151l, a p\u00e1ly\u00e1zati c\u00e9lokr\u00f3l \u00e9s annak saj\u00e1toss\u00e1gair\u00f3l.&nbsp;<\/p>\n<p>Tekintse meg az esem\u00e9ny&nbsp;<a href=\"http:\/\/www.si-hu.eu\/2127\/wp-content\/uploads\/sites\/14\/2023\/11\/VABILO_MEGHIVO_workshop_22-11-20233-SIHU_final.pdf\"><strong>MEGH\u00cdV\u00d3J\u00c1T \u00c9S PROGRAMJ\u00c1T<\/strong><\/a><strong>,<\/strong>&nbsp;\u00e9s k\u00e9rj\u00fck, <strong>2023. november 17-ig <\/strong>regisztr\u00e1ljon a&nbsp;<a href=\"http:\/\/www.si-hu.eu\/2127\/registration-for-the-2-workshop\/\"><strong>REGISZTR\u00c1CI\u00d3S \u0170RLAP<\/strong><\/a> kit\u00f6lt\u00e9s\u00e9vel<strong>.<\/strong><\/p>\n<p>A workshopokon magyar \u00e9s szlov\u00e9n nyelv\u0171 potenci\u00e1lis p\u00e1ly\u00e1z\u00f3k egyar\u00e1nt r\u00e9szt vehetnek (a tolm\u00e1csol\u00e1s biztos\u00edtott lesz).<\/p>\n<p style=\"text-align: left\">&nbsp;<\/p>\n","protected":false},"excerpt":{"rendered":"<p>Ez\u00faton szeretn\u00e9nk megh\u00edvni \u00d6nt a 2021\u20132027-es id\u0151szakra vonatkoz\u00f3, a Szlov\u00e9nia-Magyarorsz\u00e1g Interreg Program\u00a0standard projektjavaslatok beny\u00fajt\u00e1s\u00e1ra ir\u00e1nyul\u00f3 ny\u00edlt p\u00e1ly\u00e1zati felh\u00edv\u00e1sa\u00a0keret\u00e9ben szervezett m\u00e1sodik workshopra, amelyre 2023. november 22-\u00e9n, Moravske Toplic\u00e9n (Szlov\u00e9nia) ker\u00fcl sor.<\/p>\n","protected":false},"author":107,"featured_media":7447,"comment_status":"open","ping_status":"open","sticky":false,"template":"","format":"standard","meta":{"ngg_post_thumbnail":0},"categories":[83,75],"tags":[],"_links":{"self":[{"href":"http:\/\/www.si-hu.eu\/2127\/hu\/wp-json\/wp\/v2\/posts\/7869"}],"collection":[{"href":"http:\/\/www.si-hu.eu\/2127\/hu\/wp-json\/wp\/v2\/posts"}],"about":[{"href":"http:\/\/www.si-hu.eu\/2127\/hu\/wp-json\/wp\/v2\/types\/post"}],"author":[{"embeddable":true,"href":"http:\/\/www.si-hu.eu\/2127\/hu\/wp-json\/wp\/v2\/users\/107"}],"replies":[{"embeddable":true,"href":"http:\/\/www.si-hu.eu\/2127\/hu\/wp-json\/wp\/v2\/comments?post=7869"}],"version-history":[{"count":5,"href":"http:\/\/www.si-hu.eu\/2127\/hu\/wp-json\/wp\/v2\/posts\/7869\/revisions"}],"predecessor-version":[{"id":7888,"href":"http:\/\/www.si-hu.eu\/2127\/hu\/wp-json\/wp\/v2\/posts\/7869\/revisions\/7888"}],"wp:featuredmedia":[{"embeddable":true,"href":"http:\/\/www.si-hu.eu\/2127\/hu\/wp-json\/wp\/v2\/media\/7447"}],"wp:attachment":[{"href":"http:\/\/www.si-hu.eu\/2127\/hu\/wp-json\/wp\/v2\/media?parent=7869"}],"wp:term":[{"taxonomy":"category","embeddable":true,"href":"http:\/\/www.si-hu.eu\/2127\/hu\/wp-json\/wp\/v2\/categories?post=7869"},{"taxonomy":"post_tag","embeddable":true,"href":"http:\/\/www.si-hu.eu\/2127\/hu\/wp-json\/wp\/v2\/tags?post=7869"}],"curies":[{"name":"wp","href":"https:\/\/api.w.org\/{rel}","templated":true}]}}