{"id":7936,"date":"2023-11-13T12:29:36","date_gmt":"2023-11-13T11:29:36","guid":{"rendered":"http:\/\/www.si-hu.eu\/2127\/?p=7936"},"modified":"2023-11-13T12:29:36","modified_gmt":"2023-11-13T11:29:36","slug":"meghivo-a-2014-2020-as-programidoszak-zarorendezvenyere","status":"publish","type":"post","link":"http:\/\/www.si-hu.eu\/2127\/hu\/2023\/11\/13\/meghivo-a-2014-2020-as-programidoszak-zarorendezvenyere\/","title":{"rendered":"Megh\u00edv\u00f3 a 2014\u20132020-as programid\u0151szak z\u00e1r\u00f3rendezv\u00e9ny\u00e9re"},"content":{"rendered":"<p><img src=\"http:\/\/www.si-at.eu\/2127\/wp-content\/uploads\/sites\/13\/2023\/11\/Invitation-closure-event-2014-2020_printscreen.png\"><\/p>\n<p>&nbsp;<\/p>\n<p><strong>A Szlov\u00e9nia\u2013Ausztria, Szlov\u00e9nia\u2013Horv\u00e1torsz\u00e1g \u00e9s Szlov\u00e9nia\u2013Magyarorsz\u00e1g hat\u00e1ron \u00e1tny\u00fal\u00f3 programok 2023. november 27-\u00e9n<\/strong> rendezik meg a 2014\u20132020-as programperi\u00f3dusra vonatkoz\u00f3 z\u00e1r\u00f3rendezv\u00e9nyt.<\/p>\n<p><strong>\u201eEgy\u00fctt egy jobb j\u00f6v\u0151\u00e9rt\u201d<\/strong> szlogennel bemutatjuk Szlov\u00e9nia h\u00e1rom szomsz\u00e9dos orsz\u00e1ggal, Ausztri\u00e1val, Horv\u00e1torsz\u00e1ggal \u00e9s Magyarorsz\u00e1ggal folytatott, hat\u00e1ron \u00e1tny\u00fal\u00f3 egy\u00fcttm\u0171k\u00f6d\u00e9s\u00e9nek eredm\u00e9nyeit.<\/p>\n<p>Az esem\u00e9nyre <strong>2023. november 27-\u00e9n 10.00 \u00f3rakor ker\u00fcl sor a Sheraton Ljubljana Mons, Pot za Brdom 4, 1000 Ljubljana helysz\u00ednen<\/strong>.<\/p>\n<p>Csatlakozzanak hozz\u00e1nk. A rendezv\u00e9nyen nagyszer\u0171 lehet\u0151s\u00e9g ny\u00edlik besz\u00e9lget\u00e9sek folytat\u00e1s\u00e1ra \u00e9s \u00faj kapcsolatok kialak\u00edt\u00e1s\u00e1ra is.<\/p>\n<p><strong><a href=\"http:\/\/www.si-at.eu\/2127\/wp-content\/uploads\/sites\/13\/2023\/11\/Closure-event-2023-invitation-final_27-11-2023.pdf\">MEGH\u00cdV\u00d3<\/a><\/strong><\/p>\n<p><strong><a href=\"https:\/\/freeonlinesurveys.com\/s\/hJCOFYr9\">REGISZTR\u00c1CI\u00d3<\/a><\/strong><\/p>\n<p>Szeretettel v\u00e1rjuk a rendezv\u00e9nyen!<\/p>\n","protected":false},"excerpt":{"rendered":"<p>A Szlov\u00e9nia\u2013Ausztria, Szlov\u00e9nia\u2013Horv\u00e1torsz\u00e1g \u00e9s Szlov\u00e9nia\u2013Magyarorsz\u00e1g hat\u00e1ron \u00e1tny\u00fal\u00f3 programok 2023. november 27-\u00e9n rendezik meg a 2014\u20132020-as programperi\u00f3dusra vonatkoz\u00f3 z\u00e1r\u00f3rendezv\u00e9nyt.<\/p>\n","protected":false},"author":107,"featured_media":7944,"comment_status":"open","ping_status":"open","sticky":false,"template":"","format":"standard","meta":{"ngg_post_thumbnail":0},"categories":[83,75],"tags":[],"_links":{"self":[{"href":"http:\/\/www.si-hu.eu\/2127\/hu\/wp-json\/wp\/v2\/posts\/7936"}],"collection":[{"href":"http:\/\/www.si-hu.eu\/2127\/hu\/wp-json\/wp\/v2\/posts"}],"about":[{"href":"http:\/\/www.si-hu.eu\/2127\/hu\/wp-json\/wp\/v2\/types\/post"}],"author":[{"embeddable":true,"href":"http:\/\/www.si-hu.eu\/2127\/hu\/wp-json\/wp\/v2\/users\/107"}],"replies":[{"embeddable":true,"href":"http:\/\/www.si-hu.eu\/2127\/hu\/wp-json\/wp\/v2\/comments?post=7936"}],"version-history":[{"count":3,"href":"http:\/\/www.si-hu.eu\/2127\/hu\/wp-json\/wp\/v2\/posts\/7936\/revisions"}],"predecessor-version":[{"id":7948,"href":"http:\/\/www.si-hu.eu\/2127\/hu\/wp-json\/wp\/v2\/posts\/7936\/revisions\/7948"}],"wp:featuredmedia":[{"embeddable":true,"href":"http:\/\/www.si-hu.eu\/2127\/hu\/wp-json\/wp\/v2\/media\/7944"}],"wp:attachment":[{"href":"http:\/\/www.si-hu.eu\/2127\/hu\/wp-json\/wp\/v2\/media?parent=7936"}],"wp:term":[{"taxonomy":"category","embeddable":true,"href":"http:\/\/www.si-hu.eu\/2127\/hu\/wp-json\/wp\/v2\/categories?post=7936"},{"taxonomy":"post_tag","embeddable":true,"href":"http:\/\/www.si-hu.eu\/2127\/hu\/wp-json\/wp\/v2\/tags?post=7936"}],"curies":[{"name":"wp","href":"https:\/\/api.w.org\/{rel}","templated":true}]}}