{"id":9132,"date":"2024-03-26T09:33:46","date_gmt":"2024-03-26T08:33:46","guid":{"rendered":"http:\/\/www.si-hu.eu\/2127\/?p=9132"},"modified":"2024-03-26T09:33:46","modified_gmt":"2024-03-26T08:33:46","slug":"elerheto-a-frissitett-verzio-tajekoztato-az-elo-es-tarsfinanszirozasrol-magyar-palyazok-es-projektpartnerek-szamara","status":"publish","type":"post","link":"http:\/\/www.si-hu.eu\/2127\/hu\/2024\/03\/26\/elerheto-a-frissitett-verzio-tajekoztato-az-elo-es-tarsfinanszirozasrol-magyar-palyazok-es-projektpartnerek-szamara\/","title":{"rendered":"El\u00e9rhet\u0151 a friss\u00edtett verzi\u00f3 &#8211; T\u00e1j\u00e9koztat\u00f3 az el\u0151- \u00e9s t\u00e1rsfinansz\u00edroz\u00e1sr\u00f3l magyar p\u00e1ly\u00e1z\u00f3k \u00e9s projektpartnerek sz\u00e1m\u00e1ra"},"content":{"rendered":"<p><img class=\"size-medium wp-image-7462 alignright\" src=\"http:\/\/www.si-hu.eu\/2127\/wp-content\/uploads\/sites\/14\/2023\/09\/info_HU-500x375.jpg\" alt=\"\" width=\"500\" height=\"375\" srcset=\"http:\/\/www.si-hu.eu\/2127\/wp-content\/uploads\/sites\/14\/2023\/09\/info_HU-200x150.jpg 200w, http:\/\/www.si-hu.eu\/2127\/wp-content\/uploads\/sites\/14\/2023\/09\/info_HU-400x300.jpg 400w, http:\/\/www.si-hu.eu\/2127\/wp-content\/uploads\/sites\/14\/2023\/09\/info_HU-500x375.jpg 500w, http:\/\/www.si-hu.eu\/2127\/wp-content\/uploads\/sites\/14\/2023\/09\/info_HU-600x450.jpg 600w, http:\/\/www.si-hu.eu\/2127\/wp-content\/uploads\/sites\/14\/2023\/09\/info_HU-768x576.jpg 768w, http:\/\/www.si-hu.eu\/2127\/wp-content\/uploads\/sites\/14\/2023\/09\/info_HU-800x600.jpg 800w, http:\/\/www.si-hu.eu\/2127\/wp-content\/uploads\/sites\/14\/2023\/09\/info_HU-1024x768.jpg 1024w, http:\/\/www.si-hu.eu\/2127\/wp-content\/uploads\/sites\/14\/2023\/09\/info_HU-1200x900.jpg 1200w, http:\/\/www.si-hu.eu\/2127\/wp-content\/uploads\/sites\/14\/2023\/09\/info_HU-1536x1152.jpg 1536w\" sizes=\"(max-width: 500px) 100vw, 500px\" \/><\/p>\n<p>Elk\u00e9sz\u00fclt a Szlov\u00e9nia-Magyarorsz\u00e1g Interreg Programban t\u00e1mogatott projektekben r\u00e9sztvev\u0151 magyar projektpartnerek nemzeti finansz\u00edroz\u00e1si folyamatair\u00f3l sz\u00f3l\u00f3 t\u00e1j\u00e9koztat\u00f3 leg\u00fajabb v\u00e1ltozata.<\/p>\n<p>Olvassa el a <strong>jogszab\u00e1ly<\/strong> mellett a <strong>friss\u00edtett t\u00e1j\u00e9koztat\u00f3t<\/strong> is, hogy megismerje a hat\u00e1ron \u00e1tny\u00fal\u00f3 programokkal \u00e9s projektekkel kapcsolatos magyar szab\u00e1lyoz\u00e1st!<\/p>\n<p>(A dokumentumok csak magyar nyelven \u00e9rhet\u0151k el)<\/p>\n<p><a href=\"https:\/\/njt.hu\/jogszabaly\/2023-241-20-22\"><strong>241\/2023. (VI. 20.) Korm. rendelet<\/strong><\/a><\/p>\n<p><a href=\"http:\/\/www.si-hu.eu\/2127\/wp-content\/uploads\/sites\/14\/2024\/03\/Tajekoztato_HU_241_2023_V2.pdf\"><strong>T\u00e1j\u00e9koztat\u00f3 (V2)<\/strong><\/a><\/p>\n","protected":false},"excerpt":{"rendered":"<p>Elk\u00e9sz\u00fclt a Szlov\u00e9nia-Magyarorsz\u00e1g Interreg Programban t\u00e1mogatott projektekben r\u00e9sztvev\u0151 magyar projektpartnerek nemzeti finansz\u00edroz\u00e1si folyamatair\u00f3l sz\u00f3l\u00f3 t\u00e1j\u00e9koztat\u00f3 leg\u00fajabb v\u00e1ltozata.<\/p>\n","protected":false},"author":19,"featured_media":7462,"comment_status":"open","ping_status":"open","sticky":false,"template":"","format":"standard","meta":{"ngg_post_thumbnail":0},"categories":[83,75],"tags":[],"_links":{"self":[{"href":"http:\/\/www.si-hu.eu\/2127\/hu\/wp-json\/wp\/v2\/posts\/9132"}],"collection":[{"href":"http:\/\/www.si-hu.eu\/2127\/hu\/wp-json\/wp\/v2\/posts"}],"about":[{"href":"http:\/\/www.si-hu.eu\/2127\/hu\/wp-json\/wp\/v2\/types\/post"}],"author":[{"embeddable":true,"href":"http:\/\/www.si-hu.eu\/2127\/hu\/wp-json\/wp\/v2\/users\/19"}],"replies":[{"embeddable":true,"href":"http:\/\/www.si-hu.eu\/2127\/hu\/wp-json\/wp\/v2\/comments?post=9132"}],"version-history":[{"count":2,"href":"http:\/\/www.si-hu.eu\/2127\/hu\/wp-json\/wp\/v2\/posts\/9132\/revisions"}],"predecessor-version":[{"id":9140,"href":"http:\/\/www.si-hu.eu\/2127\/hu\/wp-json\/wp\/v2\/posts\/9132\/revisions\/9140"}],"wp:featuredmedia":[{"embeddable":true,"href":"http:\/\/www.si-hu.eu\/2127\/hu\/wp-json\/wp\/v2\/media\/7462"}],"wp:attachment":[{"href":"http:\/\/www.si-hu.eu\/2127\/hu\/wp-json\/wp\/v2\/media?parent=9132"}],"wp:term":[{"taxonomy":"category","embeddable":true,"href":"http:\/\/www.si-hu.eu\/2127\/hu\/wp-json\/wp\/v2\/categories?post=9132"},{"taxonomy":"post_tag","embeddable":true,"href":"http:\/\/www.si-hu.eu\/2127\/hu\/wp-json\/wp\/v2\/tags?post=9132"}],"curies":[{"name":"wp","href":"https:\/\/api.w.org\/{rel}","templated":true}]}}