{"id":9164,"date":"2024-04-10T12:09:30","date_gmt":"2024-04-10T10:09:30","guid":{"rendered":"http:\/\/www.si-hu.eu\/2127\/?p=9164"},"modified":"2024-04-10T12:09:30","modified_gmt":"2024-04-10T10:09:30","slug":"megjelent-a-standard-es-kislepteku-projektek-palyazati-csomagjainak-modositasa","status":"publish","type":"post","link":"http:\/\/www.si-hu.eu\/2127\/hu\/2024\/04\/10\/megjelent-a-standard-es-kislepteku-projektek-palyazati-csomagjainak-modositasa\/","title":{"rendered":"Megjelent a standard \u00e9s kisl\u00e9pt\u00e9k\u0171 projektek p\u00e1ly\u00e1zati csomagjainak m\u00f3dos\u00edt\u00e1sa"},"content":{"rendered":"<p>Megjelent a Szlov\u00e9nia-Magyarorsz\u00e1g Interreg Program standard projektekre vonatkoz\u00f3 p\u00e1ly\u00e1zati csomagj\u00e1nak \u00e9s a kisl\u00e9pt\u00e9k\u0171 projektek p\u00e1ly\u00e1zati csomagj\u00e1nak m\u00f3dos\u00edt\u00e1s, mely tartalmazza a standard projektek eset\u00e9ben a 2. r\u00e9sz &#8211; Projektfejleszt\u00e9s, az 5. r\u00e9sz &#8211; Jelent\u00e9st\u00e9tel a projekt el\u0151rehalad\u00e1s\u00e1r\u00f3l \u00e9s a 6. r\u00e9sz &#8211; Kommunik\u00e1ci\u00f3 \u00e9s l\u00e1that\u00f3s\u00e1g \u00faj v\u00e1ltozat\u00e1t, valamint a kisl\u00e9pt\u00e9k\u0171 projektek eset\u00e9ben A kisl\u00e9pt\u00e9k\u0171 projektek kedvezm\u00e9nyezettjeinek sz\u00f3l\u00f3 k\u00e9zik\u00f6nyv \u00faj v\u00e1ltozat\u00e1t.<\/p>\n<p>Az \u00faj, tartalmilag friss\u00edtett v\u00e1ltozatok a standard projektek sz\u00e1m\u00e1ra k\u00f6zz\u00e9tett Ny\u00edlt p\u00e1ly\u00e1zati felh\u00edv\u00e1s P\u00e1ly\u00e1zati csomagj\u00e1ban, valamint a kisl\u00e9pt\u00e9k\u0171 projektek sz\u00e1m\u00e1ra k\u00f6zz\u00e9tett Ny\u00edlt p\u00e1ly\u00e1zati felh\u00edv\u00e1s P\u00e1ly\u00e1zati csomagj\u00e1ban \u00e9rhet\u0151k el.<\/p>\n<p>A Szlov\u00e9nia-Magyarorsz\u00e1g Interreg Program Ir\u00e1ny\u00edt\u00f3 Hat\u00f3s\u00e1ga\/K\u00f6z\u00f6s Titk\u00e1rs\u00e1ga<\/p>\n<p><img class=\"size-medium wp-image-7547 alignright\" src=\"http:\/\/www.si-hu.eu\/2127\/wp-content\/uploads\/sites\/14\/2023\/09\/kick-off_HU-1-375x500.jpg\" alt=\"\" width=\"375\" height=\"500\" srcset=\"http:\/\/www.si-hu.eu\/2127\/wp-content\/uploads\/sites\/14\/2023\/09\/kick-off_HU-1-200x267.jpg 200w, http:\/\/www.si-hu.eu\/2127\/wp-content\/uploads\/sites\/14\/2023\/09\/kick-off_HU-1-375x500.jpg 375w, http:\/\/www.si-hu.eu\/2127\/wp-content\/uploads\/sites\/14\/2023\/09\/kick-off_HU-1-400x533.jpg 400w, http:\/\/www.si-hu.eu\/2127\/wp-content\/uploads\/sites\/14\/2023\/09\/kick-off_HU-1-600x800.jpg 600w, http:\/\/www.si-hu.eu\/2127\/wp-content\/uploads\/sites\/14\/2023\/09\/kick-off_HU-1-768x1024.jpg 768w, http:\/\/www.si-hu.eu\/2127\/wp-content\/uploads\/sites\/14\/2023\/09\/kick-off_HU-1-800x1067.jpg 800w, http:\/\/www.si-hu.eu\/2127\/wp-content\/uploads\/sites\/14\/2023\/09\/kick-off_HU-1-1152x1536.jpg 1152w, http:\/\/www.si-hu.eu\/2127\/wp-content\/uploads\/sites\/14\/2023\/09\/kick-off_HU-1-1200x1600.jpg 1200w, http:\/\/www.si-hu.eu\/2127\/wp-content\/uploads\/sites\/14\/2023\/09\/kick-off_HU-1-1536x2048.jpg 1536w, http:\/\/www.si-hu.eu\/2127\/wp-content\/uploads\/sites\/14\/2023\/09\/kick-off_HU-1-scaled.jpg 1920w\" sizes=\"(max-width: 375px) 100vw, 375px\" \/><\/p>\n<p>&nbsp;<\/p>\n<p>&nbsp;<\/p>\n","protected":false},"excerpt":{"rendered":"<p>Megjelent a Szlov\u00e9nia-Magyarorsz\u00e1g Interreg Program standard projektekre vonatkoz\u00f3 p\u00e1ly\u00e1zati csomagj\u00e1nak \u00e9s a kisl\u00e9pt\u00e9k\u0171 projektek p\u00e1ly\u00e1zati csomagj\u00e1nak m\u00f3dos\u00edt\u00e1s.<\/p>\n","protected":false},"author":7,"featured_media":7547,"comment_status":"open","ping_status":"open","sticky":false,"template":"","format":"standard","meta":{"ngg_post_thumbnail":0},"categories":[83,75],"tags":[],"_links":{"self":[{"href":"http:\/\/www.si-hu.eu\/2127\/hu\/wp-json\/wp\/v2\/posts\/9164"}],"collection":[{"href":"http:\/\/www.si-hu.eu\/2127\/hu\/wp-json\/wp\/v2\/posts"}],"about":[{"href":"http:\/\/www.si-hu.eu\/2127\/hu\/wp-json\/wp\/v2\/types\/post"}],"author":[{"embeddable":true,"href":"http:\/\/www.si-hu.eu\/2127\/hu\/wp-json\/wp\/v2\/users\/7"}],"replies":[{"embeddable":true,"href":"http:\/\/www.si-hu.eu\/2127\/hu\/wp-json\/wp\/v2\/comments?post=9164"}],"version-history":[{"count":1,"href":"http:\/\/www.si-hu.eu\/2127\/hu\/wp-json\/wp\/v2\/posts\/9164\/revisions"}],"predecessor-version":[{"id":9324,"href":"http:\/\/www.si-hu.eu\/2127\/hu\/wp-json\/wp\/v2\/posts\/9164\/revisions\/9324"}],"wp:featuredmedia":[{"embeddable":true,"href":"http:\/\/www.si-hu.eu\/2127\/hu\/wp-json\/wp\/v2\/media\/7547"}],"wp:attachment":[{"href":"http:\/\/www.si-hu.eu\/2127\/hu\/wp-json\/wp\/v2\/media?parent=9164"}],"wp:term":[{"taxonomy":"category","embeddable":true,"href":"http:\/\/www.si-hu.eu\/2127\/hu\/wp-json\/wp\/v2\/categories?post=9164"},{"taxonomy":"post_tag","embeddable":true,"href":"http:\/\/www.si-hu.eu\/2127\/hu\/wp-json\/wp\/v2\/tags?post=9164"}],"curies":[{"name":"wp","href":"https:\/\/api.w.org\/{rel}","templated":true}]}}