{"id":11054,"date":"2024-10-25T13:39:20","date_gmt":"2024-10-25T11:39:20","guid":{"rendered":"http:\/\/www.si-hu.eu\/2127\/?p=11054"},"modified":"2024-10-25T13:39:20","modified_gmt":"2024-10-25T11:39:20","slug":"kulturna-dediscina-kot-most-med-dvema-narodoma","status":"publish","type":"post","link":"http:\/\/www.si-hu.eu\/2127\/sl\/2024\/10\/25\/kulturna-dediscina-kot-most-med-dvema-narodoma\/","title":{"rendered":"Kulturna dedi\u0161\u010dina kot most med dvema narodoma"},"content":{"rendered":"<div class=\"fusion-fullwidth fullwidth-box fusion-builder-row-1 fusion-flex-container nonhundred-percent-fullwidth non-hundred-percent-height-scrolling\" style=\"background-color: rgba(255,255,255,0);background-position: center center;background-repeat: no-repeat;border-width: 0px 0px 0px 0px;border-color:#e2e2e2;border-style:solid;\" ><div class=\"fusion-builder-row fusion-row fusion-flex-align-items-flex-start\" style=\"max-width:1248px;margin-left: calc(-4% \/ 2 );margin-right: calc(-4% \/ 2 );\"><div class=\"fusion-layout-column fusion_builder_column fusion-builder-column-0 fusion_builder_column_1_1 1_1 fusion-flex-column\"><div class=\"fusion-column-wrapper fusion-flex-justify-content-flex-start fusion-content-layout-column\" style=\"background-position:left top;background-repeat:no-repeat;-webkit-background-size:cover;-moz-background-size:cover;-o-background-size:cover;background-size:cover;padding: 0px 0px 0px 0px;\"><div class=\"fusion-text fusion-text-1\"><p><img class=\"size-medium wp-image-8815 alignleft\" src=\"http:\/\/www.si-hu.eu\/2127\/wp-content\/uploads\/sites\/14\/2024\/03\/Kot-nekoc-Kuzmic-Project-logo-Slovenia-Hungary_bilingual_color-500x258.png\" alt=\"\" width=\"500\" height=\"258\" srcset=\"http:\/\/www.si-hu.eu\/2127\/wp-content\/uploads\/sites\/14\/2024\/03\/Kot-nekoc-Kuzmic-Project-logo-Slovenia-Hungary_bilingual_color-200x103.png 200w, http:\/\/www.si-hu.eu\/2127\/wp-content\/uploads\/sites\/14\/2024\/03\/Kot-nekoc-Kuzmic-Project-logo-Slovenia-Hungary_bilingual_color-400x206.png 400w, http:\/\/www.si-hu.eu\/2127\/wp-content\/uploads\/sites\/14\/2024\/03\/Kot-nekoc-Kuzmic-Project-logo-Slovenia-Hungary_bilingual_color-500x258.png 500w, http:\/\/www.si-hu.eu\/2127\/wp-content\/uploads\/sites\/14\/2024\/03\/Kot-nekoc-Kuzmic-Project-logo-Slovenia-Hungary_bilingual_color-600x310.png 600w, http:\/\/www.si-hu.eu\/2127\/wp-content\/uploads\/sites\/14\/2024\/03\/Kot-nekoc-Kuzmic-Project-logo-Slovenia-Hungary_bilingual_color-768x396.png 768w, http:\/\/www.si-hu.eu\/2127\/wp-content\/uploads\/sites\/14\/2024\/03\/Kot-nekoc-Kuzmic-Project-logo-Slovenia-Hungary_bilingual_color-800x413.png 800w, http:\/\/www.si-hu.eu\/2127\/wp-content\/uploads\/sites\/14\/2024\/03\/Kot-nekoc-Kuzmic-Project-logo-Slovenia-Hungary_bilingual_color-1024x529.png 1024w, http:\/\/www.si-hu.eu\/2127\/wp-content\/uploads\/sites\/14\/2024\/03\/Kot-nekoc-Kuzmic-Project-logo-Slovenia-Hungary_bilingual_color-1200x619.png 1200w, http:\/\/www.si-hu.eu\/2127\/wp-content\/uploads\/sites\/14\/2024\/03\/Kot-nekoc-Kuzmic-Project-logo-Slovenia-Hungary_bilingual_color-1536x793.png 1536w\" sizes=\"(max-width: 500px) 100vw, 500px\" \/><\/p>\n<p>Projekt &#8220;Kot neko\u010d K\u00fczmi\u010d,&#8221; ki povezuje ob\u010dini Puconci v Sloveniji in Sakalovci (Szakonyfalu) na Mad\u017earskem, je s svojimi dogodki navdu\u0161il \u0161tevilne udele\u017eence, ki so se zbrali, da bi obudili bogato kulturno in zgodovinsko dedi\u0161\u010dino prekmurskega reformatorja \u0160tevana K\u00fczmi\u010da. Projekt, sofinanciran s strani Evropske unije preko programa Interreg Slovenija-Mad\u017earska 2021\u20132027, je zasnovan kot prilo\u017enost za krepitev \u010dezmejnega sodelovanja, izmenjavo kulturnih izku\u0161enj ter ohranjanje skupnih vrednot in tradicij.<\/p>\n<p><strong>Uspe\u0161en za\u010detek projekta v Puconcih<\/strong><\/p>\n<p>Prvi del projekta se je odvil 28. septembra 2024 v ob\u010dini Puconci, kjer se je zbralo ve\u010d kot 200 udele\u017eencev, vklju\u010dno z obiskovalci iz Mad\u017earske, ki so prispeli iz ob\u010dine Sakalovci (Szakonyfalu). Dogodek je s toplim sprejemom otvorila direktorica Razvojnega zavoda Ob\u010dine Puconci, Ksenija Flegar. Udele\u017eili so se ga \u017eupan Ob\u010dine Puconci, Uro\u0161 Kamen\u0161ek, oba pod\u017eupana Ludvik Novak in Branko Ritlop, \u017eupanja Sakalovcev Valeria Rogan ter predsednica Zveze Slovencev na Mad\u017earskem, Andrea Kova\u010d. Dogodek je bil posve\u010den ohranjanju spomina na \u0160tevana K\u00fczmi\u010da, klju\u010dnega prekmurskega knji\u017eevnika in reformatorja, ki je s svojim delom mo\u010dno zaznamoval obe strani meje. Obiskovalci so se sprehodili skozi zgodovinska prizori\u0161\u010da, povezana s K\u00fczmi\u010dem, med drugim so si ogledali njegov Spominski dom v Puconcih, cerkev, ki nosi njegovo ime v Bodoncih ter se poklonili njegovemu spomeniku v Strukovcih, kjer je potekala tudi kraj\u0161a kulturna slovesnost. Del programa je bil tudi ogled razstave o \u017eivljenju \u0160tevana K\u00fczmi\u010da, ki je vklju\u010devala pregled njegovega dela in vpliva na obe strani meje. Posebno pozornost pa je pritegnila razstava knjig v prekmurskem jeziku, med katerimi je bilo mogo\u010de videti vseh pet izdaj Novega zakona, ki ga je K\u00fczmi\u010d prevedel v prekmur\u0161\u010dino, kar je pomembno prispevalo k ohranjanju in razvoju prekmurskega jezika in kulture. Razstavi sta dodali globino dogodku in udele\u017eence povezali z bogato kulturno dedi\u0161\u010dino, ki jo K\u00fczmi\u010devo delo \u0161e danes predstavlja. Vrhunec dogodka je bil nastop v \u0160portno-rekreacijskem centru Strukovci, kjer so se predstavile razli\u010dne kulturne in umetni\u0161ke skupine iz Slovenije in Mad\u017earske. Ob\u010dinstvo so navdu\u0161ile pevke ljudskih pesmi &#8220;Irmice,&#8221; u\u010denci Glasbene \u0161ole Virtuoz, Slavisti\u010dno dru\u0161tvo Prekmurja, Prlekije in Porabja, ter folklorna skupina iz Mad\u017earske. Pester program je zaokro\u017eil energi\u010den nastop glasbene skupine STOP, ki je poskrbela za dinami\u010den zaklju\u010dek prvega dela dogodka. V okviru spremljevalnega programa je potekala tr\u017enica lokalnih ponudnikov, kjer so obiskovalci lahko kupili izdelke, kot so vino, med in medenjake, ro\u010dno izdelane tekstilne izdelke, doma\u010de testenine, pti\u010dje krmilnice in lon\u010deno posodo. Dogodek je potekal v ve\u010d jezikih \u2013 v nare\u010dni prekmur\u0161\u010dini, sloven\u0161\u010dini in mad\u017ear\u0161\u010dini \u2013 in bil preko javljanja v \u017eivo prena\u0161an na radiu Murski val, medtem ko je TV AS pripravila reporta\u017eo, kar je omogo\u010dilo, da so vsebine dosegle \u0161ir\u0161o javnost.<\/p>\n<p><strong>Nadaljevanje sodelovanja v Sakalovcih<\/strong><\/p>\n<p>Drugi del projekta &#8220;Kot neko\u010d K\u00fczmi\u010d&#8221; se je odvil 19. oktobra 2024 v Sakalovcih na Mad\u017earskem. Tudi ta dogodek je bil izjemno bogat z vsebinami in obele\u017eil mo\u010dne zgodovinske vezi med regijama. Udele\u017eenci iz Slovenije so bili gostoljubno sprejeti s pozdravom \u017eupanje Valerije Rogan in doma\u010dinov iz Sakalovcev. Po sprejemu so se podali v bli\u017enjo vas \u010cobin (Nemescs\u00f3), kjer jih je duhovnica popeljala skozi zgodovinske povezave med K\u00fczmi\u010dem in krajem. \u0160tevan K\u00fczmi\u010d se je v \u010cobinu \u0161olal in deloval kot u\u010ditelj ter s svojimi deli pomembno prispeval k ohranitvi prekmurske kulturne dedi\u0161\u010dine in \u0161iritvi reformacije. Po ogledu \u010cobina so udele\u017eenci obiskali mesto Kiseg, kjer so u\u017eivali v jesenskem sejmu lokalne obrti in kulinarike. Dogajanje se je kasneje preselilo nazaj v Sakalovce, kjer so v kulturnem domu pripravili slavnostno prireditev. Zaznamovana je bila z izvedbo slovenskih in mad\u017earskih himn, slavnostnimi nagovori obeh \u017eupanov, Puconcev in Sakalovcev. Oba govora sta izpostavila pomen ohranjanja skupne kulturne dedi\u0161\u010dine in nujnost \u010dezmejnega sodelovanja, ki ne le povezuje regije, ampak tudi ohranja skupno zgodovino in identiteto. Poseben pe\u010dat dogodku je dal nastop Dru\u017eine poje iz Vadarec, ki je s pesmijo simboli\u010dno zdru\u017eila obe kulturi. Nastopili so s tradicionalno mad\u017earsko pesmijo, ki so jo priredili v slovenski in prekmurski jezik, kar je navdu\u0161ilo prisotne in poudarilo kulturno povezanost narodov, slovenskimi in mad\u017earskimi pesmimi sta se predstavili mladi pevki Vanessa in Stefania.<\/p>\n<p><strong>Kulturna dedi\u0161\u010dina kot most med dvema narodoma<\/strong><\/p>\n<p>Projekt &#8220;Kot neko\u010d K\u00fczmi\u010d&#8221; se osredoto\u010da na krepitev vezi med Slovenijo in Mad\u017earsko s poudarkom na kulturni dedi\u0161\u010dini in skupni zgodovini. Poleg slavnostnih dogodkov so si imeli obiskovalci prilo\u017enost ogledati razstavo o \u017eivljenju in delu \u0160tevana K\u00fczmi\u010da, ki smo jo v Sakalovcih nadgradili z umetni\u0161kim ustvarjanjem u\u010dencev iz Osnovne \u0161ole Puconci ter se preizkusiti v ustvarjalnih delavnicah, kot je izdelovanje ro\u017e iz krep papirja, kar je dodatno obogatilo dogajanje. Dogodek se je zaklju\u010dil s prijetnim kosilom v tradicionalnem mad\u017earskem slogu, kjer so udele\u017eenci nadaljevali z izmenjavo idej in krepitvijo vezi. Kljub zgodovinskim razlikam in mejam, ki so lo\u010devale regiji, se danes preko tak\u0161nih projektov ponovno gradijo mostovi prijateljstva, sodelovanja in medsebojnega razumevanja. Z veseljem pri\u010dakujemo nadaljnje dogodke, ki bodo \u0161e naprej ohranjali duha sodelovanja in prijateljstva med Slovenijo in Mad\u017earsko, ter poglabljali medsebojne vezi na podlagi skupne dedi\u0161\u010dine in tradicij.<\/p>\n<p>Slike: Kot neko\u010d K\u00fczmi\u010d<\/p>\n<\/div><style type=\"text\/css\">.fusion-gallery-1 .fusion-gallery-image {border:0px solid #e2e2e2;}<\/style><div class=\"fusion-gallery fusion-gallery-container fusion-grid-3 fusion-columns-total-16 fusion-gallery-layout-grid fusion-gallery-1\" style=\"margin:-5px;\"><div style=\"padding:5px;\" class=\"fusion-grid-column fusion-gallery-column fusion-gallery-column-3 hover-type-none\"><div class=\"fusion-gallery-image\"><a href=\"http:\/\/www.si-hu.eu\/2127\/wp-content\/uploads\/sites\/14\/2024\/10\/1-Razstava-3-scaled.jpg\" rel=\"noreferrer\" data-rel=\"iLightbox[gallery_image_1]\" class=\"fusion-lightbox\" target=\"_self\"><img src=\"http:\/\/www.si-hu.eu\/2127\/wp-content\/uploads\/sites\/14\/2024\/10\/1-Razstava-3-460x295.jpg\" width=\"460\" height=\"295\" alt=\"\" title=\"1 Razstava 3\" aria-label=\"1 Razstava 3\" class=\"img-responsive wp-image-11057 fusion-gallery-image-size-fixed\" \/><\/a><\/div><\/div><div style=\"padding:5px;\" class=\"fusion-grid-column fusion-gallery-column fusion-gallery-column-3 hover-type-none\"><div class=\"fusion-gallery-image\"><a href=\"http:\/\/www.si-hu.eu\/2127\/wp-content\/uploads\/sites\/14\/2024\/10\/2-Razstava-scaled.jpg\" rel=\"noreferrer\" data-rel=\"iLightbox[gallery_image_1]\" class=\"fusion-lightbox\" target=\"_self\"><img src=\"http:\/\/www.si-hu.eu\/2127\/wp-content\/uploads\/sites\/14\/2024\/10\/2-Razstava-460x295.jpg\" width=\"460\" height=\"295\" alt=\"\" title=\"2 Razstava\" aria-label=\"2 Razstava\" class=\"img-responsive wp-image-11060 fusion-gallery-image-size-fixed\" \/><\/a><\/div><\/div><div style=\"padding:5px;\" class=\"fusion-grid-column fusion-gallery-column fusion-gallery-column-3 hover-type-none\"><div class=\"fusion-gallery-image\"><a href=\"http:\/\/www.si-hu.eu\/2127\/wp-content\/uploads\/sites\/14\/2024\/10\/3-Cerkev-v-Bodoncih-scaled.jpg\" rel=\"noreferrer\" data-rel=\"iLightbox[gallery_image_1]\" class=\"fusion-lightbox\" target=\"_self\"><img src=\"http:\/\/www.si-hu.eu\/2127\/wp-content\/uploads\/sites\/14\/2024\/10\/3-Cerkev-v-Bodoncih-460x295.jpg\" width=\"460\" height=\"295\" alt=\"\" title=\"3 Cerkev v Bodoncih\" aria-label=\"3 Cerkev v Bodoncih\" class=\"img-responsive wp-image-11063 fusion-gallery-image-size-fixed\" \/><\/a><\/div><\/div><div class=\"clearfix\"><\/div><div style=\"padding:5px;\" class=\"fusion-grid-column fusion-gallery-column fusion-gallery-column-3 hover-type-none\"><div class=\"fusion-gallery-image\"><a href=\"http:\/\/www.si-hu.eu\/2127\/wp-content\/uploads\/sites\/14\/2024\/10\/4-Kuzmicev-spomenik-scaled.jpg\" rel=\"noreferrer\" data-rel=\"iLightbox[gallery_image_1]\" class=\"fusion-lightbox\" target=\"_self\"><img src=\"http:\/\/www.si-hu.eu\/2127\/wp-content\/uploads\/sites\/14\/2024\/10\/4-Kuzmicev-spomenik-460x295.jpg\" width=\"460\" height=\"295\" alt=\"\" title=\"4 K\u00fczmi\u010dev spomenik\" aria-label=\"4 K\u00fczmi\u010dev spomenik\" class=\"img-responsive wp-image-11066 fusion-gallery-image-size-fixed\" \/><\/a><\/div><\/div><div style=\"padding:5px;\" class=\"fusion-grid-column fusion-gallery-column fusion-gallery-column-3 hover-type-none\"><div class=\"fusion-gallery-image\"><a href=\"http:\/\/www.si-hu.eu\/2127\/wp-content\/uploads\/sites\/14\/2024\/10\/5-Zupan-Obcine-Puconci-scaled.jpg\" rel=\"noreferrer\" data-rel=\"iLightbox[gallery_image_1]\" class=\"fusion-lightbox\" target=\"_self\"><img src=\"http:\/\/www.si-hu.eu\/2127\/wp-content\/uploads\/sites\/14\/2024\/10\/5-Zupan-Obcine-Puconci-460x295.jpg\" width=\"460\" height=\"295\" alt=\"\" title=\"5 \u017dupan Ob\u010dine Puconci\" aria-label=\"5 \u017dupan Ob\u010dine Puconci\" class=\"img-responsive wp-image-11069 fusion-gallery-image-size-fixed\" \/><\/a><\/div><\/div><div style=\"padding:5px;\" class=\"fusion-grid-column fusion-gallery-column fusion-gallery-column-3 hover-type-none\"><div class=\"fusion-gallery-image\"><a href=\"http:\/\/www.si-hu.eu\/2127\/wp-content\/uploads\/sites\/14\/2024\/10\/6-Osrednji-dogodek-4-scaled.jpg\" rel=\"noreferrer\" data-rel=\"iLightbox[gallery_image_1]\" class=\"fusion-lightbox\" target=\"_self\"><img src=\"http:\/\/www.si-hu.eu\/2127\/wp-content\/uploads\/sites\/14\/2024\/10\/6-Osrednji-dogodek-4-460x295.jpg\" width=\"460\" height=\"295\" alt=\"\" title=\"6 Osrednji dogodek 4\" aria-label=\"6 Osrednji dogodek 4\" class=\"img-responsive wp-image-11072 fusion-gallery-image-size-fixed\" \/><\/a><\/div><\/div><div class=\"clearfix\"><\/div><div style=\"padding:5px;\" class=\"fusion-grid-column fusion-gallery-column fusion-gallery-column-3 hover-type-none\"><div class=\"fusion-gallery-image\"><a href=\"http:\/\/www.si-hu.eu\/2127\/wp-content\/uploads\/sites\/14\/2024\/10\/7-Osrednji-dogodek-2-scaled.jpg\" rel=\"noreferrer\" data-rel=\"iLightbox[gallery_image_1]\" class=\"fusion-lightbox\" target=\"_self\"><img src=\"http:\/\/www.si-hu.eu\/2127\/wp-content\/uploads\/sites\/14\/2024\/10\/7-Osrednji-dogodek-2-460x295.jpg\" width=\"460\" height=\"295\" alt=\"\" title=\"7 Osrednji dogodek 2\" aria-label=\"7 Osrednji dogodek 2\" class=\"img-responsive wp-image-11075 fusion-gallery-image-size-fixed\" \/><\/a><\/div><\/div><div style=\"padding:5px;\" class=\"fusion-grid-column fusion-gallery-column fusion-gallery-column-3 hover-type-none\"><div class=\"fusion-gallery-image\"><a href=\"http:\/\/www.si-hu.eu\/2127\/wp-content\/uploads\/sites\/14\/2024\/10\/8-Osrednji-dogodek-5-scaled.jpg\" rel=\"noreferrer\" data-rel=\"iLightbox[gallery_image_1]\" class=\"fusion-lightbox\" target=\"_self\"><img src=\"http:\/\/www.si-hu.eu\/2127\/wp-content\/uploads\/sites\/14\/2024\/10\/8-Osrednji-dogodek-5-460x295.jpg\" width=\"460\" height=\"295\" alt=\"\" title=\"8 Osrednji dogodek 5\" aria-label=\"8 Osrednji dogodek 5\" class=\"img-responsive wp-image-11078 fusion-gallery-image-size-fixed\" \/><\/a><\/div><\/div><div style=\"padding:5px;\" class=\"fusion-grid-column fusion-gallery-column fusion-gallery-column-3 hover-type-none\"><div class=\"fusion-gallery-image\"><a href=\"http:\/\/www.si-hu.eu\/2127\/wp-content\/uploads\/sites\/14\/2024\/10\/9-Osrednji-dogodek-3-scaled.jpg\" rel=\"noreferrer\" data-rel=\"iLightbox[gallery_image_1]\" class=\"fusion-lightbox\" target=\"_self\"><img src=\"http:\/\/www.si-hu.eu\/2127\/wp-content\/uploads\/sites\/14\/2024\/10\/9-Osrednji-dogodek-3-460x295.jpg\" width=\"460\" height=\"295\" alt=\"\" title=\"9 Osrednji dogodek 3\" aria-label=\"9 Osrednji dogodek 3\" class=\"img-responsive wp-image-11081 fusion-gallery-image-size-fixed\" \/><\/a><\/div><\/div><div class=\"clearfix\"><\/div><div style=\"padding:5px;\" class=\"fusion-grid-column fusion-gallery-column fusion-gallery-column-3 hover-type-none\"><div class=\"fusion-gallery-image\"><a href=\"http:\/\/www.si-hu.eu\/2127\/wp-content\/uploads\/sites\/14\/2024\/10\/10-Cobin-2-scaled.jpg\" rel=\"noreferrer\" data-rel=\"iLightbox[gallery_image_1]\" class=\"fusion-lightbox\" target=\"_self\"><img src=\"http:\/\/www.si-hu.eu\/2127\/wp-content\/uploads\/sites\/14\/2024\/10\/10-Cobin-2-460x295.jpg\" width=\"460\" height=\"295\" alt=\"\" title=\"10 \u010cobin 2\" aria-label=\"10 \u010cobin 2\" class=\"img-responsive wp-image-11084 fusion-gallery-image-size-fixed\" \/><\/a><\/div><\/div><div style=\"padding:5px;\" class=\"fusion-grid-column fusion-gallery-column fusion-gallery-column-3 hover-type-none\"><div class=\"fusion-gallery-image\"><a href=\"http:\/\/www.si-hu.eu\/2127\/wp-content\/uploads\/sites\/14\/2024\/10\/11-Cobin-scaled.jpg\" rel=\"noreferrer\" data-rel=\"iLightbox[gallery_image_1]\" class=\"fusion-lightbox\" target=\"_self\"><img src=\"http:\/\/www.si-hu.eu\/2127\/wp-content\/uploads\/sites\/14\/2024\/10\/11-Cobin-460x295.jpg\" width=\"460\" height=\"295\" alt=\"\" title=\"11 \u010cobin\" aria-label=\"11 \u010cobin\" class=\"img-responsive wp-image-11087 fusion-gallery-image-size-fixed\" \/><\/a><\/div><\/div><div style=\"padding:5px;\" class=\"fusion-grid-column fusion-gallery-column fusion-gallery-column-3 hover-type-none\"><div class=\"fusion-gallery-image\"><a href=\"http:\/\/www.si-hu.eu\/2127\/wp-content\/uploads\/sites\/14\/2024\/10\/12-Kiseg-scaled.jpg\" rel=\"noreferrer\" data-rel=\"iLightbox[gallery_image_1]\" class=\"fusion-lightbox\" target=\"_self\"><img src=\"http:\/\/www.si-hu.eu\/2127\/wp-content\/uploads\/sites\/14\/2024\/10\/12-Kiseg-460x295.jpg\" width=\"460\" height=\"295\" alt=\"\" title=\"12 Kiseg\" aria-label=\"12 Kiseg\" class=\"img-responsive wp-image-11090 fusion-gallery-image-size-fixed\" \/><\/a><\/div><\/div><div class=\"clearfix\"><\/div><div style=\"padding:5px;\" class=\"fusion-grid-column fusion-gallery-column fusion-gallery-column-3 hover-type-none\"><div class=\"fusion-gallery-image\"><a href=\"http:\/\/www.si-hu.eu\/2127\/wp-content\/uploads\/sites\/14\/2024\/10\/13-Razstava-v-Sakalovcih-scaled.jpg\" rel=\"noreferrer\" data-rel=\"iLightbox[gallery_image_1]\" class=\"fusion-lightbox\" target=\"_self\"><img src=\"http:\/\/www.si-hu.eu\/2127\/wp-content\/uploads\/sites\/14\/2024\/10\/13-Razstava-v-Sakalovcih-460x295.jpg\" width=\"460\" height=\"295\" alt=\"\" title=\"13 Razstava v Sakalovcih\" aria-label=\"13 Razstava v Sakalovcih\" class=\"img-responsive wp-image-11093 fusion-gallery-image-size-fixed\" \/><\/a><\/div><\/div><div style=\"padding:5px;\" class=\"fusion-grid-column fusion-gallery-column fusion-gallery-column-3 hover-type-none\"><div class=\"fusion-gallery-image\"><a href=\"http:\/\/www.si-hu.eu\/2127\/wp-content\/uploads\/sites\/14\/2024\/10\/14-Dogodek-v-Sakalovcih-2-scaled.jpg\" rel=\"noreferrer\" data-rel=\"iLightbox[gallery_image_1]\" class=\"fusion-lightbox\" target=\"_self\"><img src=\"http:\/\/www.si-hu.eu\/2127\/wp-content\/uploads\/sites\/14\/2024\/10\/14-Dogodek-v-Sakalovcih-2-460x295.jpg\" width=\"460\" height=\"295\" alt=\"\" title=\"14 Dogodek v Sakalovcih 2\" aria-label=\"14 Dogodek v Sakalovcih 2\" class=\"img-responsive wp-image-11096 fusion-gallery-image-size-fixed\" \/><\/a><\/div><\/div><div style=\"padding:5px;\" class=\"fusion-grid-column fusion-gallery-column fusion-gallery-column-3 hover-type-none\"><div class=\"fusion-gallery-image\"><a href=\"http:\/\/www.si-hu.eu\/2127\/wp-content\/uploads\/sites\/14\/2024\/10\/15-Dogodek-v-Sakalovci-scaled.jpg\" rel=\"noreferrer\" data-rel=\"iLightbox[gallery_image_1]\" class=\"fusion-lightbox\" target=\"_self\"><img src=\"http:\/\/www.si-hu.eu\/2127\/wp-content\/uploads\/sites\/14\/2024\/10\/15-Dogodek-v-Sakalovci-460x295.jpg\" width=\"460\" height=\"295\" alt=\"\" title=\"15 Dogodek v Sakalovci\" aria-label=\"15 Dogodek v Sakalovci\" class=\"img-responsive wp-image-11099 fusion-gallery-image-size-fixed\" \/><\/a><\/div><\/div><div class=\"clearfix\"><\/div><div style=\"padding:5px;\" class=\"fusion-grid-column fusion-gallery-column fusion-gallery-column-3 hover-type-none\"><div class=\"fusion-gallery-image\"><a href=\"http:\/\/www.si-hu.eu\/2127\/wp-content\/uploads\/sites\/14\/2024\/10\/16-Delavnica-roz-scaled.jpg\" rel=\"noreferrer\" data-rel=\"iLightbox[gallery_image_1]\" class=\"fusion-lightbox\" target=\"_self\"><img src=\"http:\/\/www.si-hu.eu\/2127\/wp-content\/uploads\/sites\/14\/2024\/10\/16-Delavnica-roz-460x295.jpg\" width=\"460\" height=\"295\" alt=\"\" title=\"16 Delavnica ro\u017e\" aria-label=\"16 Delavnica ro\u017e\" class=\"img-responsive wp-image-11102 fusion-gallery-image-size-fixed\" \/><\/a><\/div><\/div><\/div><\/div><style type=\"text\/css\">.fusion-body .fusion-builder-column-0{width:100% !important;margin-top : 0px;margin-bottom : 0px;}.fusion-builder-column-0 > .fusion-column-wrapper {padding-top : 0px !important;padding-right : 0px !important;margin-right : 1.92%;padding-bottom : 0px !important;padding-left : 0px !important;margin-left : 1.92%;}@media only screen and (max-width:1024px) {.fusion-body .fusion-builder-column-0{width:100% !important;}.fusion-builder-column-0 > .fusion-column-wrapper {margin-right : 1.92%;margin-left : 1.92%;}}@media only screen and (max-width:640px) {.fusion-body .fusion-builder-column-0{width:100% !important;}.fusion-builder-column-0 > .fusion-column-wrapper {margin-right : 1.92%;margin-left : 1.92%;}}<\/style><\/div><\/div><style type=\"text\/css\">.fusion-body .fusion-flex-container.fusion-builder-row-1{ padding-top : 0px;margin-top : 0px;padding-right : 0px;padding-bottom : 0px;margin-bottom : 0px;padding-left : 0px;}<\/style><\/div>\n","protected":false},"excerpt":{"rendered":"<p>Projekt &#8220;Kot neko\u010d K\u00fczmi\u010d,&#8221; ki povezuje ob\u010dini Puconci v Sloveniji in Sakalovci (Szakonyfalu) na Mad\u017earskem, je s svojimi dogodki navdu\u0161il \u0161tevilne udele\u017eence, ki so se zbrali, da bi obudili bogato kulturno in zgodovinsko dedi\u0161\u010dino prekmurskega reformatorja \u0160tevana K\u00fczmi\u010da. <\/p>\n","protected":false},"author":19,"featured_media":11108,"comment_status":"open","ping_status":"open","sticky":false,"template":"","format":"standard","meta":{"ngg_post_thumbnail":0},"categories":[81],"tags":[],"_links":{"self":[{"href":"http:\/\/www.si-hu.eu\/2127\/sl\/wp-json\/wp\/v2\/posts\/11054"}],"collection":[{"href":"http:\/\/www.si-hu.eu\/2127\/sl\/wp-json\/wp\/v2\/posts"}],"about":[{"href":"http:\/\/www.si-hu.eu\/2127\/sl\/wp-json\/wp\/v2\/types\/post"}],"author":[{"embeddable":true,"href":"http:\/\/www.si-hu.eu\/2127\/sl\/wp-json\/wp\/v2\/users\/19"}],"replies":[{"embeddable":true,"href":"http:\/\/www.si-hu.eu\/2127\/sl\/wp-json\/wp\/v2\/comments?post=11054"}],"version-history":[{"count":1,"href":"http:\/\/www.si-hu.eu\/2127\/sl\/wp-json\/wp\/v2\/posts\/11054\/revisions"}],"predecessor-version":[{"id":11115,"href":"http:\/\/www.si-hu.eu\/2127\/sl\/wp-json\/wp\/v2\/posts\/11054\/revisions\/11115"}],"wp:featuredmedia":[{"embeddable":true,"href":"http:\/\/www.si-hu.eu\/2127\/sl\/wp-json\/wp\/v2\/media\/11108"}],"wp:attachment":[{"href":"http:\/\/www.si-hu.eu\/2127\/sl\/wp-json\/wp\/v2\/media?parent=11054"}],"wp:term":[{"taxonomy":"category","embeddable":true,"href":"http:\/\/www.si-hu.eu\/2127\/sl\/wp-json\/wp\/v2\/categories?post=11054"},{"taxonomy":"post_tag","embeddable":true,"href":"http:\/\/www.si-hu.eu\/2127\/sl\/wp-json\/wp\/v2\/tags?post=11054"}],"curies":[{"name":"wp","href":"https:\/\/api.w.org\/{rel}","templated":true}]}}