{"id":11778,"date":"2025-01-31T13:52:40","date_gmt":"2025-01-31T12:52:40","guid":{"rendered":"http:\/\/www.si-hu.eu\/2127\/?p=11778"},"modified":"2025-01-31T14:44:31","modified_gmt":"2025-01-31T13:44:31","slug":"cilj-mura-zala-delavnice-v-lendavi-je-bil-krepitev-zaupanja","status":"publish","type":"post","link":"http:\/\/www.si-hu.eu\/2127\/sl\/2025\/01\/31\/cilj-mura-zala-delavnice-v-lendavi-je-bil-krepitev-zaupanja\/","title":{"rendered":"Cilj MURA-ZALA delavnice v Lendavi je bil krepitev zaupanja"},"content":{"rendered":"<div class=\"fusion-fullwidth fullwidth-box fusion-builder-row-1 fusion-flex-container nonhundred-percent-fullwidth non-hundred-percent-height-scrolling\" style=\"background-color: rgba(255,255,255,0);background-position: center center;background-repeat: no-repeat;border-width: 0px 0px 0px 0px;border-color:#e2e2e2;border-style:solid;\" ><div class=\"fusion-builder-row fusion-row fusion-flex-align-items-flex-start\" style=\"max-width:1248px;margin-left: calc(-4% \/ 2 );margin-right: calc(-4% \/ 2 );\"><div class=\"fusion-layout-column fusion_builder_column fusion-builder-column-0 fusion_builder_column_1_1 1_1 fusion-flex-column\"><div class=\"fusion-column-wrapper fusion-flex-justify-content-flex-start fusion-content-layout-column\" style=\"background-position:left top;background-repeat:no-repeat;-webkit-background-size:cover;-moz-background-size:cover;-o-background-size:cover;background-size:cover;padding: 0px 0px 0px 0px;\"><div class=\"fusion-text fusion-text-1\"><p><img class=\"size-medium wp-image-8807 alignleft\" src=\"http:\/\/www.si-hu.eu\/2127\/wp-content\/uploads\/sites\/14\/2024\/03\/MURA-ZALA-Youth-Community-Project-logo-Slovenia-Hungary_bilingual_color-500x258.png\" alt=\"\" width=\"500\" height=\"258\" srcset=\"http:\/\/www.si-hu.eu\/2127\/wp-content\/uploads\/sites\/14\/2024\/03\/MURA-ZALA-Youth-Community-Project-logo-Slovenia-Hungary_bilingual_color-200x103.png 200w, http:\/\/www.si-hu.eu\/2127\/wp-content\/uploads\/sites\/14\/2024\/03\/MURA-ZALA-Youth-Community-Project-logo-Slovenia-Hungary_bilingual_color-400x206.png 400w, http:\/\/www.si-hu.eu\/2127\/wp-content\/uploads\/sites\/14\/2024\/03\/MURA-ZALA-Youth-Community-Project-logo-Slovenia-Hungary_bilingual_color-500x258.png 500w, http:\/\/www.si-hu.eu\/2127\/wp-content\/uploads\/sites\/14\/2024\/03\/MURA-ZALA-Youth-Community-Project-logo-Slovenia-Hungary_bilingual_color-600x310.png 600w, http:\/\/www.si-hu.eu\/2127\/wp-content\/uploads\/sites\/14\/2024\/03\/MURA-ZALA-Youth-Community-Project-logo-Slovenia-Hungary_bilingual_color-768x396.png 768w, http:\/\/www.si-hu.eu\/2127\/wp-content\/uploads\/sites\/14\/2024\/03\/MURA-ZALA-Youth-Community-Project-logo-Slovenia-Hungary_bilingual_color-800x413.png 800w, http:\/\/www.si-hu.eu\/2127\/wp-content\/uploads\/sites\/14\/2024\/03\/MURA-ZALA-Youth-Community-Project-logo-Slovenia-Hungary_bilingual_color-1024x529.png 1024w, http:\/\/www.si-hu.eu\/2127\/wp-content\/uploads\/sites\/14\/2024\/03\/MURA-ZALA-Youth-Community-Project-logo-Slovenia-Hungary_bilingual_color-1200x619.png 1200w, http:\/\/www.si-hu.eu\/2127\/wp-content\/uploads\/sites\/14\/2024\/03\/MURA-ZALA-Youth-Community-Project-logo-Slovenia-Hungary_bilingual_color-1536x793.png 1536w\" sizes=\"(max-width: 500px) 100vw, 500px\" \/><\/p>\n<p>Na delavnici, ki je 21. januarja 2025 potekala v sejni dvorani Mestne hi\u0161e Ob\u010dine Lendava, so se vodje zavodov, u\u010ditelji in vzgojitelji izobra\u017eevalnih ustanov iz Slovenije in Zalaegerszega seznanili z mre\u017eo srednje\u0161olskih in visoko\u0161olskih zavodov ter njihovimi povezavami v obmejnem prostoru ( Pomurska regija in Zalska \u017eupanija).&nbsp;Delavnico za vodje ustanov MURA-ZALA so organizirali Ob\u010dina Lendava, Pomursko mad\u017earsko mladinsko dru\u0161tvo (PMMD) in Sklad za gospodarska, informacijska in tehnolo\u0161ka izobra\u017eevanja Zalaegerszeg kot partnerji projekta MURA-ZALA Youth Community.<\/p>\n<p>Na za\u010detku programa je udele\u017eence pozdravil Janez Magyar, \u017eupan Ob\u010dine Lendava. V svojem govoru je poudaril tesno povezavo med izobra\u017eevanjem in gospodarstvom. Izobra\u017eevanje u\u010dencem ne daje le znanja, temve\u010d jim daje tudi mo\u017enost, da najdejo zaposlitev v lokalnem gospodarstvu. Poudaril je pomen poletnega \u0161tudentskega dela, ki mladim pomaga pridobiti izku\u0161nje na trgu dela, koristi pa tudi podjetjem, saj jim omogo\u010da delo z mladimi talenti. Janez Magyar je govoril o uspehu pobratenja, pri katerem ima \u0161port posredni\u0161ko vlogo. Omenil je gospodarski razvoj Lendave, njeno bogato zgodovino ter kulturno in versko raznolikost. \u017dupan je poudaril pomen usposabljanja in podpore mladim. Sistem od vrtca do visoko\u0161olskega izobra\u017eevanja je osnova za razvoj lokalne skupnosti. Cilj sodelovanja z izobra\u017eevalnimi ustanovami je mladim zagotoviti ustrezno znanje in izku\u0161nje, ki bodo prispevali h gospodarstvu regije.<\/p>\n<p>V nadaljecvanju je Dr. Annam\u00e1ria Gr\u00f3f, sekretarka Dru\u0161tva pedago\u0161kih delavcev dvojezi\u010dnih \u0161ol in vrtcev Prekmurja nadaljevala s predstavitvijo slovenskega dvojezi\u010dnega izobra\u017eevalnega sistema. Izpostavila je, da izobra\u017eevalni sistem temelji na dvojezi\u010dnih ustanovah, ki izvajajo dvojezi\u010dno izobra\u017eevanje na vseh stopnjah, od vrtca do srednje \u0161ole. Vzporedno se pou\u010dujeta materin\u0161\u010dina in sloven\u0161\u010dina, opismenjevanje pa poteka v materin\u0161\u010dini. Cilj sistema je zagotoviti u\u010dencem visoko raven znanja obeh jezikov. Vzporedni izobra\u017eevalni sistem, uveden leta 2012, omogo\u010da u\u010dencem hkratno u\u010denje mad\u017ear\u0161\u010dine in sloven\u0161\u010dine ter se prilagaja potrebam dru\u017ein in skupnosti. Trenutno je v Sloveniji na voljo le omejeno \u0161tevilo visoko\u0161olskih izobra\u017eevalnih mo\u017enosti v mad\u017earskem jeziku, kar predstavlja te\u017eavo za usposabljanje mad\u017earsko govore\u010dih u\u010diteljev in spodkopava trajnost dvojezi\u010dnega izobra\u017eevanja.<\/p>\n<p>Tretji v vrsti je bil Tibor Tom\u0161i\u010d, namestnik ravnateljice Dvojezi\u010dne srednje \u0161ole Lendava. Pri ve\u010d predmetih se dijaki lahko u\u010dijo iz u\u010dbenikov v mad\u017earskem in slovenskem jeziku. Ustanova ponuja izobra\u017eevanje na 16 podro\u010djih v poklicnem izobra\u017eevanju, poklicni srednji \u0161oli in gimnaziji.<\/p>\n<p>V nadaljevanju je generalni direktor P\u00e9ter Decsi predstavil Univerzitetni center Univerze Pannon v Zalaegerszegu in njegovo ponudbo izobra\u017eevanj ter izpostavil povezave med institucijama na podro\u010dju ekonomije in tehnike. &nbsp;Ildik\u00f3 Pal\u00e1nyi, dekanja Fakultete za poslovno upravo v Zalaegerszegu, je predstavila vzor\u010dni u\u010dni na\u010drt dodiplomskega \u0161tudija poslovne uprave in mened\u017ementa.<\/p>\n<p>Istv\u00e1n Varga, strokovni vodja regijskega \u0161olskega centra v Zalaegerszegu, je predstavil mre\u017eo srednjih javnih izobra\u017eevalnih ustanov na Mad\u017earskem s posebnim poudarkom regije Zala.<\/p>\n<p>Predsednik Patrik Bogar je poro\u010dal o dejavnostih in programih Pomurskega mad\u017earskega mladinskega dru\u0161tva (PMMD).<\/p>\n<p>Ob koncu uradnega dela programa je potekala okrogla miza, ki jo je vodil Istv\u00e1n J\u00f3na, referent za komunikacije Univerze Pannon, na kateri so razpravljali o povezavah med institucijami, re\u0161itvah za raz\u0161iritev vpisnih mo\u017enosti, organizaciji in izvajanju razpisov, dobrih praksah in skupnih programih. Ob koncu dogodka so si udele\u017eenci ogledali znamenitosti mesta, nato pa obiskali u\u010dilnice Dvojezi\u010dne srednje \u0161ole Lendava.<\/p>\n<p>Udele\u017eenci upajo, da bodo aktivni odnosi med obema regijama kot rezultat dogodka in njegovih izku\u0161enj odprli nove prilo\u017enosti za skupna partnerstva med srednje\u0161olskimi in visoko\u0161olskimi ustanovami, ustvarjanje delovnih mest in ohranjanje mladih v obmo\u010dju.<\/p>\n<p>Slike: MURA-ZALA Youth Community<\/p>\n<\/div><style type=\"text\/css\">.fusion-gallery-1 .fusion-gallery-image {border:0px solid #e2e2e2;}<\/style><div class=\"fusion-gallery fusion-gallery-container fusion-grid-3 fusion-columns-total-9 fusion-gallery-layout-grid fusion-gallery-1\" style=\"margin:-5px;\"><div style=\"padding:5px;\" class=\"fusion-grid-column fusion-gallery-column fusion-gallery-column-3 hover-type-none\"><div class=\"fusion-gallery-image\"><a href=\"http:\/\/www.si-hu.eu\/2127\/wp-content\/uploads\/sites\/14\/2025\/01\/MuraZalaYouth-workshop-7.jpg\" rel=\"noreferrer\" data-rel=\"iLightbox[gallery_image_1]\" class=\"fusion-lightbox\" target=\"_self\"><img src=\"http:\/\/www.si-hu.eu\/2127\/wp-content\/uploads\/sites\/14\/2025\/01\/MuraZalaYouth-workshop-7-460x295.jpg\" width=\"460\" height=\"295\" alt=\"\" title=\"MuraZalaYouth workshop (7)\" aria-label=\"MuraZalaYouth workshop (7)\" class=\"img-responsive wp-image-11799 fusion-gallery-image-size-fixed\" \/><\/a><\/div><\/div><div style=\"padding:5px;\" class=\"fusion-grid-column fusion-gallery-column fusion-gallery-column-3 hover-type-none\"><div class=\"fusion-gallery-image\"><a href=\"http:\/\/www.si-hu.eu\/2127\/wp-content\/uploads\/sites\/14\/2025\/01\/MuraZalaYouth-workshop-6.jpg\" rel=\"noreferrer\" data-rel=\"iLightbox[gallery_image_1]\" class=\"fusion-lightbox\" target=\"_self\"><img src=\"http:\/\/www.si-hu.eu\/2127\/wp-content\/uploads\/sites\/14\/2025\/01\/MuraZalaYouth-workshop-6-460x295.jpg\" width=\"460\" height=\"295\" alt=\"\" title=\"MuraZalaYouth workshop (6)\" aria-label=\"MuraZalaYouth workshop (6)\" class=\"img-responsive wp-image-11796 fusion-gallery-image-size-fixed\" \/><\/a><\/div><\/div><div style=\"padding:5px;\" class=\"fusion-grid-column fusion-gallery-column fusion-gallery-column-3 hover-type-none\"><div class=\"fusion-gallery-image\"><a href=\"http:\/\/www.si-hu.eu\/2127\/wp-content\/uploads\/sites\/14\/2025\/01\/MuraZalaYouth-workshop-5.jpg\" rel=\"noreferrer\" data-rel=\"iLightbox[gallery_image_1]\" class=\"fusion-lightbox\" target=\"_self\"><img src=\"http:\/\/www.si-hu.eu\/2127\/wp-content\/uploads\/sites\/14\/2025\/01\/MuraZalaYouth-workshop-5-460x295.jpg\" width=\"460\" height=\"295\" alt=\"\" title=\"MuraZalaYouth workshop (5)\" aria-label=\"MuraZalaYouth workshop (5)\" class=\"img-responsive wp-image-11793 fusion-gallery-image-size-fixed\" \/><\/a><\/div><\/div><div class=\"clearfix\"><\/div><div style=\"padding:5px;\" class=\"fusion-grid-column fusion-gallery-column fusion-gallery-column-3 hover-type-none\"><div class=\"fusion-gallery-image\"><a href=\"http:\/\/www.si-hu.eu\/2127\/wp-content\/uploads\/sites\/14\/2025\/01\/MuraZalaYouth-workshop-4.jpg\" rel=\"noreferrer\" data-rel=\"iLightbox[gallery_image_1]\" class=\"fusion-lightbox\" target=\"_self\"><img src=\"http:\/\/www.si-hu.eu\/2127\/wp-content\/uploads\/sites\/14\/2025\/01\/MuraZalaYouth-workshop-4-460x295.jpg\" width=\"460\" height=\"295\" alt=\"\" title=\"MuraZalaYouth workshop (4)\" aria-label=\"MuraZalaYouth workshop (4)\" class=\"img-responsive wp-image-11790 fusion-gallery-image-size-fixed\" \/><\/a><\/div><\/div><div style=\"padding:5px;\" class=\"fusion-grid-column fusion-gallery-column fusion-gallery-column-3 hover-type-none\"><div class=\"fusion-gallery-image\"><a href=\"http:\/\/www.si-hu.eu\/2127\/wp-content\/uploads\/sites\/14\/2025\/01\/MuraZalaYouth-workshop-3.jpg\" rel=\"noreferrer\" data-rel=\"iLightbox[gallery_image_1]\" class=\"fusion-lightbox\" target=\"_self\"><img src=\"http:\/\/www.si-hu.eu\/2127\/wp-content\/uploads\/sites\/14\/2025\/01\/MuraZalaYouth-workshop-3-460x295.jpg\" width=\"460\" height=\"295\" alt=\"\" title=\"MuraZalaYouth workshop (3)\" aria-label=\"MuraZalaYouth workshop (3)\" class=\"img-responsive wp-image-11787 fusion-gallery-image-size-fixed\" \/><\/a><\/div><\/div><div style=\"padding:5px;\" class=\"fusion-grid-column fusion-gallery-column fusion-gallery-column-3 hover-type-none\"><div class=\"fusion-gallery-image\"><a href=\"http:\/\/www.si-hu.eu\/2127\/wp-content\/uploads\/sites\/14\/2025\/01\/MuraZalaYouth-workshop-2.jpg\" rel=\"noreferrer\" data-rel=\"iLightbox[gallery_image_1]\" class=\"fusion-lightbox\" target=\"_self\"><img src=\"http:\/\/www.si-hu.eu\/2127\/wp-content\/uploads\/sites\/14\/2025\/01\/MuraZalaYouth-workshop-2-460x295.jpg\" width=\"460\" height=\"295\" alt=\"\" title=\"MuraZalaYouth workshop (2)\" aria-label=\"MuraZalaYouth workshop (2)\" class=\"img-responsive wp-image-11784 fusion-gallery-image-size-fixed\" \/><\/a><\/div><\/div><div class=\"clearfix\"><\/div><div style=\"padding:5px;\" class=\"fusion-grid-column fusion-gallery-column fusion-gallery-column-3 hover-type-none\"><div class=\"fusion-gallery-image\"><a href=\"http:\/\/www.si-hu.eu\/2127\/wp-content\/uploads\/sites\/14\/2025\/01\/MuraZalaYouth-workshop-1.jpg\" rel=\"noreferrer\" data-rel=\"iLightbox[gallery_image_1]\" class=\"fusion-lightbox\" target=\"_self\"><img src=\"http:\/\/www.si-hu.eu\/2127\/wp-content\/uploads\/sites\/14\/2025\/01\/MuraZalaYouth-workshop-1-460x295.jpg\" width=\"460\" height=\"295\" alt=\"\" title=\"MuraZalaYouth workshop (1)\" aria-label=\"MuraZalaYouth workshop (1)\" class=\"img-responsive wp-image-11781 fusion-gallery-image-size-fixed\" \/><\/a><\/div><\/div><div style=\"padding:5px;\" class=\"fusion-grid-column fusion-gallery-column fusion-gallery-column-3 hover-type-none\"><div class=\"fusion-gallery-image\"><a href=\"http:\/\/www.si-hu.eu\/2127\/wp-content\/uploads\/sites\/14\/2025\/01\/MuraZalaYouth-workshop-8.jpg\" rel=\"noreferrer\" data-rel=\"iLightbox[gallery_image_1]\" class=\"fusion-lightbox\" target=\"_self\"><img src=\"http:\/\/www.si-hu.eu\/2127\/wp-content\/uploads\/sites\/14\/2025\/01\/MuraZalaYouth-workshop-8-460x295.jpg\" width=\"460\" height=\"295\" alt=\"\" title=\"MuraZalaYouth workshop (8)\" aria-label=\"MuraZalaYouth workshop (8)\" class=\"img-responsive wp-image-11802 fusion-gallery-image-size-fixed\" \/><\/a><\/div><\/div><div style=\"padding:5px;\" class=\"fusion-grid-column fusion-gallery-column fusion-gallery-column-3 hover-type-none\"><div class=\"fusion-gallery-image\"><a href=\"http:\/\/www.si-hu.eu\/2127\/wp-content\/uploads\/sites\/14\/2025\/01\/MuraZalaYouth-workshop-9.jpg\" rel=\"noreferrer\" data-rel=\"iLightbox[gallery_image_1]\" class=\"fusion-lightbox\" target=\"_self\"><img src=\"http:\/\/www.si-hu.eu\/2127\/wp-content\/uploads\/sites\/14\/2025\/01\/MuraZalaYouth-workshop-9-460x295.jpg\" width=\"460\" height=\"295\" alt=\"\" title=\"MuraZalaYouth workshop (9)\" aria-label=\"MuraZalaYouth workshop (9)\" class=\"img-responsive wp-image-11805 fusion-gallery-image-size-fixed\" \/><\/a><\/div><\/div><div class=\"clearfix\"><\/div><\/div><\/div><style type=\"text\/css\">.fusion-body .fusion-builder-column-0{width:100% !important;margin-top : 0px;margin-bottom : 0px;}.fusion-builder-column-0 > .fusion-column-wrapper {padding-top : 0px !important;padding-right : 0px !important;margin-right : 1.92%;padding-bottom : 0px !important;padding-left : 0px !important;margin-left : 1.92%;}@media only screen and (max-width:1024px) {.fusion-body .fusion-builder-column-0{width:100% !important;}.fusion-builder-column-0 > .fusion-column-wrapper {margin-right : 1.92%;margin-left : 1.92%;}}@media only screen and (max-width:640px) {.fusion-body .fusion-builder-column-0{width:100% !important;}.fusion-builder-column-0 > .fusion-column-wrapper {margin-right : 1.92%;margin-left : 1.92%;}}<\/style><\/div><\/div><style type=\"text\/css\">.fusion-body .fusion-flex-container.fusion-builder-row-1{ padding-top : 0px;margin-top : 0px;padding-right : 0px;padding-bottom : 0px;margin-bottom : 0px;padding-left : 0px;}<\/style><\/div>\n","protected":false},"excerpt":{"rendered":"<p>Na delavnici, ki je 21. januarja 2025 potekala v sejni dvorani Mestne hi\u0161e Ob\u010dine Lendava, so se vodje zavodov, u\u010ditelji in vzgojitelji izobra\u017eevalnih ustanov iz Slovenije in Zalaegerszega seznanili z mre\u017eo srednje\u0161olskih in visoko\u0161olskih zavodov ter njihovimi povezavami v obmejnem prostoru ( Pomurska regija in Zalska \u017eupanija). <\/p>\n","protected":false},"author":19,"featured_media":11812,"comment_status":"open","ping_status":"open","sticky":false,"template":"","format":"standard","meta":{"ngg_post_thumbnail":0},"categories":[81],"tags":[],"_links":{"self":[{"href":"http:\/\/www.si-hu.eu\/2127\/sl\/wp-json\/wp\/v2\/posts\/11778"}],"collection":[{"href":"http:\/\/www.si-hu.eu\/2127\/sl\/wp-json\/wp\/v2\/posts"}],"about":[{"href":"http:\/\/www.si-hu.eu\/2127\/sl\/wp-json\/wp\/v2\/types\/post"}],"author":[{"embeddable":true,"href":"http:\/\/www.si-hu.eu\/2127\/sl\/wp-json\/wp\/v2\/users\/19"}],"replies":[{"embeddable":true,"href":"http:\/\/www.si-hu.eu\/2127\/sl\/wp-json\/wp\/v2\/comments?post=11778"}],"version-history":[{"count":3,"href":"http:\/\/www.si-hu.eu\/2127\/sl\/wp-json\/wp\/v2\/posts\/11778\/revisions"}],"predecessor-version":[{"id":11818,"href":"http:\/\/www.si-hu.eu\/2127\/sl\/wp-json\/wp\/v2\/posts\/11778\/revisions\/11818"}],"wp:featuredmedia":[{"embeddable":true,"href":"http:\/\/www.si-hu.eu\/2127\/sl\/wp-json\/wp\/v2\/media\/11812"}],"wp:attachment":[{"href":"http:\/\/www.si-hu.eu\/2127\/sl\/wp-json\/wp\/v2\/media?parent=11778"}],"wp:term":[{"taxonomy":"category","embeddable":true,"href":"http:\/\/www.si-hu.eu\/2127\/sl\/wp-json\/wp\/v2\/categories?post=11778"},{"taxonomy":"post_tag","embeddable":true,"href":"http:\/\/www.si-hu.eu\/2127\/sl\/wp-json\/wp\/v2\/tags?post=11778"}],"curies":[{"name":"wp","href":"https:\/\/api.w.org\/{rel}","templated":true}]}}