{"id":12318,"date":"2025-03-26T10:41:48","date_gmt":"2025-03-26T09:41:48","guid":{"rendered":"http:\/\/www.si-hu.eu\/2127\/?p=12318"},"modified":"2025-03-26T10:41:48","modified_gmt":"2025-03-26T09:41:48","slug":"interreg-go-kljucni-trenutek-za-evropsko-teritorialno-sodelovanje","status":"publish","type":"post","link":"http:\/\/www.si-hu.eu\/2127\/sl\/2025\/03\/26\/interreg-go-kljucni-trenutek-za-evropsko-teritorialno-sodelovanje\/","title":{"rendered":"Interreg GO! Klju\u010dni trenutek za evropsko teritorialno sodelovanje"},"content":{"rendered":"<p><img class=\"alignnone  wp-image-12324\" src=\"http:\/\/www.si-hu.eu\/2127\/wp-content\/uploads\/sites\/14\/2025\/03\/Interreg-GO-500x127.png\" alt=\"\" width=\"1035\" height=\"263\" srcset=\"http:\/\/www.si-hu.eu\/2127\/wp-content\/uploads\/sites\/14\/2025\/03\/Interreg-GO-200x51.png 200w, http:\/\/www.si-hu.eu\/2127\/wp-content\/uploads\/sites\/14\/2025\/03\/Interreg-GO-400x102.png 400w, http:\/\/www.si-hu.eu\/2127\/wp-content\/uploads\/sites\/14\/2025\/03\/Interreg-GO-500x127.png 500w, http:\/\/www.si-hu.eu\/2127\/wp-content\/uploads\/sites\/14\/2025\/03\/Interreg-GO-600x152.png 600w, http:\/\/www.si-hu.eu\/2127\/wp-content\/uploads\/sites\/14\/2025\/03\/Interreg-GO-768x195.png 768w, http:\/\/www.si-hu.eu\/2127\/wp-content\/uploads\/sites\/14\/2025\/03\/Interreg-GO-800x203.png 800w, http:\/\/www.si-hu.eu\/2127\/wp-content\/uploads\/sites\/14\/2025\/03\/Interreg-GO.png 953w\" sizes=\"(max-width: 1035px) 100vw, 1035px\" \/><\/p>\n<p>\u017de 35 let je Interreg gonilna sila evropske integracije, ki spodbuja \u010dezmejno sodelovanje za spodbujanje rasti, inovacij in vklju\u010devanja v vseh regijah Evrope.<\/p>\n<p><img class=\"size-full wp-image-12321 alignright\" src=\"http:\/\/www.si-hu.eu\/2127\/wp-content\/uploads\/sites\/14\/2025\/03\/Interreg-35.png\" alt=\"\" width=\"200\" height=\"200\" srcset=\"http:\/\/www.si-hu.eu\/2127\/wp-content\/uploads\/sites\/14\/2025\/03\/Interreg-35-66x66.png 66w, http:\/\/www.si-hu.eu\/2127\/wp-content\/uploads\/sites\/14\/2025\/03\/Interreg-35.png 200w\" sizes=\"(max-width: 200px) 100vw, 200px\" \/>Ta dedi\u0161\u010dina se nadaljuje z&nbsp;<a href=\"https:\/\/ec.europa.eu\/regional_policy\/whats-new\/conferences\/interreg-annual-event-2025_en\"><strong>dogodkom Interreg GO!<\/strong><\/a><strong>,<\/strong>&nbsp;klju\u010dni dogodek, ki bo potekal&nbsp;&nbsp;<strong>27. in 28. marca 2025<\/strong>&nbsp;v simboli\u010dnih mestih dvoj\u010dkih&nbsp;<strong>Gorizia in Nova Gorica<\/strong>,&nbsp;<strong>Evropski prestolnici kulture 2025<\/strong>.&nbsp;&nbsp;To sre\u010danje bo&nbsp;<strong>pomemben mejnik<\/strong>&nbsp;pri&nbsp;<strong>oblikovanju prihodnjih Interreg programov po letu 2027<\/strong>, saj bo zdru\u017eilo klju\u010dne dele\u017enike, oblikovalce politik, ki so sodelovali pri posvetovanjih o prihodnjem ve\u010dletnem finan\u010dnem okviru EU.<\/p>\n<p>&nbsp;<\/p>\n<p><strong>Razprave bodo osredoto\u010dene na:<\/strong><\/p>\n<ul>\n<li>Krepitev varnosti meja in usklajene odgovore na migracije<\/li>\n<li>Re\u0161evanje okoljskih izzivov in prepre\u010devanje nesre\u010d<\/li>\n<li>Izbolj\u0161anje \u010dezmejnih javnih storitev in pobud za povezovanje ljudi<\/li>\n<li>Krepitev sodelovanja z dr\u017eavami kandidatkami in sosednjimi dr\u017eavami<\/li>\n<\/ul>\n<p><strong>Kaj pri\u010dakovati:<\/strong><\/p>\n<ul>\n<li>Predstavitev rezultatov javnih posvetovanj, v katerih je sodelovalo&nbsp;<strong>15.000 dr\u017eavljanov<\/strong><\/li>\n<li>Visok nivo razprav o prihodnosti kohezijske politike EU<\/li>\n<li>Strate\u0161ki dialogi o varnosti meja, migracijah, odpornosti na klimatske spremembe in izbolj\u0161anju javnih storitev<\/li>\n<li>Sodelovanje z dr\u017eavami kandidatkami in sosednjimi dr\u017eavami<\/li>\n<\/ul>\n<p>S pri\u010dakovano udele\u017ebo&nbsp;<strong>ve\u010d kot 500 odlo\u010devalcev<\/strong>, bo ta dogodek pomagal oblikovati prihodnost evropskega teritorialnega sodelovanja in bo obvezen za vse, ki oblikujejo prihodnost Evrope!<\/p>\n<p><strong>Na dogodku bodo sodelovali vodilni evropski politiki, med njimi:<\/strong><\/p>\n<ul>\n<li><strong>Raffaele Fitto,<\/strong>&nbsp;izvr\u0161ni podpredsednik Evropske komisije za kohezijo in reforme<\/li>\n<li><strong>Marta Kos,<\/strong>&nbsp;evropska komisarka za \u0161iritev<\/li>\n<li><strong>Aleksander Jev\u0161ek,<\/strong>&nbsp;minister za kohezijo in regionalni razvoj, Slovenija<\/li>\n<li><strong>Massimiliano Fedriga,<\/strong>&nbsp;predsednik Furlanije-Julijske Krajine<\/li>\n<\/ul>\n<p>\u2026 in mnogi drugi!<\/p>\n<p>Dogodek bo prena\u0161an v \u017eivo&nbsp;<a href=\"https:\/\/webcast.ec.europa.eu\/interreg-go-2025-03-27\"><strong>preko web-streama Evropske komisije<\/strong><\/a>.<\/p>\n<p>Pridru\u017eite se pogovoru in oblikujte prihodnost Interrega!<\/p>\n<p>Ve\u010d informacij:&nbsp;<a href=\"https:\/\/ec.europa.eu\/regional_policy\/whats-new\/conferences\/interreg-annual-event-2025_en\"><strong>Inforegio \u2013 Interreg GO 2025<\/strong><\/a><\/p>\n","protected":false},"excerpt":{"rendered":"<p>\u017de 35 let je Interreg gonilna sila evropske integracije, ki spodbuja \u010dezmejno sodelovanje za spodbujanje rasti, inovacij in vklju\u010devanja v vseh regijah Evrope. Ta dedi\u0161\u010dina se nadaljuje z dogodkom Interreg GO!, klju\u010dni dogodek, ki bo potekal   27. in 28. marca 2025 v simboli\u010dnih mestih dvoj\u010dkih Gorizia in Nova Gorica, Evropski prestolnici kulture 2025. <\/p>\n","protected":false},"author":19,"featured_media":12328,"comment_status":"open","ping_status":"open","sticky":false,"template":"","format":"standard","meta":{"ngg_post_thumbnail":0},"categories":[74,84],"tags":[],"_links":{"self":[{"href":"http:\/\/www.si-hu.eu\/2127\/sl\/wp-json\/wp\/v2\/posts\/12318"}],"collection":[{"href":"http:\/\/www.si-hu.eu\/2127\/sl\/wp-json\/wp\/v2\/posts"}],"about":[{"href":"http:\/\/www.si-hu.eu\/2127\/sl\/wp-json\/wp\/v2\/types\/post"}],"author":[{"embeddable":true,"href":"http:\/\/www.si-hu.eu\/2127\/sl\/wp-json\/wp\/v2\/users\/19"}],"replies":[{"embeddable":true,"href":"http:\/\/www.si-hu.eu\/2127\/sl\/wp-json\/wp\/v2\/comments?post=12318"}],"version-history":[{"count":2,"href":"http:\/\/www.si-hu.eu\/2127\/sl\/wp-json\/wp\/v2\/posts\/12318\/revisions"}],"predecessor-version":[{"id":12332,"href":"http:\/\/www.si-hu.eu\/2127\/sl\/wp-json\/wp\/v2\/posts\/12318\/revisions\/12332"}],"wp:featuredmedia":[{"embeddable":true,"href":"http:\/\/www.si-hu.eu\/2127\/sl\/wp-json\/wp\/v2\/media\/12328"}],"wp:attachment":[{"href":"http:\/\/www.si-hu.eu\/2127\/sl\/wp-json\/wp\/v2\/media?parent=12318"}],"wp:term":[{"taxonomy":"category","embeddable":true,"href":"http:\/\/www.si-hu.eu\/2127\/sl\/wp-json\/wp\/v2\/categories?post=12318"},{"taxonomy":"post_tag","embeddable":true,"href":"http:\/\/www.si-hu.eu\/2127\/sl\/wp-json\/wp\/v2\/tags?post=12318"}],"curies":[{"name":"wp","href":"https:\/\/api.w.org\/{rel}","templated":true}]}}