{"id":17838,"date":"2026-03-13T13:06:37","date_gmt":"2026-03-13T12:06:37","guid":{"rendered":"http:\/\/www.si-hu.eu\/2127\/?p=17838"},"modified":"2026-03-13T13:07:23","modified_gmt":"2026-03-13T12:07:23","slug":"houses-to-go-i-aktivna-prireditev-podezelske-hise-v-sodelovanju-ideje-in-priloznosti","status":"publish","type":"post","link":"http:\/\/www.si-hu.eu\/2127\/sl\/2026\/03\/13\/houses-to-go-i-aktivna-prireditev-podezelske-hise-v-sodelovanju-ideje-in-priloznosti\/","title":{"rendered":"HOUSES to go \u2013 I. Aktivna prireditev \u2013 Pode\u017eelske hi\u0161e v sodelovanju: ideje in prilo\u017enosti"},"content":{"rendered":"<div class=\"fusion-fullwidth fullwidth-box fusion-builder-row-1 fusion-flex-container nonhundred-percent-fullwidth non-hundred-percent-height-scrolling\" style=\"background-color: rgba(255,255,255,0);background-position: center center;background-repeat: no-repeat;border-width: 0px 0px 0px 0px;border-color:#e2e2e2;border-style:solid;\" ><div class=\"fusion-builder-row fusion-row fusion-flex-align-items-flex-start\" style=\"max-width:1248px;margin-left: calc(-4% \/ 2 );margin-right: calc(-4% \/ 2 );\"><div class=\"fusion-layout-column fusion_builder_column fusion-builder-column-0 fusion_builder_column_1_1 1_1 fusion-flex-column\"><div class=\"fusion-column-wrapper fusion-flex-justify-content-flex-start fusion-content-layout-column\" style=\"background-position:left top;background-repeat:no-repeat;-webkit-background-size:cover;-moz-background-size:cover;-o-background-size:cover;background-size:cover;padding: 0px 0px 0px 0px;\"><div class=\"fusion-text fusion-text-1\"><p><img class=\"size-medium wp-image-15777 alignleft\" src=\"http:\/\/www.si-hu.eu\/2127\/wp-content\/uploads\/sites\/14\/2025\/11\/HOUSES-to-go-Project-logo-Slovenia-Hungary_bilingual_color-500x258.jpg\" alt=\"\" width=\"500\" height=\"258\" srcset=\"http:\/\/www.si-hu.eu\/2127\/wp-content\/uploads\/sites\/14\/2025\/11\/HOUSES-to-go-Project-logo-Slovenia-Hungary_bilingual_color-200x103.jpg 200w, http:\/\/www.si-hu.eu\/2127\/wp-content\/uploads\/sites\/14\/2025\/11\/HOUSES-to-go-Project-logo-Slovenia-Hungary_bilingual_color-400x206.jpg 400w, http:\/\/www.si-hu.eu\/2127\/wp-content\/uploads\/sites\/14\/2025\/11\/HOUSES-to-go-Project-logo-Slovenia-Hungary_bilingual_color-500x258.jpg 500w, http:\/\/www.si-hu.eu\/2127\/wp-content\/uploads\/sites\/14\/2025\/11\/HOUSES-to-go-Project-logo-Slovenia-Hungary_bilingual_color-600x310.jpg 600w, http:\/\/www.si-hu.eu\/2127\/wp-content\/uploads\/sites\/14\/2025\/11\/HOUSES-to-go-Project-logo-Slovenia-Hungary_bilingual_color-768x396.jpg 768w, http:\/\/www.si-hu.eu\/2127\/wp-content\/uploads\/sites\/14\/2025\/11\/HOUSES-to-go-Project-logo-Slovenia-Hungary_bilingual_color-800x413.jpg 800w, http:\/\/www.si-hu.eu\/2127\/wp-content\/uploads\/sites\/14\/2025\/11\/HOUSES-to-go-Project-logo-Slovenia-Hungary_bilingual_color-1024x529.jpg 1024w, http:\/\/www.si-hu.eu\/2127\/wp-content\/uploads\/sites\/14\/2025\/11\/HOUSES-to-go-Project-logo-Slovenia-Hungary_bilingual_color-1200x619.jpg 1200w, http:\/\/www.si-hu.eu\/2127\/wp-content\/uploads\/sites\/14\/2025\/11\/HOUSES-to-go-Project-logo-Slovenia-Hungary_bilingual_color-1536x793.jpg 1536w\" sizes=\"(max-width: 500px) 100vw, 500px\" \/><\/p>\n<p>V okviru projekta \u00bbHOUSES to go\u00ab bosta organizirana dva aktivna dogodka, katerih namen je priprava tematskih pilotnih dogodkov projekta ter krepitev skupnega na\u010drtovanja in sodelovanja med pode\u017eelskimi hi\u0161ami. Sre\u010danja bodo ponudila prilo\u017enost za skupno izmenjavo idej, pripravo dogodkov, oblikovanje smernic sodelovanja ter spodbujanje navezovanja partnerstev med pode\u017eelskimi hi\u0161ami.<\/p>\n<p>Prvi aktivni dogodek bo potekal v petek, 20. marca 2026, v Sz\u0151l\u0151hegyu pri Oszk\u00f3ju, v kleteh Hegyp\u00e1sztor.<\/p>\n<p>Program se bo za\u010del z uvodnim nagovorom in predstavitvijo trenutnih strokovnih izzivov ter projektnih in tr\u017enih dejavnosti. Sledila bo predstavitev sodelujo\u010dih pode\u017eelskih hi\u0161, ki bo ponudila prilo\u017enost za izmenjavo izku\u0161enj in krepitev medsebojnih povezav.<br \/>\nV popoldanskem delu programa bodo udele\u017eenci skupaj pregledali na\u010drtovane dogodke, nato pa v tematskih skupinah razvijali ideje za pilotne dogodke. Med dnevom bodo imeli prilo\u017enost spoznati tudi kleti Hegyp\u00e1sztor, program pa se bo zaklju\u010dil z neobveznim kulturnim obiskom muzeja pode\u017eelske hi\u0161e v Hegyh\u00e1tszentp\u00e9terju.<\/p>\n<p>Sre\u010danje naj bi prispevalo k okrepitvi strokovnega sodelovanja in spodbudilo nove skupne pobude.<\/p>\n<p><strong><a href=\"http:\/\/www.si-hu.eu\/2127\/wp-content\/uploads\/sites\/14\/2026\/03\/Vabilo_1.-Aktivna-prireditev_Houses-to-go.pdf\">VABILO<\/a><\/strong><\/p>\n<\/div><style type=\"text\/css\">.fusion-gallery-1 .fusion-gallery-image {border:0px solid #e2e2e2;}<\/style><div class=\"fusion-gallery fusion-gallery-container fusion-grid-3 fusion-columns-total-0 fusion-gallery-layout-grid fusion-gallery-1\" style=\"margin:-5px;\"><\/div><\/div><style type=\"text\/css\">.fusion-body .fusion-builder-column-0{width:100% !important;margin-top : 0px;margin-bottom : 0px;}.fusion-builder-column-0 > .fusion-column-wrapper {padding-top : 0px !important;padding-right : 0px !important;margin-right : 1.92%;padding-bottom : 0px !important;padding-left : 0px !important;margin-left : 1.92%;}@media only screen and (max-width:1024px) {.fusion-body .fusion-builder-column-0{width:100% !important;}.fusion-builder-column-0 > .fusion-column-wrapper {margin-right : 1.92%;margin-left : 1.92%;}}@media only screen and (max-width:640px) {.fusion-body .fusion-builder-column-0{width:100% !important;}.fusion-builder-column-0 > .fusion-column-wrapper {margin-right : 1.92%;margin-left : 1.92%;}}<\/style><\/div><\/div><style type=\"text\/css\">.fusion-body .fusion-flex-container.fusion-builder-row-1{ padding-top : 0px;margin-top : 0px;padding-right : 0px;padding-bottom : 0px;margin-bottom : 0px;padding-left : 0px;}<\/style><\/div>\n","protected":false},"excerpt":{"rendered":"<p>V okviru projekta \u00bbHOUSES to go\u00ab bosta organizirana dva aktivna dogodka, katerih namen je priprava tematskih pilotnih dogodkov projekta ter krepitev skupnega na\u010drtovanja in sodelovanja med pode\u017eelskimi hi\u0161ami.<\/p>\n","protected":false},"author":19,"featured_media":17844,"comment_status":"open","ping_status":"open","sticky":false,"template":"","format":"standard","meta":{"ngg_post_thumbnail":0},"categories":[130,81],"tags":[],"_links":{"self":[{"href":"http:\/\/www.si-hu.eu\/2127\/sl\/wp-json\/wp\/v2\/posts\/17838"}],"collection":[{"href":"http:\/\/www.si-hu.eu\/2127\/sl\/wp-json\/wp\/v2\/posts"}],"about":[{"href":"http:\/\/www.si-hu.eu\/2127\/sl\/wp-json\/wp\/v2\/types\/post"}],"author":[{"embeddable":true,"href":"http:\/\/www.si-hu.eu\/2127\/sl\/wp-json\/wp\/v2\/users\/19"}],"replies":[{"embeddable":true,"href":"http:\/\/www.si-hu.eu\/2127\/sl\/wp-json\/wp\/v2\/comments?post=17838"}],"version-history":[{"count":2,"href":"http:\/\/www.si-hu.eu\/2127\/sl\/wp-json\/wp\/v2\/posts\/17838\/revisions"}],"predecessor-version":[{"id":17856,"href":"http:\/\/www.si-hu.eu\/2127\/sl\/wp-json\/wp\/v2\/posts\/17838\/revisions\/17856"}],"wp:featuredmedia":[{"embeddable":true,"href":"http:\/\/www.si-hu.eu\/2127\/sl\/wp-json\/wp\/v2\/media\/17844"}],"wp:attachment":[{"href":"http:\/\/www.si-hu.eu\/2127\/sl\/wp-json\/wp\/v2\/media?parent=17838"}],"wp:term":[{"taxonomy":"category","embeddable":true,"href":"http:\/\/www.si-hu.eu\/2127\/sl\/wp-json\/wp\/v2\/categories?post=17838"},{"taxonomy":"post_tag","embeddable":true,"href":"http:\/\/www.si-hu.eu\/2127\/sl\/wp-json\/wp\/v2\/tags?post=17838"}],"curies":[{"name":"wp","href":"https:\/\/api.w.org\/{rel}","templated":true}]}}