{"id":18522,"date":"2026-04-27T12:59:03","date_gmt":"2026-04-27T10:59:03","guid":{"rendered":"http:\/\/www.si-hu.eu\/2127\/?p=18522"},"modified":"2026-04-27T12:59:03","modified_gmt":"2026-04-27T10:59:03","slug":"houses-to-go-1-aktivacijski-dogodek","status":"publish","type":"post","link":"http:\/\/www.si-hu.eu\/2127\/sl\/2026\/04\/27\/houses-to-go-1-aktivacijski-dogodek\/","title":{"rendered":"HOUSES to go \u2013 1. aktivacijski dogodek"},"content":{"rendered":"<div class=\"fusion-fullwidth fullwidth-box fusion-builder-row-1 fusion-flex-container nonhundred-percent-fullwidth non-hundred-percent-height-scrolling\" style=\"background-color: rgba(255,255,255,0);background-position: center center;background-repeat: no-repeat;border-width: 0px 0px 0px 0px;border-color:#e2e2e2;border-style:solid;\" ><div class=\"fusion-builder-row fusion-row fusion-flex-align-items-flex-start\" style=\"max-width:1248px;margin-left: calc(-4% \/ 2 );margin-right: calc(-4% \/ 2 );\"><div class=\"fusion-layout-column fusion_builder_column fusion-builder-column-0 fusion_builder_column_1_1 1_1 fusion-flex-column\"><div class=\"fusion-column-wrapper fusion-flex-justify-content-flex-start fusion-content-layout-column\" style=\"background-position:left top;background-repeat:no-repeat;-webkit-background-size:cover;-moz-background-size:cover;-o-background-size:cover;background-size:cover;padding: 0px 0px 0px 0px;\"><div class=\"fusion-text fusion-text-1\"><p><a href=\"http:\/\/www.si-hu.eu\/2127\/sl\/p2_houses-to-go_domov\/\"><img class=\"size-medium wp-image-15777 alignnone\" src=\"http:\/\/www.si-hu.eu\/2127\/wp-content\/uploads\/sites\/14\/2025\/11\/HOUSES-to-go-Project-logo-Slovenia-Hungary_bilingual_color-500x258.jpg\" alt=\"\" width=\"500\" height=\"258\" srcset=\"http:\/\/www.si-hu.eu\/2127\/wp-content\/uploads\/sites\/14\/2025\/11\/HOUSES-to-go-Project-logo-Slovenia-Hungary_bilingual_color-200x103.jpg 200w, http:\/\/www.si-hu.eu\/2127\/wp-content\/uploads\/sites\/14\/2025\/11\/HOUSES-to-go-Project-logo-Slovenia-Hungary_bilingual_color-400x206.jpg 400w, http:\/\/www.si-hu.eu\/2127\/wp-content\/uploads\/sites\/14\/2025\/11\/HOUSES-to-go-Project-logo-Slovenia-Hungary_bilingual_color-500x258.jpg 500w, http:\/\/www.si-hu.eu\/2127\/wp-content\/uploads\/sites\/14\/2025\/11\/HOUSES-to-go-Project-logo-Slovenia-Hungary_bilingual_color-600x310.jpg 600w, http:\/\/www.si-hu.eu\/2127\/wp-content\/uploads\/sites\/14\/2025\/11\/HOUSES-to-go-Project-logo-Slovenia-Hungary_bilingual_color-768x396.jpg 768w, http:\/\/www.si-hu.eu\/2127\/wp-content\/uploads\/sites\/14\/2025\/11\/HOUSES-to-go-Project-logo-Slovenia-Hungary_bilingual_color-800x413.jpg 800w, http:\/\/www.si-hu.eu\/2127\/wp-content\/uploads\/sites\/14\/2025\/11\/HOUSES-to-go-Project-logo-Slovenia-Hungary_bilingual_color-1024x529.jpg 1024w, http:\/\/www.si-hu.eu\/2127\/wp-content\/uploads\/sites\/14\/2025\/11\/HOUSES-to-go-Project-logo-Slovenia-Hungary_bilingual_color-1200x619.jpg 1200w, http:\/\/www.si-hu.eu\/2127\/wp-content\/uploads\/sites\/14\/2025\/11\/HOUSES-to-go-Project-logo-Slovenia-Hungary_bilingual_color-1536x793.jpg 1536w\" sizes=\"(max-width: 500px) 100vw, 500px\" \/><\/a><\/p>\n<p>V okviru projekta \u00bbHOUSES to go\u00ab bosta potekala dva aktivacijska dogodka, katerih cilj je priprava na tematske pilotne dogodke, ki bodo organizirani v okviru projekta, ter priprava dogodkov v sodelovanju s pode\u017eelskimi hi\u0161ami, opredelitev smeri sodelovanja in spodbujanje vzpostavljanja partnerstev med pode\u017eelskimi hi\u0161ami. Prvi aktivacijski dogodek bo potekal v sredo, 6. maja 2026, v Oszk\u00f3 Sz\u0151l\u0151hegyju, na obmo\u010dju kleti Hegyp\u00e1sztor (koordinate: 47.04383, 16.90298).<\/p>\n<p>Dogodek se bo za\u010del z registracijo in pozdravnim govorom, sledil bo pregled projekta in opis povezanih tr\u017eenjskih aktivnosti. Sledila bo predstavitev pode\u017eelskih hi\u0161, kar je \u0161e posebej pomembno z vidika izmenjave izku\u0161enj in mre\u017eenja. Po odmoru za kosilo se bo program nadaljeval z uvodom v teme dogodkovnih klicev ter strokovnim pregledom in skupno obdelavo izvedbenega na\u010drta. V drugi polovici popoldneva si bodo udele\u017eenci ogledali kleti Hegyp\u00e1zstor, nato pa bodo v okviru izbirnega programa imeli prilo\u017enost raziskati tudi pode\u017eelsko hi\u0161o Hegyh\u00e1tszentp\u00e9teri. Program prispeva k poglabljanju strokovnih odnosov med partnerji, ki sodelujejo v projektu, in k uspe\u0161ni izvedbi nadaljnjih skupnih dejavnosti.<\/p>\n<p><a href=\"http:\/\/www.si-hu.eu\/2127\/wp-content\/uploads\/sites\/14\/2026\/04\/Vabilo_1.-aktivacijski-dogodek_Houses-to-go_SI.pdf\"><strong>VABILO<\/strong><\/a><\/p>\n<\/div><style type=\"text\/css\">.fusion-gallery-1 .fusion-gallery-image {border:0px solid #e2e2e2;}<\/style><div class=\"fusion-gallery fusion-gallery-container fusion-grid-3 fusion-columns-total-0 fusion-gallery-layout-grid fusion-gallery-1\" style=\"margin:-5px;\"><\/div><\/div><style type=\"text\/css\">.fusion-body .fusion-builder-column-0{width:100% !important;margin-top : 0px;margin-bottom : 0px;}.fusion-builder-column-0 > .fusion-column-wrapper {padding-top : 0px !important;padding-right : 0px !important;margin-right : 1.92%;padding-bottom : 0px !important;padding-left : 0px !important;margin-left : 1.92%;}@media only screen and (max-width:1024px) {.fusion-body .fusion-builder-column-0{width:100% !important;}.fusion-builder-column-0 > .fusion-column-wrapper {margin-right : 1.92%;margin-left : 1.92%;}}@media only screen and (max-width:640px) {.fusion-body .fusion-builder-column-0{width:100% !important;}.fusion-builder-column-0 > .fusion-column-wrapper {margin-right : 1.92%;margin-left : 1.92%;}}<\/style><\/div><\/div><style type=\"text\/css\">.fusion-body .fusion-flex-container.fusion-builder-row-1{ padding-top : 0px;margin-top : 0px;padding-right : 0px;padding-bottom : 0px;margin-bottom : 0px;padding-left : 0px;}<\/style><\/div>\n","protected":false},"excerpt":{"rendered":"<p>V okviru projekta \u00bbHOUSES to go\u00ab bosta potekala dva aktivacijska dogodka. Prvi aktivacijski dogodek bo potekal v sredo, 6. maja 2026, v Oszk\u00f3 Sz\u0151l\u0151hegyju, na obmo\u010dju kleti Hegyp\u00e1sztor<\/p>\n","protected":false},"author":19,"featured_media":18531,"comment_status":"open","ping_status":"open","sticky":false,"template":"","format":"standard","meta":{"ngg_post_thumbnail":0},"categories":[130,81],"tags":[],"_links":{"self":[{"href":"http:\/\/www.si-hu.eu\/2127\/sl\/wp-json\/wp\/v2\/posts\/18522"}],"collection":[{"href":"http:\/\/www.si-hu.eu\/2127\/sl\/wp-json\/wp\/v2\/posts"}],"about":[{"href":"http:\/\/www.si-hu.eu\/2127\/sl\/wp-json\/wp\/v2\/types\/post"}],"author":[{"embeddable":true,"href":"http:\/\/www.si-hu.eu\/2127\/sl\/wp-json\/wp\/v2\/users\/19"}],"replies":[{"embeddable":true,"href":"http:\/\/www.si-hu.eu\/2127\/sl\/wp-json\/wp\/v2\/comments?post=18522"}],"version-history":[{"count":1,"href":"http:\/\/www.si-hu.eu\/2127\/sl\/wp-json\/wp\/v2\/posts\/18522\/revisions"}],"predecessor-version":[{"id":18534,"href":"http:\/\/www.si-hu.eu\/2127\/sl\/wp-json\/wp\/v2\/posts\/18522\/revisions\/18534"}],"wp:featuredmedia":[{"embeddable":true,"href":"http:\/\/www.si-hu.eu\/2127\/sl\/wp-json\/wp\/v2\/media\/18531"}],"wp:attachment":[{"href":"http:\/\/www.si-hu.eu\/2127\/sl\/wp-json\/wp\/v2\/media?parent=18522"}],"wp:term":[{"taxonomy":"category","embeddable":true,"href":"http:\/\/www.si-hu.eu\/2127\/sl\/wp-json\/wp\/v2\/categories?post=18522"},{"taxonomy":"post_tag","embeddable":true,"href":"http:\/\/www.si-hu.eu\/2127\/sl\/wp-json\/wp\/v2\/tags?post=18522"}],"curies":[{"name":"wp","href":"https:\/\/api.w.org\/{rel}","templated":true}]}}