{"id":6918,"date":"2023-06-13T10:24:32","date_gmt":"2023-06-13T08:24:32","guid":{"rendered":"http:\/\/www.si-hu.eu\/2127\/?p=6918"},"modified":"2023-06-15T14:56:48","modified_gmt":"2023-06-15T12:56:48","slug":"opomnik-financiranje-projektov-manjsih-vrednosti-je-odprto-izvedite-vec-o-tem","status":"publish","type":"post","link":"http:\/\/www.si-hu.eu\/2127\/sl\/2023\/06\/13\/opomnik-financiranje-projektov-manjsih-vrednosti-je-odprto-izvedite-vec-o-tem\/","title":{"rendered":"OPOMNIK! Financiranje projektov manj\u0161ih vrednosti je odprto \u2013 izvedite ve\u010d o tem"},"content":{"rendered":"<p><img class=\"aligncenter wp-image-6013 size-large\" src=\"http:\/\/www.si-hu.eu\/2127\/wp-content\/uploads\/sites\/14\/2023\/03\/applicants_HU-1024x768.jpg\" alt=\"\" width=\"1024\" height=\"768\" srcset=\"http:\/\/www.si-hu.eu\/2127\/wp-content\/uploads\/sites\/14\/2023\/03\/applicants_HU-200x150.jpg 200w, http:\/\/www.si-hu.eu\/2127\/wp-content\/uploads\/sites\/14\/2023\/03\/applicants_HU-400x300.jpg 400w, http:\/\/www.si-hu.eu\/2127\/wp-content\/uploads\/sites\/14\/2023\/03\/applicants_HU-500x375.jpg 500w, http:\/\/www.si-hu.eu\/2127\/wp-content\/uploads\/sites\/14\/2023\/03\/applicants_HU-600x450.jpg 600w, http:\/\/www.si-hu.eu\/2127\/wp-content\/uploads\/sites\/14\/2023\/03\/applicants_HU-768x576.jpg 768w, http:\/\/www.si-hu.eu\/2127\/wp-content\/uploads\/sites\/14\/2023\/03\/applicants_HU-800x600.jpg 800w, http:\/\/www.si-hu.eu\/2127\/wp-content\/uploads\/sites\/14\/2023\/03\/applicants_HU-1024x768.jpg 1024w, http:\/\/www.si-hu.eu\/2127\/wp-content\/uploads\/sites\/14\/2023\/03\/applicants_HU-1200x900.jpg 1200w, http:\/\/www.si-hu.eu\/2127\/wp-content\/uploads\/sites\/14\/2023\/03\/applicants_HU-1536x1152.jpg 1536w\" sizes=\"(max-width: 1024px) 100vw, 1024px\" \/><\/p>\n<p>&nbsp;<\/p>\n<p>Ne zamudite prve delavnice za prijavitelje v okviru Javnega razpisa za projekte manj\u0161ih vrednosti v okviru Interreg programa Slovenija-Mad\u017earska za obdobje 2021-2027, ki bo potekala <strong>20. junija 2023 v V\u00e1rosi M\u0171vel\u0151d\u00e9si K\u00f6zpont Lenti na Mad\u017earskem<\/strong> organizirana.<\/p>\n<p>Upo\u0161tevajte, da bo to edina delavnica, ki bo potekala v okviru prvega roka za predlo\u017eitev projektov manj\u0161ih vrednosti.<\/p>\n<p>Prosimo vas, da se na delavnico prijavite do 16. junija 2023 do 12. ure in sicer tako, da izpolnite <a href=\"http:\/\/www.si-hu.eu\/2127\/registration-for-the-ssp-workshop\/\"><strong>PRIJAVNICO<\/strong><\/a> in natan\u010dno preberete <a href=\"http:\/\/www.si-hu.eu\/2127\/wp-content\/uploads\/sites\/14\/2023\/06\/VABILO_MEGHIVO_SSPworkshop_20.06.2023-V2.pdf\"><strong>VABILO IN DNEVNI RED<\/strong><\/a>&nbsp;dogodka.<\/p>\n<p>Za mad\u017earske in slovenske udele\u017eence bo na delavnici zagotovljeno tolma\u010denje.<\/p>\n","protected":false},"excerpt":{"rendered":"<p>Ne zamudite prve delavnice za prijavitelje v okviru Javnega razpisa za projekte manj\u0161ih vrednosti v okviru Interreg programa Slovenija-Mad\u017earska za obdobje 2021-2027, ki bo potekala 20. junija 2023 v V\u00e1rosi M\u0171vel\u0151d\u00e9si K\u00f6zpont Lenti na Mad\u017earskem organizirana <\/p>\n","protected":false},"author":107,"featured_media":6015,"comment_status":"open","ping_status":"open","sticky":false,"template":"","format":"standard","meta":{"ngg_post_thumbnail":0},"categories":[74,84],"tags":[],"_links":{"self":[{"href":"http:\/\/www.si-hu.eu\/2127\/sl\/wp-json\/wp\/v2\/posts\/6918"}],"collection":[{"href":"http:\/\/www.si-hu.eu\/2127\/sl\/wp-json\/wp\/v2\/posts"}],"about":[{"href":"http:\/\/www.si-hu.eu\/2127\/sl\/wp-json\/wp\/v2\/types\/post"}],"author":[{"embeddable":true,"href":"http:\/\/www.si-hu.eu\/2127\/sl\/wp-json\/wp\/v2\/users\/107"}],"replies":[{"embeddable":true,"href":"http:\/\/www.si-hu.eu\/2127\/sl\/wp-json\/wp\/v2\/comments?post=6918"}],"version-history":[{"count":4,"href":"http:\/\/www.si-hu.eu\/2127\/sl\/wp-json\/wp\/v2\/posts\/6918\/revisions"}],"predecessor-version":[{"id":6947,"href":"http:\/\/www.si-hu.eu\/2127\/sl\/wp-json\/wp\/v2\/posts\/6918\/revisions\/6947"}],"wp:featuredmedia":[{"embeddable":true,"href":"http:\/\/www.si-hu.eu\/2127\/sl\/wp-json\/wp\/v2\/media\/6015"}],"wp:attachment":[{"href":"http:\/\/www.si-hu.eu\/2127\/sl\/wp-json\/wp\/v2\/media?parent=6918"}],"wp:term":[{"taxonomy":"category","embeddable":true,"href":"http:\/\/www.si-hu.eu\/2127\/sl\/wp-json\/wp\/v2\/categories?post=6918"},{"taxonomy":"post_tag","embeddable":true,"href":"http:\/\/www.si-hu.eu\/2127\/sl\/wp-json\/wp\/v2\/tags?post=6918"}],"curies":[{"name":"wp","href":"https:\/\/api.w.org\/{rel}","templated":true}]}}