{"id":7870,"date":"2023-11-09T12:24:05","date_gmt":"2023-11-09T11:24:05","guid":{"rendered":"http:\/\/www.si-hu.eu\/2127\/?p=7870"},"modified":"2023-11-09T12:24:05","modified_gmt":"2023-11-09T11:24:05","slug":"druga-delavnica-za-potencialne-prijavitelje-standardnih-projektov","status":"publish","type":"post","link":"http:\/\/www.si-hu.eu\/2127\/sl\/2023\/11\/09\/druga-delavnica-za-potencialne-prijavitelje-standardnih-projektov\/","title":{"rendered":"Druga delavnica za potencialne prijavitelje standardnih projektov"},"content":{"rendered":"<p><img class=\"size-medium wp-image-7448 alignleft\" src=\"http:\/\/www.si-hu.eu\/2127\/wp-content\/uploads\/sites\/14\/2023\/09\/applicants_HU-500x375.jpg\" alt=\"\" width=\"500\" height=\"375\" srcset=\"http:\/\/www.si-hu.eu\/2127\/wp-content\/uploads\/sites\/14\/2023\/09\/applicants_HU-200x150.jpg 200w, http:\/\/www.si-hu.eu\/2127\/wp-content\/uploads\/sites\/14\/2023\/09\/applicants_HU-400x300.jpg 400w, http:\/\/www.si-hu.eu\/2127\/wp-content\/uploads\/sites\/14\/2023\/09\/applicants_HU-500x375.jpg 500w, http:\/\/www.si-hu.eu\/2127\/wp-content\/uploads\/sites\/14\/2023\/09\/applicants_HU-600x450.jpg 600w, http:\/\/www.si-hu.eu\/2127\/wp-content\/uploads\/sites\/14\/2023\/09\/applicants_HU-768x576.jpg 768w, http:\/\/www.si-hu.eu\/2127\/wp-content\/uploads\/sites\/14\/2023\/09\/applicants_HU-800x600.jpg 800w, http:\/\/www.si-hu.eu\/2127\/wp-content\/uploads\/sites\/14\/2023\/09\/applicants_HU-1024x768.jpg 1024w, http:\/\/www.si-hu.eu\/2127\/wp-content\/uploads\/sites\/14\/2023\/09\/applicants_HU-1200x900.jpg 1200w, http:\/\/www.si-hu.eu\/2127\/wp-content\/uploads\/sites\/14\/2023\/09\/applicants_HU-1536x1152.jpg 1536w\" sizes=\"(max-width: 500px) 100vw, 500px\" \/><\/p>\n<p>Vabimo vas, da se nam pridru\u017eite na delavnici za potencialne prijavitelje v okviru&nbsp;<strong>Javnega razpisa za predlo\u017eitev standardnih projektov<\/strong>&nbsp;Interreg Programa Slovenija-Mad\u017earska za obdobje 2021-2027, ki bo potekala <strong>22. novembra 2023 v Moravskih Toplicah v Sloveniji.<\/strong><\/p>\n<p>Ob premisleku o preteklih in sedanjih dose\u017ekih se bomo zazrli v perspektive \u010dezmejnega sodelovanja v prihodnosti. \u010ce nameravate v okviru drugega roka za standardne projekte oddati projektni predlog (rok za oddajo je 19. januar 2024), boste iz prve roke dobili informacije o Javnem razpisu, ciljih razpisa in njegovih posebnostih.&nbsp;<\/p>\n<p>Prosimo poglejte&nbsp;<strong><a href=\"http:\/\/www.si-hu.eu\/2127\/wp-content\/uploads\/sites\/14\/2023\/11\/VABILO_MEGHIVO_workshop_22-11-20233-SIHU_final.pdf\">VABILO in PROGRAM<\/a><\/strong>&nbsp;dogodka ter se prijavite na dogodek z izpolnitvijo&nbsp;<strong><a href=\"http:\/\/www.si-hu.eu\/2127\/registration-for-the-2-workshop\/\">PRIJAVNEGA OBRAZCA&nbsp;<\/a>najkasneje <\/strong>do&nbsp;<strong>17.11.2023.<\/strong><\/p>\n<p>Delavnica bo izvedena tako, da se bodo lahko udele\u017eili mad\u017earsko in slovensko govore\u010di potencialni prijavitelji (prevod bo zagotovljen).<\/p>\n<p>&nbsp;<\/p>\n<p>&nbsp;<\/p>\n<p>&nbsp;<\/p>\n<p>&nbsp;<\/p>\n<p>&nbsp;<\/p>\n","protected":false},"excerpt":{"rendered":"<p>Vabimo vas, da se nam pridru\u017eite na delavnici za potencialne prijavitelje v okviru\u00a0Javnega razpisa za predlo\u017eitev standardnih projektov\u00a0Interreg Programa Slovenija-Mad\u017earska za obdobje 2021-2027, ki bo potekala 22. novembra 2023 v Moravskih Toplicah v Sloveniji.<\/p>\n","protected":false},"author":107,"featured_media":7448,"comment_status":"open","ping_status":"open","sticky":false,"template":"","format":"standard","meta":{"ngg_post_thumbnail":0},"categories":[74,84],"tags":[],"_links":{"self":[{"href":"http:\/\/www.si-hu.eu\/2127\/sl\/wp-json\/wp\/v2\/posts\/7870"}],"collection":[{"href":"http:\/\/www.si-hu.eu\/2127\/sl\/wp-json\/wp\/v2\/posts"}],"about":[{"href":"http:\/\/www.si-hu.eu\/2127\/sl\/wp-json\/wp\/v2\/types\/post"}],"author":[{"embeddable":true,"href":"http:\/\/www.si-hu.eu\/2127\/sl\/wp-json\/wp\/v2\/users\/107"}],"replies":[{"embeddable":true,"href":"http:\/\/www.si-hu.eu\/2127\/sl\/wp-json\/wp\/v2\/comments?post=7870"}],"version-history":[{"count":3,"href":"http:\/\/www.si-hu.eu\/2127\/sl\/wp-json\/wp\/v2\/posts\/7870\/revisions"}],"predecessor-version":[{"id":7890,"href":"http:\/\/www.si-hu.eu\/2127\/sl\/wp-json\/wp\/v2\/posts\/7870\/revisions\/7890"}],"wp:featuredmedia":[{"embeddable":true,"href":"http:\/\/www.si-hu.eu\/2127\/sl\/wp-json\/wp\/v2\/media\/7448"}],"wp:attachment":[{"href":"http:\/\/www.si-hu.eu\/2127\/sl\/wp-json\/wp\/v2\/media?parent=7870"}],"wp:term":[{"taxonomy":"category","embeddable":true,"href":"http:\/\/www.si-hu.eu\/2127\/sl\/wp-json\/wp\/v2\/categories?post=7870"},{"taxonomy":"post_tag","embeddable":true,"href":"http:\/\/www.si-hu.eu\/2127\/sl\/wp-json\/wp\/v2\/tags?post=7870"}],"curies":[{"name":"wp","href":"https:\/\/api.w.org\/{rel}","templated":true}]}}