{"id":7937,"date":"2023-11-13T12:34:19","date_gmt":"2023-11-13T11:34:19","guid":{"rendered":"http:\/\/www.si-hu.eu\/2127\/?p=7937"},"modified":"2023-11-13T12:34:19","modified_gmt":"2023-11-13T11:34:19","slug":"vabilo-na-zakljucni-dogodek-za-programsko-obdobje-2014-2020","status":"publish","type":"post","link":"http:\/\/www.si-hu.eu\/2127\/sl\/2023\/11\/13\/vabilo-na-zakljucni-dogodek-za-programsko-obdobje-2014-2020\/","title":{"rendered":"Vabilo na zaklju\u010dni dogodek za programsko obdobje 2014-2020"},"content":{"rendered":"<p><img class=\"alignnone  wp-image-7945\" src=\"http:\/\/www.si-hu.eu\/2127\/wp-content\/uploads\/sites\/14\/2023\/11\/Closure-event-2023-1-500x250.png\" alt=\"\" width=\"1152\" height=\"576\" srcset=\"http:\/\/www.si-hu.eu\/2127\/wp-content\/uploads\/sites\/14\/2023\/11\/Closure-event-2023-1-200x100.png 200w, http:\/\/www.si-hu.eu\/2127\/wp-content\/uploads\/sites\/14\/2023\/11\/Closure-event-2023-1-400x200.png 400w, http:\/\/www.si-hu.eu\/2127\/wp-content\/uploads\/sites\/14\/2023\/11\/Closure-event-2023-1-500x250.png 500w, http:\/\/www.si-hu.eu\/2127\/wp-content\/uploads\/sites\/14\/2023\/11\/Closure-event-2023-1-600x300.png 600w, http:\/\/www.si-hu.eu\/2127\/wp-content\/uploads\/sites\/14\/2023\/11\/Closure-event-2023-1-768x384.png 768w, http:\/\/www.si-hu.eu\/2127\/wp-content\/uploads\/sites\/14\/2023\/11\/Closure-event-2023-1-800x400.png 800w, http:\/\/www.si-hu.eu\/2127\/wp-content\/uploads\/sites\/14\/2023\/11\/Closure-event-2023-1-1024x512.png 1024w, http:\/\/www.si-hu.eu\/2127\/wp-content\/uploads\/sites\/14\/2023\/11\/Closure-event-2023-1-1200x600.png 1200w, http:\/\/www.si-hu.eu\/2127\/wp-content\/uploads\/sites\/14\/2023\/11\/Closure-event-2023-1-1536x768.png 1536w\" sizes=\"(max-width: 1152px) 100vw, 1152px\" \/><\/p>\n<p><strong>27. novembra 2023 bomo \u010dezmejni programi Slovenija-Avstrija, Slovenija- Hrva\u0161ka in Slovenija-Mad\u017earska organizirali zaklju\u010dni dogodek za programsko obdobje 2014-2020.<\/strong><\/p>\n<p>V okviru prireditve pod sloganom&nbsp;<strong>\u00bbsodelujemo za bolj\u0161o prihodnost\u00ab<\/strong>, vam bomo predstavili dose\u017eke \u010dezmejnega sodelovanja Slovenije s tremi sosednjimi dr\u017eavami, Avstrijo, Hrva\u0161ko in Mad\u017earsko.<\/p>\n<p>Prireditev bo&nbsp;<strong>27. 11. 2023 v hotelu Four Points by Sheraton Ljubljana Mons, Pot za Brdom 4, 1000 Ljubljana, s pri\u010detkom ob 10. uri.<\/strong><\/p>\n<p>Pridru\u017eite se nam. Dogodek bo tudi odli\u010dna prilo\u017enost za dru\u017eenje in navezavo novih stikov.<\/p>\n<p><a href=\"http:\/\/www.si-at.eu\/2127\/wp-content\/uploads\/sites\/13\/2023\/11\/Closure-event-2023-invitation-final_27-11-2023.pdf\"><strong>VABILO<\/strong><\/a><\/p>\n<p><a href=\"https:\/\/freeonlinesurveys.com\/s\/hJCOFYr9\"><strong>PRIJAVA<\/strong><\/a><\/p>\n<p>Veselimo se va\u0161e udele\u017ebe.<\/p>\n<p>&nbsp;<\/p>\n<p>&nbsp;<\/p>\n<p>&nbsp;<\/p>\n","protected":false},"excerpt":{"rendered":"<p>27. novembra 2023 bomo \u010dezmejni programi Slovenija-Avstrija, Slovenija- Hrva\u0161ka in Slovenija-Mad\u017earska organizirali zaklju\u010dni dogodek za programsko obdobje 2014-2020.<\/p>\n","protected":false},"author":107,"featured_media":7945,"comment_status":"open","ping_status":"open","sticky":false,"template":"","format":"standard","meta":{"ngg_post_thumbnail":0},"categories":[74,84],"tags":[],"_links":{"self":[{"href":"http:\/\/www.si-hu.eu\/2127\/sl\/wp-json\/wp\/v2\/posts\/7937"}],"collection":[{"href":"http:\/\/www.si-hu.eu\/2127\/sl\/wp-json\/wp\/v2\/posts"}],"about":[{"href":"http:\/\/www.si-hu.eu\/2127\/sl\/wp-json\/wp\/v2\/types\/post"}],"author":[{"embeddable":true,"href":"http:\/\/www.si-hu.eu\/2127\/sl\/wp-json\/wp\/v2\/users\/107"}],"replies":[{"embeddable":true,"href":"http:\/\/www.si-hu.eu\/2127\/sl\/wp-json\/wp\/v2\/comments?post=7937"}],"version-history":[{"count":3,"href":"http:\/\/www.si-hu.eu\/2127\/sl\/wp-json\/wp\/v2\/posts\/7937\/revisions"}],"predecessor-version":[{"id":7950,"href":"http:\/\/www.si-hu.eu\/2127\/sl\/wp-json\/wp\/v2\/posts\/7937\/revisions\/7950"}],"wp:featuredmedia":[{"embeddable":true,"href":"http:\/\/www.si-hu.eu\/2127\/sl\/wp-json\/wp\/v2\/media\/7945"}],"wp:attachment":[{"href":"http:\/\/www.si-hu.eu\/2127\/sl\/wp-json\/wp\/v2\/media?parent=7937"}],"wp:term":[{"taxonomy":"category","embeddable":true,"href":"http:\/\/www.si-hu.eu\/2127\/sl\/wp-json\/wp\/v2\/categories?post=7937"},{"taxonomy":"post_tag","embeddable":true,"href":"http:\/\/www.si-hu.eu\/2127\/sl\/wp-json\/wp\/v2\/tags?post=7937"}],"curies":[{"name":"wp","href":"https:\/\/api.w.org\/{rel}","templated":true}]}}