{"id":18520,"date":"2026-04-27T12:41:42","date_gmt":"2026-04-27T10:41:42","guid":{"rendered":"http:\/\/www.si-hu.eu\/2127\/?p=18520"},"modified":"2026-04-27T13:19:47","modified_gmt":"2026-04-27T11:19:47","slug":"houses-to-go-1st-activation-event","status":"publish","type":"post","link":"http:\/\/www.si-hu.eu\/2127\/2026\/04\/27\/houses-to-go-1st-activation-event\/","title":{"rendered":"HOUSES to go \u2013 1st activation event"},"content":{"rendered":"<div class=\"fusion-fullwidth fullwidth-box fusion-builder-row-1 fusion-flex-container nonhundred-percent-fullwidth non-hundred-percent-height-scrolling\" style=\"background-color: rgba(255,255,255,0);background-position: center center;background-repeat: no-repeat;border-width: 0px 0px 0px 0px;border-color:#e2e2e2;border-style:solid;\" ><div class=\"fusion-builder-row fusion-row fusion-flex-align-items-flex-start\" style=\"max-width:1248px;margin-left: calc(-4% \/ 2 );margin-right: calc(-4% \/ 2 );\"><div class=\"fusion-layout-column fusion_builder_column fusion-builder-column-0 fusion_builder_column_1_1 1_1 fusion-flex-column\"><div class=\"fusion-column-wrapper fusion-flex-justify-content-flex-start fusion-content-layout-column\" style=\"background-position:left top;background-repeat:no-repeat;-webkit-background-size:cover;-moz-background-size:cover;-o-background-size:cover;background-size:cover;padding: 0px 0px 0px 0px;\"><div class=\"fusion-text fusion-text-1\"><p><a href=\"http:\/\/www.si-hu.eu\/2127\/p2_houses-to-go_home\/\"><img class=\"size-medium wp-image-15778 alignnone\" src=\"http:\/\/www.si-hu.eu\/2127\/wp-content\/uploads\/sites\/14\/2025\/11\/HOUSES-to-go-Project-logo-Slovenia-Hungary_EN_color-500x258.jpg\" alt=\"\" width=\"500\" height=\"258\" srcset=\"http:\/\/www.si-hu.eu\/2127\/wp-content\/uploads\/sites\/14\/2025\/11\/HOUSES-to-go-Project-logo-Slovenia-Hungary_EN_color-200x103.jpg 200w, http:\/\/www.si-hu.eu\/2127\/wp-content\/uploads\/sites\/14\/2025\/11\/HOUSES-to-go-Project-logo-Slovenia-Hungary_EN_color-400x206.jpg 400w, http:\/\/www.si-hu.eu\/2127\/wp-content\/uploads\/sites\/14\/2025\/11\/HOUSES-to-go-Project-logo-Slovenia-Hungary_EN_color-500x258.jpg 500w, http:\/\/www.si-hu.eu\/2127\/wp-content\/uploads\/sites\/14\/2025\/11\/HOUSES-to-go-Project-logo-Slovenia-Hungary_EN_color-600x310.jpg 600w, http:\/\/www.si-hu.eu\/2127\/wp-content\/uploads\/sites\/14\/2025\/11\/HOUSES-to-go-Project-logo-Slovenia-Hungary_EN_color-768x396.jpg 768w, http:\/\/www.si-hu.eu\/2127\/wp-content\/uploads\/sites\/14\/2025\/11\/HOUSES-to-go-Project-logo-Slovenia-Hungary_EN_color-800x413.jpg 800w, http:\/\/www.si-hu.eu\/2127\/wp-content\/uploads\/sites\/14\/2025\/11\/HOUSES-to-go-Project-logo-Slovenia-Hungary_EN_color-1024x529.jpg 1024w, http:\/\/www.si-hu.eu\/2127\/wp-content\/uploads\/sites\/14\/2025\/11\/HOUSES-to-go-Project-logo-Slovenia-Hungary_EN_color-1200x619.jpg 1200w, http:\/\/www.si-hu.eu\/2127\/wp-content\/uploads\/sites\/14\/2025\/11\/HOUSES-to-go-Project-logo-Slovenia-Hungary_EN_color-1536x793.jpg 1536w\" sizes=\"(max-width: 500px) 100vw, 500px\" \/><\/a><\/p>\n<p>Within the framework of the \u201cHOUSES to go\u201d project, two activation events will be held, the aim of which is to prepare for the thematic pilot events to be organized within the framework of the project, to prepare the events in cooperation with country houses, to define the directions of cooperation and to promote partnership building between country houses The first activation event will take place on Wednesday, May 6, 2026, at the Oszk\u00f3 Sz\u0151l\u0151hegy, in the area of the Hegyp\u00e1zstor cellars (coordinates: 47.04383, 16.90298).<\/p>\n<p>The event will start with registration and a welcome speech, followed by an overview of the project and a description of the related marketing activities. This will be followed by an introduction of the country houses, which is also of particular importance in terms of exchange of experiences and networking. After a lunch break, the program will continue with an introduction to the topics of the event calls, as well as a professional overview and joint processing of the implementation plan. In the second half of the afternoon, the participants will visit the Hegyp\u00e1zstor cellars, and then, as part of an optional program, they will also have the opportunity to explore the Hegyh\u00e1tszentp\u00e9teri country house. The program contributes to the deepening of professional relations between the partners participating in the project and the successful implementation of subsequent joint activities.<\/p>\n<p><a href=\"http:\/\/www.si-hu.eu\/2127\/wp-content\/uploads\/sites\/14\/2026\/04\/Meghivo_1.-Aktivizalo-rendezveny_Houses-to-go.pdf\"><strong>INVITATION (HU)<\/strong><\/a><\/p>\n<p><a href=\"http:\/\/www.si-hu.eu\/2127\/wp-content\/uploads\/sites\/14\/2026\/04\/Vabilo_1.-aktivacijski-dogodek_Houses-to-go_SI.pdf\"><strong>INVITATION (SI)<\/strong><\/a><\/p>\n<\/div><style type=\"text\/css\">.fusion-gallery-1 .fusion-gallery-image {border:0px solid #e2e2e2;}<\/style><div class=\"fusion-gallery fusion-gallery-container fusion-grid-3 fusion-columns-total-0 fusion-gallery-layout-grid fusion-gallery-1\" style=\"margin:-5px;\"><\/div><\/div><style type=\"text\/css\">.fusion-body .fusion-builder-column-0{width:100% !important;margin-top : 0px;margin-bottom : 0px;}.fusion-builder-column-0 > .fusion-column-wrapper {padding-top : 0px !important;padding-right : 0px !important;margin-right : 1.92%;padding-bottom : 0px !important;padding-left : 0px !important;margin-left : 1.92%;}@media only screen and (max-width:1024px) {.fusion-body .fusion-builder-column-0{width:100% !important;}.fusion-builder-column-0 > .fusion-column-wrapper {margin-right : 1.92%;margin-left : 1.92%;}}@media only screen and (max-width:640px) {.fusion-body .fusion-builder-column-0{width:100% !important;}.fusion-builder-column-0 > .fusion-column-wrapper {margin-right : 1.92%;margin-left : 1.92%;}}<\/style><\/div><\/div><style type=\"text\/css\">.fusion-body .fusion-flex-container.fusion-builder-row-1{ padding-top : 0px;margin-top : 0px;padding-right : 0px;padding-bottom : 0px;margin-bottom : 0px;padding-left : 0px;}<\/style><\/div>\n","protected":false},"excerpt":{"rendered":"<p>As part of the &#8220;HOUSES to go&#8221; project, two activation events will be held. The first activation event will take place on Wednesday, May 6, 2026, at the Oszk\u00f3 Sz\u0151l\u0151hegy, in the area of the Hegyp\u00e1zstor cellars.<\/p>\n","protected":false},"author":19,"featured_media":18529,"comment_status":"open","ping_status":"open","sticky":false,"template":"","format":"standard","meta":{"ngg_post_thumbnail":0},"categories":[49,101],"tags":[],"_links":{"self":[{"href":"http:\/\/www.si-hu.eu\/2127\/wp-json\/wp\/v2\/posts\/18520"}],"collection":[{"href":"http:\/\/www.si-hu.eu\/2127\/wp-json\/wp\/v2\/posts"}],"about":[{"href":"http:\/\/www.si-hu.eu\/2127\/wp-json\/wp\/v2\/types\/post"}],"author":[{"embeddable":true,"href":"http:\/\/www.si-hu.eu\/2127\/wp-json\/wp\/v2\/users\/19"}],"replies":[{"embeddable":true,"href":"http:\/\/www.si-hu.eu\/2127\/wp-json\/wp\/v2\/comments?post=18520"}],"version-history":[{"count":2,"href":"http:\/\/www.si-hu.eu\/2127\/wp-json\/wp\/v2\/posts\/18520\/revisions"}],"predecessor-version":[{"id":18535,"href":"http:\/\/www.si-hu.eu\/2127\/wp-json\/wp\/v2\/posts\/18520\/revisions\/18535"}],"wp:featuredmedia":[{"embeddable":true,"href":"http:\/\/www.si-hu.eu\/2127\/wp-json\/wp\/v2\/media\/18529"}],"wp:attachment":[{"href":"http:\/\/www.si-hu.eu\/2127\/wp-json\/wp\/v2\/media?parent=18520"}],"wp:term":[{"taxonomy":"category","embeddable":true,"href":"http:\/\/www.si-hu.eu\/2127\/wp-json\/wp\/v2\/categories?post=18520"},{"taxonomy":"post_tag","embeddable":true,"href":"http:\/\/www.si-hu.eu\/2127\/wp-json\/wp\/v2\/tags?post=18520"}],"curies":[{"name":"wp","href":"https:\/\/api.w.org\/{rel}","templated":true}]}}