{"id":3644,"date":"2018-08-16T12:52:27","date_gmt":"2018-08-16T11:52:27","guid":{"rendered":"http:\/\/www.si-hu.eu\/en2\/?p=3644"},"modified":"2018-09-06T21:22:56","modified_gmt":"2018-09-06T19:22:56","slug":"invitation-to-the-cycling-event-in-porabje","status":"publish","type":"post","link":"http:\/\/www.si-hu.eu\/en2\/2018\/08\/16\/invitation-to-the-cycling-event-in-porabje\/","title":{"rendered":"INVITATION TO THE CYCLING EVENT IN PORABJE!"},"content":{"rendered":"\n<style type=\"text\/css\" data-created_by=\"avia_inline_auto\" id=\"style-css-av-av_one_full-6126cab7d8fab8d08143dd2dacdf673c\">\n.flex_column.av-av_one_full-6126cab7d8fab8d08143dd2dacdf673c{\nborder-radius:0px 0px 0px 0px;\n-webkit-border-radius:0px 0px 0px 0px;\n-moz-border-radius:0px 0px 0px 0px;\n}\n<\/style>\n<div class='flex_column av-av_one_full-6126cab7d8fab8d08143dd2dacdf673c av_one_full  avia-builder-el-0  el_before_av_one_full  avia-builder-el-first  first flex_column_div av-zero-column-padding '   ><section  class='av_textblock_section av-av_textblock-0366cc7376be6c9e82a3e9cc8987b64f'  itemscope=\"itemscope\" itemtype=\"https:\/\/schema.org\/BlogPosting\" itemprop=\"blogPost\" ><div class='avia_textblock'  itemprop=\"text\" ><p><img loading=\"lazy\" class=\"alignright size-full wp-image-3621\" src=\"http:\/\/www.si-hu.eu\/en2\/wp-content\/uploads\/sites\/11\/2018\/08\/ecday-en.jpg\" alt=\"\" width=\"314\" height=\"225\" srcset=\"http:\/\/www.si-hu.eu\/en2\/wp-content\/uploads\/sites\/11\/2018\/08\/ecday-en.jpg 314w, http:\/\/www.si-hu.eu\/en2\/wp-content\/uploads\/sites\/11\/2018\/08\/ecday-en-300x215.jpg 300w, http:\/\/www.si-hu.eu\/en2\/wp-content\/uploads\/sites\/11\/2018\/08\/ecday-en-260x185.jpg 260w\" sizes=\"(max-width: 314px) 100vw, 314px\" \/>You are invited to attend the cycling in Porabje (Hungary) on Saturday, 15 September 2018 in the framework of the European Cooperation Day (EC DAY) 2018.<\/p>\n<p>The event is organized by the Government Office for Development and European Cohesion Policy in the framework of the cross-border cooperation program Interreg V-A Slovenia-Hungary in cooperation with the organizers of the 13<sup>th<\/sup> <a href=\"http:\/\/www.park-goricko.org\/sl\/informacije.asp?id_informacija=6364&amp;id_jezik=0&amp;id_tip1=5&amp;id_tip2=1&amp;id_tip3=0\">cycling marathon Gori\u010dko-Raab-\u0150rs\u00e9g<\/a> and the project Green Exercise.&nbsp;The event is free for the participants.<\/p>\n<p>Cycling will take place in the area of \u200b\u200bimplementation of the Green Exercise project co-financed under the Interreg Slovenia-Hungary program. The beginning and end of the cycling will be in Mono\u0161ter\/ Szentgotth\u00e1rd in Hungary, and cycling will be possible in two ways:<\/p>\n<ol>\n<li><strong>Small marathon<\/strong>: approx. 35 km, 200 altitude meters:<br \/>\nSlovenian Cultural and Information Center, Monoster \/ Szentgotth\u00e1rd \/ &#8211; Maria\u00fajfalu &#8211; \u0160tevanovci \/ Ap\u00e1tistv\u00e1nfalva &#8211; Verica &#8211; Ritkarovci \/ K\u00e9tv\u00f6lgy &#8211; \u010cepinci&nbsp;(<u>refreshment station at the border crossing HU-SLO)<\/u><u><\/u>&nbsp;&#8211; Gornji Senik \/ Fels\u0151sz\u00f6ln\u00f6k &#8211; Dolnji Senik \/ Als\u00f3sz\u00f6ln\u00f6k (<u>refreshment station in Green park Dolnji Senik<\/u>) &#8211; Slovene cultural and information center, Monoster \/ Szentgotth\u00e1rd (concluding with a snack).<\/li>\n<li><strong>Grand marathon<\/strong> &#8211; approx. 90 km, 600 meters height:<br \/>\nSlovenian Cultural and Information Center, Monoster \/ Szentgotth\u00e1rd &#8211; Maria\u00fajfalu &#8211; Magyarlak &#8211; Cs\u00f6r\u00f6tnek &#8211; Kondorfa &#8211; \u0150riszentp\u00e9ter (<u>NP \u0150rs\u00e9g &#8211; refreshment station<\/u>) &#8211; Baj\u00e1nsenye (border of SLO \/ HU) &#8211; Hodo\u0161 &#8211; \u0160alovci &#8211; Markovci (<span style=\"text-decoration: underline\">refreshment station<\/span>) &#8211; Luca &#8211; \u0160ulinci &#8211; \u017denavlje &#8211; Bore\u010da &#8211; Vidonci &#8211; Grad (<u>refreshment station<\/u>) &#8211; Vidonci &#8211; Trdkova &#8211; Martinje (border of HU \/ SLO) &#8211; Gornji Senik \/ Fels\u0151sz\u00f6ln\u00f6k &#8211; Dolnji Senik \/ Als\u00f3sz\u00f6ln\u00f6k (<u>refreshment station in Green Park Dolnji Senik<\/u>) Slovenian Cultural and Information Center, Monoster \/ Szentgotth\u00e1rd (concluding with a snack).<\/li>\n<\/ol>\n<p>You are invited together with your families! Join us and get to know our programming area!<\/p>\n<p><img loading=\"lazy\" class=\"alignleft wp-image-3647\" src=\"http:\/\/www.si-hu.eu\/en2\/wp-content\/uploads\/sites\/11\/2018\/08\/Final-concept-Painting-the-future-together.jpg\" alt=\"\" width=\"294\" height=\"374\" srcset=\"http:\/\/www.si-hu.eu\/en2\/wp-content\/uploads\/sites\/11\/2018\/08\/Final-concept-Painting-the-future-together.jpg 1654w, http:\/\/www.si-hu.eu\/en2\/wp-content\/uploads\/sites\/11\/2018\/08\/Final-concept-Painting-the-future-together-236x300.jpg 236w, http:\/\/www.si-hu.eu\/en2\/wp-content\/uploads\/sites\/11\/2018\/08\/Final-concept-Painting-the-future-together-768x976.jpg 768w, http:\/\/www.si-hu.eu\/en2\/wp-content\/uploads\/sites\/11\/2018\/08\/Final-concept-Painting-the-future-together-810x1030.jpg 810w, http:\/\/www.si-hu.eu\/en2\/wp-content\/uploads\/sites\/11\/2018\/08\/Final-concept-Painting-the-future-together-600x763.jpg 600w, http:\/\/www.si-hu.eu\/en2\/wp-content\/uploads\/sites\/11\/2018\/08\/Final-concept-Painting-the-future-together-1180x1500.jpg 1180w, http:\/\/www.si-hu.eu\/en2\/wp-content\/uploads\/sites\/11\/2018\/08\/Final-concept-Painting-the-future-together-554x705.jpg 554w, http:\/\/www.si-hu.eu\/en2\/wp-content\/uploads\/sites\/11\/2018\/08\/Final-concept-Painting-the-future-together-450x572.jpg 450w\" sizes=\"(max-width: 294px) 100vw, 294px\" \/>The organizers provide an escort on the route, free refreshments on the track and food at the end, and you a good mood! Participants are also provided with free hire of trekking bikes or e-Bikes, for which you will need a personal document. The number of bikes is limited. All registered participants of the event will also receive a promotional gift.<\/p>\n<p>As the number of participants is limited, we kindly ask you to register as soon as possible. Participation at the event is at your own risk. If you join us and you will need to cross the border, please make sure to carry the valid identity document (personal, passport). If you need a bike, be careful to sign up under the right link.<\/p>\n<p>For the registration click on the appropriate link:<\/p>\n<p>Registration with your own bike: <a href=\"http:\/\/www.si-hu.eu\/en2\/sihu_ec-day_2018_own-bike\/\">http:\/\/www.si-hu.eu\/en2\/sihu_ec-day_2018_own-bike\/<\/a><\/p>\n<p>Registration \u2013 hiring the trekking bike: <a href=\"http:\/\/www.si-hu.eu\/en2\/sihu_ec-day_2018_trekking-bike\/\">http:\/\/www.si-hu.eu\/en2\/sihu_ec-day_2018_trekking-bike\/<\/a><\/p>\n<p>Registration \u2013 hiring the e-bike: <a href=\"http:\/\/www.si-hu.eu\/en2\/sihu_ec-day_2018_e-bike\/\">http:\/\/www.si-hu.eu\/en2\/sihu_ec-day_2018_e-bike\/<\/a><\/p>\n<p><a href=\"http:\/\/www.si-hu.eu\/download\/SIHU-EC-Day-2018-Invitation.pdf\" target=\"_blank\" rel=\"noopener\">Invitation and detailed program in Slovene and Hungarian language.<\/a><br \/>\nFor more information about EC DAY visit <a href=\"http:\/\/www.ecday.eu\">www.ecday.eu<\/a>.<\/p>\n<\/div><\/section><\/div>\n\n<style type=\"text\/css\" data-created_by=\"avia_inline_auto\" id=\"style-css-av-av_one_full-6126cab7d8fab8d08143dd2dacdf673c\">\n.flex_column.av-av_one_full-6126cab7d8fab8d08143dd2dacdf673c{\nborder-radius:0px 0px 0px 0px;\n-webkit-border-radius:0px 0px 0px 0px;\n-moz-border-radius:0px 0px 0px 0px;\n}\n<\/style>\n<div class='flex_column av-av_one_full-6126cab7d8fab8d08143dd2dacdf673c av_one_full  avia-builder-el-2  el_after_av_one_full  avia-builder-el-last  first flex_column_div av-zero-column-padding column-top-margin'   ><div  class='avia-video av-av_video-87d16db7c2b47167a4a904ec1c8b43bb avia-video-16-9 av-lazyload-immediate av-lazyload-video-embed'  itemprop=\"video\" itemtype=\"https:\/\/schema.org\/VideoObject\"  data-original_url='https:\/\/www.facebook.com\/InterregSIHU\/videos\/1003365706501376\/?t=0'><script type='text\/html' class='av-video-tmpl'><div id=\"fb-root\"><\/div><script>(function(d, s, id) {  var js, fjs = d.getElementsByTagName(s)[0];  if (d.getElementById(id)) return;  js = d.createElement(s); js.id = id;  js.src = 'https:\/\/connect.facebook.net\/sl_SI\/sdk.js#xfbml=1&version=v3.1';  fjs.parentNode.insertBefore(js, fjs);}(document, 'script', 'facebook-jssdk'));<\/script><div class=\"fb-video\" data-href=\"https:\/\/www.facebook.com\/InterregSIHU\/videos\/1003365706501376\/?t=0\" data-width=\"1500\"><blockquote cite=\"https:\/\/www.facebook.com\/InterregSIHU\/videos\/1003365706501376\/\" class=\"fb-xfbml-parse-ignore\"><a href=\"https:\/\/www.facebook.com\/InterregSIHU\/videos\/1003365706501376\/\">EC Day 2018<\/a><p>Our EC Day event is coming! Get ready for next Saturday!#InterregSIHU #Interreg #ECDAY2018 #InteractEU<\/p>Objavil\/a <a href=\"https:\/\/www.facebook.com\/InterregSIHU\/\">Interreg V-A Cooperation Programme Slovenia-Hungary<\/a> dne \u010cetrtek, 06. september 2018<\/blockquote><\/div><\/script><div class='av-click-to-play-overlay'><div class=\"avia_playpause_icon\"><\/div><\/div><\/div><\/div>\n","protected":false},"excerpt":{"rendered":"<p>You are invited to attend our cycling event in Porabje (Hungary) on Saturday, 15 September 2018 in the framework of the European Cooperation Day (EC DAY) 2018.<\/p>\n","protected":false},"author":80,"featured_media":3624,"comment_status":"open","ping_status":"open","sticky":false,"template":"","format":"standard","meta":{"ngg_post_thumbnail":0},"categories":[2],"tags":[],"_links":{"self":[{"href":"http:\/\/www.si-hu.eu\/en2\/wp-json\/wp\/v2\/posts\/3644"}],"collection":[{"href":"http:\/\/www.si-hu.eu\/en2\/wp-json\/wp\/v2\/posts"}],"about":[{"href":"http:\/\/www.si-hu.eu\/en2\/wp-json\/wp\/v2\/types\/post"}],"author":[{"embeddable":true,"href":"http:\/\/www.si-hu.eu\/en2\/wp-json\/wp\/v2\/users\/80"}],"replies":[{"embeddable":true,"href":"http:\/\/www.si-hu.eu\/en2\/wp-json\/wp\/v2\/comments?post=3644"}],"version-history":[{"count":7,"href":"http:\/\/www.si-hu.eu\/en2\/wp-json\/wp\/v2\/posts\/3644\/revisions"}],"predecessor-version":[{"id":3827,"href":"http:\/\/www.si-hu.eu\/en2\/wp-json\/wp\/v2\/posts\/3644\/revisions\/3827"}],"wp:featuredmedia":[{"embeddable":true,"href":"http:\/\/www.si-hu.eu\/en2\/wp-json\/wp\/v2\/media\/3624"}],"wp:attachment":[{"href":"http:\/\/www.si-hu.eu\/en2\/wp-json\/wp\/v2\/media?parent=3644"}],"wp:term":[{"taxonomy":"category","embeddable":true,"href":"http:\/\/www.si-hu.eu\/en2\/wp-json\/wp\/v2\/categories?post=3644"},{"taxonomy":"post_tag","embeddable":true,"href":"http:\/\/www.si-hu.eu\/en2\/wp-json\/wp\/v2\/tags?post=3644"}],"curies":[{"name":"wp","href":"https:\/\/api.w.org\/{rel}","templated":true}]}}