{"id":16,"date":"2009-06-04T07:10:00","date_gmt":"2009-06-04T06:10:00","guid":{"rendered":"http:\/\/www.si-hu.eu\/si2\/si-huhu\/2009\/06\/04\/mellekletek-a-feltetelesen-jovahagyott-palyazatokhoz\/"},"modified":"2009-06-04T07:10:00","modified_gmt":"2009-06-04T06:10:00","slug":"mellekletek-a-feltetelesen-jovahagyott-palyazatokhoz","status":"publish","type":"post","link":"http:\/\/www.si-hu.eu\/hu\/mellekletek-a-feltetelesen-jovahagyott-palyazatokhoz\/","title":{"rendered":"Mell\u00e9kletek a felt\u00e9telesen j\u00f3v\u00e1hagyott p\u00e1ly\u00e1zatokhoz"},"content":{"rendered":"<p>A Szlov\u00e9nia \u2013 Magyarorsz\u00e1g Operat\u00edv Program 2007-2013 els\u0151 p\u00e1ly\u00e1zati felh\u00edv\u00e1s\u00e1nak keret\u00e9ben a K\u00f6z\u00f6s Monitoring Bizotts\u00e1g egyes p\u00e1ly\u00e1zatokat tov\u00e1bbi felt\u00e9telek megjel\u00f6l\u00e9s\u00e9vel hagyott j\u00f3v\u00e1. A k\u00f6vetkez\u0151 dokumentumokat sz\u00fcks\u00e9ges megfelel\u0151en kit\u00f6lteni \u00e9s beny\u00fajtani a SI-HU 2007-2013 K\u00f6z\u00f6s Technikai Titk\u00e1rs\u00e1g\u00e1ra a megadott hat\u00e1rid\u0151n bel\u00fcl: &#8211; \u00c1llami t\u00e1mogat\u00e1sokhoz kapcsol\u00f3d\u00f3 formanyomtatv\u00e1ny, &#8211; P\u00e1ly\u00e1zati Formanyomtatv\u00e1ny B r\u00e9sz, &#8211; Nyilatkozat csek\u00e9ly \u00f6sszeg\u0171 (\u201ede minimis\u201d) t\u00e1mogat\u00e1sr\u00f3l.<\/p>\n<p><a href=\"http:\/\/www.si-hu.eu\/si2\/si-huwp-content\/uploads\/2015\/08\/Obrazec za drzavno pomoc (zadnja).xls\">\u00c1llami t\u00e1mogat\u00e1sokhoz kapcsol\u00f3d\u00f3 formanyomtatv\u00e1ny<\/a><br \/><a href=\"http:\/\/www.si-hu.eu\/si2\/si-huwp-content\/uploads\/2015\/08\/Application form - part B_3.xls\">P\u00e1ly\u00e1zati Formanyomtatv\u00e1ny B r\u00e9sz<\/a><br \/><a href=\"http:\/\/www.si-hu.eu\/si2\/si-huwp-content\/uploads\/2015\/08\/Statement for de minimis_3.doc\">Nyilatkozat csek\u00e9ly \u00f6sszeg\u0171 (\u201ede minimis\u201d) t\u00e1mogat\u00e1sr\u00f3l<\/a><\/p>\n","protected":false},"excerpt":{"rendered":"<p>A Szlov\u00e9nia \u2013 Magyarorsz\u00e1g Operat\u00edv Program 2007-2013 els\u0151 p\u00e1ly\u00e1zati felh\u00edv\u00e1s\u00e1nak keret\u00e9ben a K\u00f6z\u00f6s Monitoring Bizotts\u00e1g egyes p\u00e1ly\u00e1zatokat tov\u00e1bbi felt\u00e9telek megjel\u00f6l\u00e9s\u00e9vel hagyott j\u00f3v\u00e1.<\/p>\n","protected":false},"author":1,"featured_media":0,"comment_status":"open","ping_status":"open","sticky":false,"template":"","format":"standard","meta":{"ngg_post_thumbnail":0},"categories":[3],"tags":[],"_links":{"self":[{"href":"http:\/\/www.si-hu.eu\/hu\/wp-json\/wp\/v2\/posts\/16"}],"collection":[{"href":"http:\/\/www.si-hu.eu\/hu\/wp-json\/wp\/v2\/posts"}],"about":[{"href":"http:\/\/www.si-hu.eu\/hu\/wp-json\/wp\/v2\/types\/post"}],"author":[{"embeddable":true,"href":"http:\/\/www.si-hu.eu\/hu\/wp-json\/wp\/v2\/users\/1"}],"replies":[{"embeddable":true,"href":"http:\/\/www.si-hu.eu\/hu\/wp-json\/wp\/v2\/comments?post=16"}],"version-history":[{"count":0,"href":"http:\/\/www.si-hu.eu\/hu\/wp-json\/wp\/v2\/posts\/16\/revisions"}],"wp:attachment":[{"href":"http:\/\/www.si-hu.eu\/hu\/wp-json\/wp\/v2\/media?parent=16"}],"wp:term":[{"taxonomy":"category","embeddable":true,"href":"http:\/\/www.si-hu.eu\/hu\/wp-json\/wp\/v2\/categories?post=16"},{"taxonomy":"post_tag","embeddable":true,"href":"http:\/\/www.si-hu.eu\/hu\/wp-json\/wp\/v2\/tags?post=16"}],"curies":[{"name":"wp","href":"https:\/\/api.w.org\/{rel}","templated":true}]}}