{"id":21,"date":"2009-09-29T13:15:00","date_gmt":"2009-09-29T12:15:00","guid":{"rendered":"http:\/\/www.si-hu.eu\/si2\/si-huhu\/2009\/09\/29\/az-1-palyazati-felhivas-kereteben-jovahagyott-projektek-tamogatasi-szerzodesenek-alair\/"},"modified":"2009-09-29T13:15:00","modified_gmt":"2009-09-29T12:15:00","slug":"az-1-palyazati-felhivas-kereteben-jovahagyott-projektek-tamogatasi-szerzodesenek-alair","status":"publish","type":"post","link":"http:\/\/www.si-hu.eu\/hu\/az-1-palyazati-felhivas-kereteben-jovahagyott-projektek-tamogatasi-szerzodesenek-alair\/","title":{"rendered":"AZ 1. P\u00c1LY\u00c1ZATI FELH\u00cdV\u00c1S KERET\u00c9BEN J\u00d3V\u00c1HAGYOTT PROJEKTEK T\u00c1MOGAT\u00c1SI SZERZ\u0150D\u00c9S\u00c9NEK AL\u00c1IR"},"content":{"rendered":"<p>A mag. Zlata Plo\u0161tajner miniszterasszony \u00e1ltal vezetett Szlov\u00e9n K\u00f6zt\u00e1rsas\u00e1g \u00d6nkorm\u00e1nyzati \u00e9s Ter\u00fcletfejleszt\u00e9si Korm\u00e1nyhivatala a mai napon rendezte meg a Szlov\u00e9nia-Magyarorsz\u00e1g Operat\u00edv Program 2007-2013 els\u0151 p\u00e1ly\u00e1zati felh\u00edv\u00e1s\u00e1nak keret\u00e9ben j\u00f3v\u00e1hagyott projektek t\u00e1mogat\u00e1si szerz\u0151d\u00e9s\u00e9nek \u00fcnnep\u00e9lyes al\u00e1\u00edr\u00e1s\u00e1t. Az esem\u00e9nyen az Ir\u00e1ny\u00edt\u00f3 Hat\u00f3s\u00e1g, a program partnerek, a Vezet\u0151 Partnerek \u00e9s a projekt partnerek k\u00e9pvisel\u0151i vettek r\u00e9szt. A Szlov\u00e9nia-Magyarorsz\u00e1g hat\u00e1ron \u00e1tny\u00fal\u00f3 egy\u00fcttm\u0171k\u00f6d\u00e9s Ir\u00e1ny\u00edt\u00f3 Hat\u00f3s\u00e1gi feladat\u00e1t  a Szlov\u00e9n K\u00f6zt\u00e1rsas\u00e1g \u00d6nkorm\u00e1nyzati \u00e9s Ter\u00fcletfeljeszt\u00e9si Korm\u00e1nyhivatala l\u00e1tja el a 2007-2013-as id\u0151szakban. Ez a hivatal eddigi munk\u00e1j\u00e1nak elismer\u00e9se, ugyanakkor a program sikeres v\u00e9grehajt\u00e1sa hatalmas felel\u0151ss\u00e9g is.  A Szlov\u00e9n K\u00f6zt\u00e1rsas\u00e1g \u00d6nkorm\u00e1nyzati \u00e9s Ter\u00fcletfeljeszt\u00e9si Korm\u00e1nyhivatala 2008. j\u00fanius\u00e1ban jelentette meg  az els\u0151 p\u00e1ly\u00e1zati felh\u00edv\u00e1st, melynek keret\u00e9ben 14.000.000 eur\u00f3 \u00f6sszeg\u0171, az Eur\u00f3pai Region\u00e1lis Fejleszt\u00e9si Alapb\u00f3l (ERFA) sz\u00e1rmaz\u00f3 forr\u00e1s \u00e1llt rendelkez\u00e9sre. biztos\u00edt. A p\u00e1ly\u00e1zatokat k\u00e9t priorit\u00e1sra lehetett beny\u00fajtani. 1. priorit\u00e1s:  Az egy\u00fcttm\u0171k\u00f6d\u00e9si ter\u00fclet vonzerej\u00e9nek n\u00f6vel\u00e9se (K\u00f6z\u00f6s idegenforgalmi desztin\u00e1ci\u00f3 fejleszt\u00e9se; Kult\u00fara meg\u0151rz\u00e9se \u00e9s fejleszt\u00e9se; Hat\u00e1ron \u00e1tny\u00fal\u00f3 k\u00f6zleked\u00e9si kapcsolatok jav\u00edt\u00e1sa), a 2. priorit\u00e1s: Fenntarthat\u00f3 fejl\u0151d\u00e9s (Ter\u00fcletfejleszt\u00e9si egy\u00fcttm\u0171k\u00f6d\u00e9s; Megel\u0151z\u0151 eg\u00e9szs\u00e9g\u00e1pol\u00e1s; K\u00f6rnyezetv\u00e9delem- \u00e9s gazd\u00e1lkod\u00e1s; Hat\u00e9kony energiafelhaszn\u00e1l\u00e1s). Csak az elsz\u00e1molhat\u00f3 k\u00f6lts\u00e9gek t\u00e1mogathat\u00f3ak a program keret\u00e9ben.  Az ERFA &#8211; b\u00f3l sz\u00e1rmaz\u00f3 k\u00f6z\u00f6ss\u00e9gi hozz\u00e1j\u00e1rul\u00e1s m\u00e9rt\u00e9ke legfeljebb 85%. A t\u00e1mogat\u00e1sra jogosult programter\u00fclet Szlov\u00e9ni\u00e1ban Pomurje \u00e9s Podravje r\u00e9gi\u00f3kat, Magyarorsz\u00e1gon pedig Vas \u00e9s Zala megy\u00e9ket foglalja mag\u00e1ban.   A formai \u00e9s jogosults\u00e1gi, illetve a szakmai \u00e9rt\u00e9kel\u00e9st k\u00f6vet\u0151en a Szlov\u00e9nia-Magyarorsz\u00e1g Operat\u00edv Program 2007-2013 K\u00f6z\u00f6s Monitoring Bizotts\u00e1g\u00e1nak 2009. m\u00e1jus 6.- \u00e9s 7.-\u00e9n megtartott \u00fcl\u00e9s\u00e9n sz\u00fcletett d\u00f6nt\u00e9s a p\u00e1ly\u00e1zatok j\u00f3v\u00e1hagy\u00e1s\u00e1r\u00f3l. A K\u00f6z\u00f6s Monitoring Bizotts\u00e1gban mindk\u00e9t orsz\u00e1g k\u00e9pvisel\u0151i r\u00e9szt vesznek. A Bizotts\u00e1g tov\u00e1bbi felt\u00e9telek megjel\u00f6l\u00e9s\u00e9vel 20 projektet hagyott j\u00f3v\u00e1, 10-et az 1. \u00e9s 10-et a 2. priorit\u00e1son bel\u00fcl.  A programra vonatkoz\u00f3 inform\u00e1ci\u00f3k el\u00e9rhet\u0151k a program honlapj\u00e1n: www.si-hu.eu\/si2.<\/p>\n","protected":false},"excerpt":{"rendered":"<p>A mag. Zlata Plo\u0161tajner miniszterasszony \u00e1ltal vezetett Szlov\u00e9n K\u00f6zt\u00e1rsas\u00e1g \u00d6nkorm\u00e1nyzati \u00e9s Ter\u00fcletfejleszt\u00e9si Korm\u00e1nyhivatala a mai napon rendezte meg a Szlov\u00e9nia-Magyarorsz\u00e1g Operat\u00edv Program 2007-2013 els\u0151 p\u00e1ly\u00e1zati felh\u00edv\u00e1s\u00e1nak keret\u00e9ben j\u00f3v\u00e1hagyott projektek t\u00e1mogat\u00e1si szerz\u0151d\u00e9s\u00e9nek \u00fcnnep\u00e9lyes al\u00e1\u00edr\u00e1s\u00e1t. Az esem\u00e9nyen az Ir\u00e1ny\u00edt\u00f3 Hat\u00f3s\u00e1g, a program partnerek, a Vezet\u0151 Partnerek \u00e9s a projekt partnerek k\u00e9pvisel\u0151i vettek r\u00e9szt.<\/p>\n","protected":false},"author":1,"featured_media":0,"comment_status":"open","ping_status":"open","sticky":false,"template":"","format":"standard","meta":{"ngg_post_thumbnail":0},"categories":[3],"tags":[],"_links":{"self":[{"href":"http:\/\/www.si-hu.eu\/hu\/wp-json\/wp\/v2\/posts\/21"}],"collection":[{"href":"http:\/\/www.si-hu.eu\/hu\/wp-json\/wp\/v2\/posts"}],"about":[{"href":"http:\/\/www.si-hu.eu\/hu\/wp-json\/wp\/v2\/types\/post"}],"author":[{"embeddable":true,"href":"http:\/\/www.si-hu.eu\/hu\/wp-json\/wp\/v2\/users\/1"}],"replies":[{"embeddable":true,"href":"http:\/\/www.si-hu.eu\/hu\/wp-json\/wp\/v2\/comments?post=21"}],"version-history":[{"count":0,"href":"http:\/\/www.si-hu.eu\/hu\/wp-json\/wp\/v2\/posts\/21\/revisions"}],"wp:attachment":[{"href":"http:\/\/www.si-hu.eu\/hu\/wp-json\/wp\/v2\/media?parent=21"}],"wp:term":[{"taxonomy":"category","embeddable":true,"href":"http:\/\/www.si-hu.eu\/hu\/wp-json\/wp\/v2\/categories?post=21"},{"taxonomy":"post_tag","embeddable":true,"href":"http:\/\/www.si-hu.eu\/hu\/wp-json\/wp\/v2\/tags?post=21"}],"curies":[{"name":"wp","href":"https:\/\/api.w.org\/{rel}","templated":true}]}}