{"id":58,"date":"2012-09-12T12:57:00","date_gmt":"2012-09-12T11:57:00","guid":{"rendered":"http:\/\/www.si-hu.eu\/si2\/si-huhu\/2012\/09\/12\/az-europai-egyuttmukodes-napja-2012-szeptember-21-en\/"},"modified":"2012-09-12T12:57:00","modified_gmt":"2012-09-12T11:57:00","slug":"az-europai-egyuttmukodes-napja-2012-szeptember-21-en","status":"publish","type":"post","link":"http:\/\/www.si-hu.eu\/hu\/az-europai-egyuttmukodes-napja-2012-szeptember-21-en\/","title":{"rendered":"Az Eur\u00f3pai Egy\u00fcttm\u0171k\u00f6d\u00e9s Napja-2012. szeptember 21-\u00e9n"},"content":{"rendered":"<p>Egy\u00fcttm\u0171k\u00f6d\u00e9sben az Eur\u00f3pai Bizotts\u00e1ggal \u00e9s az INTERACT Programmal, az eur\u00f3pai hat\u00e1ron \u00e1tny\u00fal\u00f3 egy\u00fcttm\u0171k\u00f6d\u00e9si programokat szerte Eur\u00f3p\u00e1ban <b>2012. szeptember 21-\u00e9n az Eur\u00f3pai Egy\u00fcttm\u0171k\u00f6d\u00e9s Napj\u00e1n \u00fcnneplik a \u201eK\u00f6z\u00f6s hat\u00e1ron, k\u00f6zelebb egym\u00e1shoz\u201d<\/b> szlogen ment\u00e9n. Az esem\u00e9ny k\u00fcl\u00f6nb\u00f6z\u0151 \u2013 eur\u00f3pai, hat\u00e1ron \u00e1tny\u00fal\u00f3 \u00e9s helyi \u2013 szinten ker\u00fcl megrendez\u00e9sre.    A Gazdas\u00e1gi Fejl\u0151d\u00e9s \u00e9s Technol\u00f3gia Miniszt\u00e9riuma, mint a Szlov\u00e9nia \u2013 Ausztria OP 2007-2013, a Szlov\u00e9nia \u2013 Magyarorsz\u00e1g OP 2007-2013 \u00e9s az IPA Szlov\u00e9nia \u2013 Horv\u00e1torsz\u00e1g OP 2007-2013 Ir\u00e1ny\u00edt\u00f3 Hat\u00f3s\u00e1ga, <b>ezen a napon egy \u00fagynevezett \u201eProjekt v\u00e1s\u00e1r\u201d-t szervez Mariborban a Leon \u0160tukelj t\u00e9ren<\/b>, ahol mindh\u00e1rom Program, illetve az ezek keret\u00e9ben megval\u00f3sul\u00f3 projektek is bemutatkoznak.  <b>A 2012. szeptember 17-21 k\u00f6z\u00f6tti h\u00e9ten<\/b> k\u00fcl\u00f6nb\u00f6z\u0151 helyi esem\u00e9nyek, mint p\u00e9ld\u00e1ul ny\u00edlt napok, m\u0171helymunk\u00e1k, stb. megrendez\u00e9s\u00e9re ker\u00fcl sor mindh\u00e1rom programter\u00fcleten. Tov\u00e1bbi inform\u00e1ci\u00f3 a helyi esem\u00e9nyekr\u0151l szlov\u00e9n nyelven al\u00e1bb el\u00e9rhet\u0151. Az esem\u00e9nyek k\u00fcl\u00f6nb\u00f6z\u0151 nyelveken ugyancsak k\u00f6zz\u00e9t\u00e9telre ker\u00fclnek az al\u00e1bbi linken el\u00e9rhet\u0151 web t\u00e9rk\u00e9pen: www.ecday.eu.  <b>Szeretettel v\u00e1rjuk!<\/b>  <a class=\"link_extern2\" href=\"http:\/\/www.youtube.com\/watch?feature=player_embedded\n\n<p><a href=\"http:\/\/www.si-hu.eu\/si2\/si-huwp-content\/uploads\/2015\/08\/Meghivo_Europai Egyuttmukodesi Nap_2012.pdf\">Meghivo_Europai Egyuttmukodesi Nap_2012<\/a><br \/><a href=\"http:\/\/www.si-hu.eu\/si2\/si-huwp-content\/uploads\/2015\/08\/Seznam lokalnih dogodkov_DES 2012_2.pdf\">Seznam lokalnih dogodkov_DES 2012<\/a><br \/><a href=\"http:\/\/www.si-hu.eu\/si2\/si-huwp-content\/uploads\/2015\/08\/Flyer_2.pdf\">Sz\u00f3r\u00f3lap az Eur\u00f3pai Egy\u00fcttm\u0171k\u00f6d\u00e9si napr\u00f3l<\/a><\/p>\n","protected":false},"excerpt":{"rendered":"<p>Egy\u00fcttm\u0171k\u00f6d\u00e9sben az Eur\u00f3pai Bizotts\u00e1ggal \u00e9s az INTERACT Programmal, az eur\u00f3pai hat\u00e1ron \u00e1tny\u00fal\u00f3 egy\u00fcttm\u0171k\u00f6d\u00e9si programokat szerte Eur\u00f3p\u00e1ban <b>2012. szeptember 21-\u00e9n <\/b><b>az Eur\u00f3pai Egy\u00fcttm\u0171k\u00f6d\u00e9s Napj\u00e1n \u00fcnneplik a \u201eK\u00f6z\u00f6s hat\u00e1ron, k\u00f6zelebb egym\u00e1shoz\u201d<\/b> szlogen ment\u00e9n. Az esem\u00e9ny k\u00fcl\u00f6nb\u00f6z\u0151 \u2013 eur\u00f3pai, hat\u00e1ron \u00e1tny\u00fal\u00f3 \u00e9s helyi \u2013 szinten ker\u00fcl megrendez\u00e9sre.<\/p>\n","protected":false},"author":1,"featured_media":0,"comment_status":"open","ping_status":"open","sticky":false,"template":"","format":"standard","meta":{"ngg_post_thumbnail":0},"categories":[2],"tags":[],"_links":{"self":[{"href":"http:\/\/www.si-hu.eu\/hu\/wp-json\/wp\/v2\/posts\/58"}],"collection":[{"href":"http:\/\/www.si-hu.eu\/hu\/wp-json\/wp\/v2\/posts"}],"about":[{"href":"http:\/\/www.si-hu.eu\/hu\/wp-json\/wp\/v2\/types\/post"}],"author":[{"embeddable":true,"href":"http:\/\/www.si-hu.eu\/hu\/wp-json\/wp\/v2\/users\/1"}],"replies":[{"embeddable":true,"href":"http:\/\/www.si-hu.eu\/hu\/wp-json\/wp\/v2\/comments?post=58"}],"version-history":[{"count":0,"href":"http:\/\/www.si-hu.eu\/hu\/wp-json\/wp\/v2\/posts\/58\/revisions"}],"wp:attachment":[{"href":"http:\/\/www.si-hu.eu\/hu\/wp-json\/wp\/v2\/media?parent=58"}],"wp:term":[{"taxonomy":"category","embeddable":true,"href":"http:\/\/www.si-hu.eu\/hu\/wp-json\/wp\/v2\/categories?post=58"},{"taxonomy":"post_tag","embeddable":true,"href":"http:\/\/www.si-hu.eu\/hu\/wp-json\/wp\/v2\/tags?post=58"}],"curies":[{"name":"wp","href":"https:\/\/api.w.org\/{rel}","templated":true}]}}