{"id":59,"date":"2012-09-21T13:51:00","date_gmt":"2012-09-21T12:51:00","guid":{"rendered":"http:\/\/www.si-hu.eu\/si2\/si-huhu\/2012\/09\/21\/sikeresen-vegrehajtott-projekt-vasar-az-europai-egyuttmukodesi-nap-2012-kereteben\/"},"modified":"2012-09-21T13:51:00","modified_gmt":"2012-09-21T12:51:00","slug":"sikeresen-vegrehajtott-projekt-vasar-az-europai-egyuttmukodesi-nap-2012-kereteben","status":"publish","type":"post","link":"http:\/\/www.si-hu.eu\/hu\/sikeresen-vegrehajtott-projekt-vasar-az-europai-egyuttmukodesi-nap-2012-kereteben\/","title":{"rendered":"Sikeresen v\u00e9grehajtott Projekt V\u00e1s\u00e1r az Eur\u00f3pai Egy\u00fcttm\u0171k\u00f6d\u00e9si Nap 2012 keret\u00e9ben"},"content":{"rendered":"<p>Maribor, 2012. szeptember 21. \u2013 Eur\u00f3pa szerte ma \u00fcnnepelt\u00e9k az Eur\u00f3pai Bizotts\u00e1g \u00e9s az INTERACT Program \u00e9gisze alatt szervezett Eur\u00f3pai Egy\u00fcttm\u0171k\u00f6d\u00e9si Napot. Csatlakozva a \u201eK\u00f6z\u00f6s hat\u00e1ron, k\u00f6zelebb egym\u00e1shoz\u201d jelmondathoz az esem\u00e9nysorozat keret\u00e9ben bemutat\u00e1sra ker\u00fcltek a hat\u00e1rmenti programok. Szlov\u00e9ni\u00e1ban, a 2007-2013 k\u00f6z\u00f6tti programoz\u00e1si id\u0151szakban az Ausztri\u00e1val, Magyarorsz\u00e1ggal \u00e9s Horv\u00e1torsz\u00e1ggal k\u00f6z\u00f6s hat\u00e1rmenti programokban Ir\u00e1ny\u00edt\u00f3 Hat\u00f3s\u00e1gi szerepet bet\u00f6lt\u0151 Gazdas\u00e1gi Fejl\u0151d\u00e9s \u00e9s Technol\u00f3gia Miniszt\u00e9riuma projekt v\u00e1s\u00e1rt szervezett, amelyre Mariborban a Leona \u0160tuklja t\u00e9ren ker\u00fclt sor. Minden hat\u00e1rmenti egy\u00fcttm\u0171k\u00f6d\u00e9si program \u00e9s az ezek keret\u00e9ben megval\u00f3s\u00edtott projektek ker\u00fcltek bemutat\u00e1sra.     2004-ben EU alapok seg\u00edts\u00e9g\u00e9vel Szlov\u00e9nia, Horv\u00e1torsz\u00e1g \u00e9s Magyarorsz\u00e1g h\u00e1romoldal\u00fa hat\u00e1ron \u00e1tny\u00fal\u00f3 egy\u00fcttm\u0171k\u00f6d\u00e9si programot val\u00f3s\u00edtott meg annak \u00e9rdek\u00e9ben, hogy jobban felk\u00e9sz\u00fcljenek a b\u0151v\u00edt\u00e9s k\u00f6vetkezm\u00e9nyeire valamint er\u0151s\u00edts\u00e9k az orsz\u00e1gok k\u00f6z\u00f6tti kapcsolatokat.  A program keret\u00e9ben megt\u00f6rt\u00e9nt a k\u00f6z\u00f6s fejleszt\u00e9si programok kidolgoz\u00e1sa \u00e9s megval\u00f3s\u00edt\u00e1sa a gazdas\u00e1gi \u00e9s t\u00e1rsadalmi koh\u00e9zi\u00f3, a hum\u00e1ner\u0151forr\u00e1s fejleszt\u00e9s \u00e9s fenntarthat\u00f3 fejl\u0151d\u00e9s ter\u00fclet\u00e9n. Ez alapozta meg Szlov\u00e9nia sz\u00e1m\u00e1ra a Horv\u00e1torsz\u00e1ggal \u00e9s Magyarorsz\u00e1ggal megval\u00f3sul\u00f3 \u00faj hat\u00e1ron \u00e1tny\u00fal\u00f3 programokat a jelen 2007-2013 programoz\u00e1si id\u0151szakra. Ma Szlov\u00e9nia sikeresen viszi tov\u00e1bb Ausztri\u00e1val a 2000-2006 k\u00f6z\u00f6tti programoz\u00e1si id\u0151szakban megkezdett hat\u00e1ron \u00e1tny\u00fal\u00f3 egy\u00fcttm\u0171k\u00f6d\u00e9s\u00e9t. A programban r\u00e9sztvev\u0151 orsz\u00e1gok j\u00f3 kapcsolatai alapj\u00e1n sz\u00e1mos k\u00e9toldal\u00fa projekt ker\u00fclt megtervez\u00e9sre, \u00e9s ezeknek a projekteknek az eredm\u00e9nyei a hat\u00e1r mindk\u00e9t oldal\u00e1n j\u00f3l l\u00e1that\u00f3k. A Szlov\u00e9nia-Ausztria Operat\u00edv Program 2007-2013 keret\u00e9ben megval\u00f3sul\u00f3 projektek er\u0151s\u00edtik a hat\u00e1rmenti r\u00e9gi\u00f3kban a tud\u00e1st \u00e9s hozz\u00e1j\u00e1rulnak a hat\u00e1rmenti egy\u00fcttm\u0171k\u00f6d\u00e9shez a versenyk\u00e9pess\u00e9g, a gazdas\u00e1gi egy\u00fcttm\u0171k\u00f6d\u00e9s \u00e9s a fenntarthat\u00f3 fejl\u0151d\u00e9s ter\u00fclet\u00e9n.   Ahogy a projektv\u00e1s\u00e1rt megnyit\u00f3 Marko Drofenik, a Gazdas\u00e1gi Fejl\u0151d\u00e9s \u00e9s Technol\u00f3gia Miniszt\u00e9riuma Region\u00e1lis Fejleszt\u00e9si \u00e9s Eur\u00f3pai Ter\u00fcleti Egy\u00fcttm\u0171k\u00f6d\u00e9si Igazgat\u00f3s\u00e1g\u00e1nak megb\u00edzott f\u0151igazgat\u00f3ja kiemelte, sz\u00e1mos j\u00f3 \u00e9s sikeres projekt val\u00f3sult meg Szlov\u00e9nia \u00e9s a szomsz\u00e9dos orsz\u00e1gok k\u00f6zti hat\u00e1rmenti egy\u00fcttm\u0171k\u00f6d\u00e9sek keret\u00e9ben (a gazdas\u00e1gfejleszt\u00e9sre valamint a kis- \u00e9s k\u00f6z\u00e9pv\u00e1llalkoz\u00e1sok er\u0151s\u00edt\u00e9s\u00e9re, a piacokon val\u00f3 k\u00f6z\u00f6s fell\u00e9p\u00e9sre \u00e9s egy\u00fcttm\u0171k\u00f6d\u00e9sre ir\u00e1nyul\u00f3 projektek; a kultur\u00e1lis egy\u00fcttm\u0171k\u00f6d\u00e9st, a region\u00e1lis fejleszt\u00e9st, a term\u00e9szeti er\u0151forr\u00e1sok menedzsmentj\u00e9t, a t\u00e1rsadalmi \u00e9s kultur\u00e1lis fejleszt\u00e9st t\u00e1mogat\u00f3 projektek; a k\u00f6rnyezettel \u00e9s energi\u00e1val, az int\u00e9zm\u00e9nyek, mint p\u00e9ld\u00e1ul \u00e1llami eg\u00e9szs\u00e9g\u00fcgyi szolg\u00e1ltat\u00f3k \u00e9s t\u0171zolt\u00f3s\u00e1gok, k\u00f6z\u00f6tti egy\u00fcttm\u0171k\u00f6d\u00e9ssel foglalkoz\u00f3 projektek; a turizmus ter\u00fclet\u00e9n megval\u00f3sul\u00f3 projektek, melyek a k\u00f6z\u00f6s hat\u00e1rmenti turisztikai desztin\u00e1ci\u00f3k l\u00e9trehoz\u00e1s\u00e1t c\u00e9lozz\u00e1k).  A megb\u00edzott f\u0151igazgat\u00f3 elmond\u00e1sa szerint a Szlov\u00e9nia-Ausztria Operat\u00edv Program keret\u00e9ben k\u00e9t p\u00e1ly\u00e1zati felh\u00edv\u00e1st tettek k\u00f6zz\u00e9 a jelen programoz\u00e1si id\u0151szakban. A k\u00e9t p\u00e1ly\u00e1zati felh\u00edv\u00e1s keret\u00e9ben 69 nyertes projekt r\u00e9sz\u00e9re \u00f6sszesen 62.587.641,73 eur\u00f3 t\u00e1mogat\u00e1st hagytak j\u00f3v\u00e1 (a rendelkez\u00e9sre \u00e1ll\u00f3 forr\u00e1s 99,2 %-a). A Szlov\u00e9nia-Magyarorsz\u00e1g Operat\u00edv Program keret\u00e9ben szint\u00e9n k\u00e9t p\u00e1ly\u00e1zati felh\u00edv\u00e1s ker\u00fclt ki\u00edr\u00e1sra. Ennek a k\u00e9t p\u00e1ly\u00e1zati felh\u00edv\u00e1snak a keret\u00e9ben 29.131.640,66 eur\u00f3t (a rendelkez\u00e9sre \u00e1ll\u00f3 forr\u00e1s 99,5 %-a) hagytak j\u00f3v\u00e1 40 projekt r\u00e9sz\u00e9re. 45 projekt r\u00e9sz\u00e9re 26.044.074,9 eur\u00f3 (a rendelkez\u00e9sre \u00e1ll\u00f3 forr\u00e1s 67,8 %-a) \u00e9rt\u00e9k\u0171 t\u00e1mogat\u00e1s ker\u00fclt j\u00f3v\u00e1hagy\u00e1sra az eddig a Szlov\u00e9nia-Horv\u00e1torsz\u00e1g Operat\u00edv Programban k\u00f6zz\u00e9tett h\u00e1rom p\u00e1ly\u00e1zati felh\u00edv\u00e1s sor\u00e1n. Az utols\u00f3, azaz a harmadik p\u00e1ly\u00e1zati felh\u00edv\u00e1sra &#8211; 10.817.946 eur\u00f3 \u00f6sszeg\u0171 IPA alapra &#8211; 227 projektjavaslat \u00e9rkezett be a Gazdas\u00e1g Fejl\u0151d\u00e9s \u00e9s Technol\u00f3giai Miniszt\u00e9rium\u00e1hoz, amelyeknek az adminisztrat\u00edv \u00e9s jogosults\u00e1gi szempontb\u00f3l t\u00f6rt\u00e9n\u0151 \u00e9rt\u00e9kel\u00e9se jelenleg is folyamatban van.    Mint ahogy azt Marko Drofenik megb\u00edzott f\u0151igazgat\u00f3 kiemelte, Szlov\u00e9nia tiszt\u00e1ban van a szomsz\u00e9dos orsz\u00e1gokkal val\u00f3 gazdas\u00e1gi \u00e9s politikai egy\u00fcttm\u0171k\u00f6d\u00e9s, valamint a r\u00e9gi\u00f3k harmonikus fejl\u0151d\u00e9s\u00e9nek fontoss\u00e1g\u00e1val.  \u201cA programter\u00fcleten t\u00f6rt\u00e9n\u0151 \u00f6sszehangolt \u00e9s fenntarthat\u00f3 region\u00e1lis fejleszt\u00e9s, versenyk\u00e9pess\u00e9g \u00e9s tud\u00e1s, valamint a gazdas\u00e1gi egy\u00fcttm\u0171k\u00f6d\u00e9s t\u00e1mogat\u00e1sa \u00e1ltal, a Gazdas\u00e1gi Fejl\u0151d\u00e9s \u00e9s Technol\u00f3gia Miniszt\u00e9riuma, egy\u00fctt a hat\u00e1rmenti partnerekkel, igyekszik biztos\u00edtani a potenci\u00e1lis p\u00e1ly\u00e1z\u00f3k sz\u00e1m\u00e1ra a felt\u00e9teleket \u00e9s lehet\u0151s\u00e9geket annak \u00e9rdek\u00e9ben, hogy megval\u00f3s\u00edts\u00e1k projektjeiket egy bizonyos \u00f6sszeg\u0171 p\u00e9nz\u00fcgyi t\u00e1mogat\u00e1ssal, \u00e9s \u00edgy hozz\u00e1j\u00e1ruljanak a r\u00e9gi\u00f3k fejleszt\u00e9s\u00e9hez \u00e9s az egyes programok c\u00e9lkit\u0171z\u00e9seinek megval\u00f3s\u00edt\u00e1s\u00e1hoz&#8221;.  Az egyes hat\u00e1rmenti programokr\u00f3l tov\u00e1bbi inform\u00e1ci\u00f3 tal\u00e1lhat\u00f3 az al\u00e1bbi honlapokon:  http:\/\/www.mgrt.gov.si\/en\/ http:\/\/www.si-at.eu\/start_en\/ http:\/\/www.si-hu.eu\/si2\/start_en\/ http:\/\/www.si-hr.eu\/start_en\/  <a class=\"link_extern2\" href=\"http:\/\/www.si-hu.eu\/si2\/image_gallery_hu\/project_fair_2012\" title=\"K\u00e9pgal\u00e9ria\" target=\"_blank\">K\u00e9pgal\u00e9ria<\/a><\/p>\n","protected":false},"excerpt":{"rendered":"<p>Maribor, 2012. szeptember 21. \u2013 Eur\u00f3pa szerte ma \u00fcnnepelt\u00e9k az Eur\u00f3pai Bizotts\u00e1g \u00e9s az INTERACT Program \u00e9gisze alatt szervezett Eur\u00f3pai Egy\u00fcttm\u0171k\u00f6d\u00e9si Napot. Csatlakozva a \u201eK\u00f6z\u00f6s hat\u00e1ron, k\u00f6zelebb egym\u00e1shoz\u201d jelmondathoz az esem\u00e9nysorozat keret\u00e9ben bemutat\u00e1sra ker\u00fcltek a hat\u00e1rmenti programok. Szlov\u00e9ni\u00e1ban, a 2007-2013 k\u00f6z\u00f6tti programoz\u00e1si id\u0151szakban az Ausztri\u00e1val, Magyarorsz\u00e1ggal \u00e9s Horv\u00e1torsz\u00e1ggal k\u00f6z\u00f6s hat\u00e1rmenti programokban Ir\u00e1ny\u00edt\u00f3 Hat\u00f3s\u00e1gi szerepet bet\u00f6lt\u0151 Gazdas\u00e1gi Fejl\u0151d\u00e9s \u00e9s Technol\u00f3gia Miniszt\u00e9riuma projekt v\u00e1s\u00e1rt szervezett, amelyre Mariborban a Leona \u0160tuklja t\u00e9ren ker\u00fclt sor. Minden hat\u00e1rmenti egy\u00fcttm\u0171k\u00f6d\u00e9si program \u00e9s az ezek keret\u00e9ben megval\u00f3s\u00edtott projektek ker\u00fcltek bemutat\u00e1sra.<\/p>\n","protected":false},"author":1,"featured_media":0,"comment_status":"open","ping_status":"open","sticky":false,"template":"","format":"standard","meta":{"ngg_post_thumbnail":0},"categories":[2],"tags":[],"_links":{"self":[{"href":"http:\/\/www.si-hu.eu\/hu\/wp-json\/wp\/v2\/posts\/59"}],"collection":[{"href":"http:\/\/www.si-hu.eu\/hu\/wp-json\/wp\/v2\/posts"}],"about":[{"href":"http:\/\/www.si-hu.eu\/hu\/wp-json\/wp\/v2\/types\/post"}],"author":[{"embeddable":true,"href":"http:\/\/www.si-hu.eu\/hu\/wp-json\/wp\/v2\/users\/1"}],"replies":[{"embeddable":true,"href":"http:\/\/www.si-hu.eu\/hu\/wp-json\/wp\/v2\/comments?post=59"}],"version-history":[{"count":0,"href":"http:\/\/www.si-hu.eu\/hu\/wp-json\/wp\/v2\/posts\/59\/revisions"}],"wp:attachment":[{"href":"http:\/\/www.si-hu.eu\/hu\/wp-json\/wp\/v2\/media?parent=59"}],"wp:term":[{"taxonomy":"category","embeddable":true,"href":"http:\/\/www.si-hu.eu\/hu\/wp-json\/wp\/v2\/categories?post=59"},{"taxonomy":"post_tag","embeddable":true,"href":"http:\/\/www.si-hu.eu\/hu\/wp-json\/wp\/v2\/tags?post=59"}],"curies":[{"name":"wp","href":"https:\/\/api.w.org\/{rel}","templated":true}]}}