{"id":60,"date":"2012-10-01T10:09:00","date_gmt":"2012-10-01T09:09:00","guid":{"rendered":"http:\/\/www.si-hu.eu\/si2\/si-huhu\/2012\/10\/01\/sail-of-papenburg-dij\/"},"modified":"2012-10-01T10:09:00","modified_gmt":"2012-10-01T09:09:00","slug":"sail-of-papenburg-dij","status":"publish","type":"post","link":"http:\/\/www.si-hu.eu\/hu\/sail-of-papenburg-dij\/","title":{"rendered":"\u201cSail of Papenburg\u201d D\u00edj"},"content":{"rendered":"<p>Az Ems Dollart Region hat\u00e1ron \u00e1tny\u00fal\u00f3 szervezet \u00e1ltal 2002-ben alap\u00edtott &#8220;Sail of Papenburg&#8221; d\u00edjat az Eur\u00f3pai Hat\u00e1rmenti R\u00e9gi\u00f3k Sz\u00f6vets\u00e9ge (AEBR) az idei \u00e9vben is oda k\u00edv\u00e1nja \u00edt\u00e9lni.    <b>Az idei \u00e9v d\u00edj\u00e1nak mott\u00f3ja: Hat\u00e1ron \u00e1tny\u00fal\u00f3 munkaer\u0151-piaci mobilit\u00e1s \u2013 tapasztalatok, probl\u00e9m\u00e1k, kih\u00edv\u00e1sok. <\/b>  A d\u00edjat egy vagy t\u00f6bb, hat\u00e1rmenti\/ hat\u00e1ron \u00e1tny\u00fal\u00f3 r\u00e9gi\u00f3ban v\u00e9grehajtott kiemelked\u0151 tev\u00e9kenys\u00e9g\u00e9rt adom\u00e1nyozz\u00e1k. <b>A d\u00edj\u00e1tad\u00f3 cerem\u00f3ni\u00e1ra 2012. november 8-9. k\u00f6z\u00f6tt Berlinben<\/b>, az AEBR \u00c9ves Rendezv\u00e9ny\u00e9nek keret\u00e9ben ker\u00fcl sor. A jelentkez\u00e9si lapot \u00e9s a d\u00edj adom\u00e1nyoz\u00e1s\u00e1nak felt\u00e9teleit az al\u00e1bb let\u00f6lthet\u0151 dokumentumok tartalmazz\u00e1k. Jelentkez\u00e9s\u00e9t k\u00e9rj\u00fck, angol nyelven ny\u00fajtsa be <b>legk\u00e9s\u0151bb 2012. okt\u00f3ber 12.-ig!<\/b>  Tov\u00e1bbi inform\u00e1ci\u00f3k\u00e9rt (angol, francia \u00e9s n\u00e9met nyelven) k\u00e9rj\u00fck, l\u00e1togassa meg az al\u00e1bbi honlapot:   <a class=\"link_extern2\" href=\"http:\/\/www.aebr.eu\/en\/news\/news_detail.php?news_id=100\" title=\"AEBR\" target=\"_blank\">AEBR<\/a><\/p>\n<p><a href=\"http:\/\/www.si-hu.eu\/si2\/si-huwp-content\/uploads\/2015\/08\/2012 CBA application form EN_2_2.doc\">Application Form<\/a><br \/><a href=\"http:\/\/www.si-hu.eu\/si2\/si-huwp-content\/uploads\/2015\/08\/Criteria for bestowing the award_2.pdf\">Criteria for bestowing the award<\/a><\/p>\n","protected":false},"excerpt":{"rendered":"<p>Az Ems Dollart Region hat\u00e1ron \u00e1tny\u00fal\u00f3 szervezet \u00e1ltal 2002-ben alap\u00edtott &#8220;Sail of Papenburg&#8221; d\u00edjat az Eur\u00f3pai Hat\u00e1rmenti R\u00e9gi\u00f3k Sz\u00f6vets\u00e9ge (AEBR) az idei \u00e9vben is oda k\u00edv\u00e1nja \u00edt\u00e9lni.<\/p>\n<p><b>Az idei \u00e9v d\u00edj\u00e1nak mott\u00f3ja: Hat\u00e1ron \u00e1tny\u00fal\u00f3 munkaer\u0151-piaci mobilit\u00e1s \u2013 tapasztalatok, probl\u00e9m\u00e1k, kih\u00edv\u00e1sok. <\/b><\/p>\n","protected":false},"author":1,"featured_media":0,"comment_status":"open","ping_status":"open","sticky":false,"template":"","format":"standard","meta":{"ngg_post_thumbnail":0},"categories":[2],"tags":[],"_links":{"self":[{"href":"http:\/\/www.si-hu.eu\/hu\/wp-json\/wp\/v2\/posts\/60"}],"collection":[{"href":"http:\/\/www.si-hu.eu\/hu\/wp-json\/wp\/v2\/posts"}],"about":[{"href":"http:\/\/www.si-hu.eu\/hu\/wp-json\/wp\/v2\/types\/post"}],"author":[{"embeddable":true,"href":"http:\/\/www.si-hu.eu\/hu\/wp-json\/wp\/v2\/users\/1"}],"replies":[{"embeddable":true,"href":"http:\/\/www.si-hu.eu\/hu\/wp-json\/wp\/v2\/comments?post=60"}],"version-history":[{"count":0,"href":"http:\/\/www.si-hu.eu\/hu\/wp-json\/wp\/v2\/posts\/60\/revisions"}],"wp:attachment":[{"href":"http:\/\/www.si-hu.eu\/hu\/wp-json\/wp\/v2\/media?parent=60"}],"wp:term":[{"taxonomy":"category","embeddable":true,"href":"http:\/\/www.si-hu.eu\/hu\/wp-json\/wp\/v2\/categories?post=60"},{"taxonomy":"post_tag","embeddable":true,"href":"http:\/\/www.si-hu.eu\/hu\/wp-json\/wp\/v2\/tags?post=60"}],"curies":[{"name":"wp","href":"https:\/\/api.w.org\/{rel}","templated":true}]}}