{"id":61,"date":"2013-01-11T13:36:00","date_gmt":"2013-01-11T12:36:00","guid":{"rendered":"http:\/\/www.si-hu.eu\/si2\/si-huhu\/2013\/01\/11\/kozlemeny-uj-helyre-koltozik-az-ih-es-a-ktt-op-si-hu-2007-2013\/"},"modified":"2013-01-11T13:36:00","modified_gmt":"2013-01-11T12:36:00","slug":"kozlemeny-uj-helyre-koltozik-az-ih-es-a-ktt-op-si-hu-2007-2013","status":"publish","type":"post","link":"http:\/\/www.si-hu.eu\/hu\/kozlemeny-uj-helyre-koltozik-az-ih-es-a-ktt-op-si-hu-2007-2013\/","title":{"rendered":"K\u00f6zlem\u00e9ny \u2013 \u00daj helyre k\u00f6lt\u00f6zik az IH \u00e9s a KTT (OP SI-HU 2007-2013)"},"content":{"rendered":"<p>\u00c9rtes\u00edtj\u00fck \u00d6n\u00f6ket, hogy a Szlov\u00e9nia-Magyarorsz\u00e1g Operat\u00edv Program 2007-2013 Ir\u00e1ny\u00edt\u00f3 Hat\u00f3s\u00e1ga \u00e9s K\u00f6z\u00f6s Technikai Titk\u00e1rs\u00e1ga \u00faj helyre, <b>a Gazdas\u00e1gi Fejl\u0151d\u00e9s \u00e9s Technol\u00f3gia Miniszt\u00e9riuma (MEDT) telephely\u00e9re \u2013 Maribor, Trubarjeva 11, k\u00f6lt\u00f6zik.<\/b>  <b>A k\u00f6lt\u00f6z\u00e9s a 2013. janu\u00e1r 14-18.-i h\u00e9ten fokozatosan zajlik.<\/b> Telefonos el\u00e9rhet\u0151s\u00e9geink v\u00e1ltozni fognak, az \u00faj telefonsz\u00e1mokat hamarosan k\u00f6zz\u00e9tessz\u00fck a program honlapj\u00e1n. Az e-mail el\u00e9rhet\u0151s\u00e9gek v\u00e1ltozatlanok maradnak.    K\u00e9rj\u00fck meg\u00e9rt\u00e9s\u00fcket a k\u00f6lt\u00f6z\u00e9s sor\u00e1n esetlegesen felmer\u00fcl\u0151 kellemetlens\u00e9gek\u00e9rt, \u00e9s a munkafolyamatokban t\u00f6rt\u00e9n\u0151 fennakad\u00e1sok\u00e9rt.   A Szlov\u00e9nia-Magyarorsz\u00e1g Operat\u00edv Program 2007-2013 Ir\u00e1ny\u00edt\u00f3 Hat\u00f3s\u00e1ga \/ K\u00f6z\u00f6s Technikai Titk\u00e1rs\u00e1ga<\/p>\n","protected":false},"excerpt":{"rendered":"<p>\u00c9rtes\u00edtj\u00fck \u00d6n\u00f6ket, hogy a Szlov\u00e9nia-Magyarorsz\u00e1g Operat\u00edv Program 2007-2013 Ir\u00e1ny\u00edt\u00f3 Hat\u00f3s\u00e1ga \u00e9s K\u00f6z\u00f6s Technikai Titk\u00e1rs\u00e1ga \u00faj helyre, <b>a Gazdas\u00e1gi Fejl\u0151d\u00e9s \u00e9s Technol\u00f3gia Miniszt\u00e9riuma (MEDT) telephely\u00e9re \u2013 Maribor, Trubarjeva 11, k\u00f6lt\u00f6zik.<\/b><\/p>\n","protected":false},"author":1,"featured_media":0,"comment_status":"open","ping_status":"open","sticky":false,"template":"","format":"standard","meta":{"ngg_post_thumbnail":0},"categories":[2],"tags":[],"_links":{"self":[{"href":"http:\/\/www.si-hu.eu\/hu\/wp-json\/wp\/v2\/posts\/61"}],"collection":[{"href":"http:\/\/www.si-hu.eu\/hu\/wp-json\/wp\/v2\/posts"}],"about":[{"href":"http:\/\/www.si-hu.eu\/hu\/wp-json\/wp\/v2\/types\/post"}],"author":[{"embeddable":true,"href":"http:\/\/www.si-hu.eu\/hu\/wp-json\/wp\/v2\/users\/1"}],"replies":[{"embeddable":true,"href":"http:\/\/www.si-hu.eu\/hu\/wp-json\/wp\/v2\/comments?post=61"}],"version-history":[{"count":0,"href":"http:\/\/www.si-hu.eu\/hu\/wp-json\/wp\/v2\/posts\/61\/revisions"}],"wp:attachment":[{"href":"http:\/\/www.si-hu.eu\/hu\/wp-json\/wp\/v2\/media?parent=61"}],"wp:term":[{"taxonomy":"category","embeddable":true,"href":"http:\/\/www.si-hu.eu\/hu\/wp-json\/wp\/v2\/categories?post=61"},{"taxonomy":"post_tag","embeddable":true,"href":"http:\/\/www.si-hu.eu\/hu\/wp-json\/wp\/v2\/tags?post=61"}],"curies":[{"name":"wp","href":"https:\/\/api.w.org\/{rel}","templated":true}]}}