{"id":63,"date":"2013-04-19T12:37:00","date_gmt":"2013-04-19T11:37:00","guid":{"rendered":"http:\/\/www.si-hu.eu\/si2\/si-huhu\/2013\/04\/19\/regiostars-2014-verseny\/"},"modified":"2013-04-19T12:37:00","modified_gmt":"2013-04-19T11:37:00","slug":"regiostars-2014-verseny","status":"publish","type":"post","link":"http:\/\/www.si-hu.eu\/hu\/regiostars-2014-verseny\/","title":{"rendered":"\u00bbRegioStars 2014\u00ab verseny"},"content":{"rendered":"<p><b>Az Eur\u00f3pai Bizotts\u00e1g meghirdette a RegioStars 2014 versenyt \u2013 a hetedik \u00e9v d\u00edja \u2013 a leginnovat\u00edvabb EU Struktur\u00e1lis Alapokb\u00f3l t\u00e1rsfinansz\u00edrozott region\u00e1lis fejleszt\u00e9si projektek sz\u00e1m\u00e1ra<\/b>, melyet 2014 elej\u00e9n Br\u00fcsszelben \u00edt\u00e9lnek oda.   Az el\u0151z\u0151 \u00e9vhez hasonl\u00f3an 5 kateg\u00f3ria ker\u00fclt meghat\u00e1roz\u00e1sra:  * <b>Intelligens N\u00f6veked\u00e9s:<\/b> KKV innov\u00e1ci\u00f3 * <b>Fenntarthat\u00f3 N\u00f6veked\u00e9s:<\/b> Z\u00f6ld n\u00f6veked\u00e9s \u00e9s munkahelyek a bio-gazdas\u00e1gban  * <b>Inkluz\u00edv N\u00f6veked\u00e9s:<\/b> Munkahelyteremt\u00e9s a fiatal gener\u00e1ci\u00f3 sz\u00e1m\u00e1ra  * <b>CityStar:<\/b> Beruh\u00e1z\u00e1si projektek a fenntarthat\u00f3 v\u00e1rosi k\u00f6z\u00f6ss\u00e9gi k\u00f6zleked\u00e9s ter\u00fclet\u00e9n  * <b>Nagyobb beruh\u00e1z\u00e1si projektek:<\/b> Az energiahat\u00e9konys\u00e1g \u00e9s az alacsony sz\u00e9ndioxid-kibocs\u00e1t\u00e1s\u00fa gazdas\u00e1g  A 2014-es d\u00edjaz\u00e1s sor\u00e1n a kiv\u00e1lasztott d\u00f6nt\u0151s\u00f6knek lehet\u0151s\u00e9g\u00fck lesz bemutatni projektjeiket egy f\u00fcggetlen zs\u0171ri el\u0151tt 2013 okt\u00f3ber\u00e9ben az Open Days alatt.    Tov\u00e1bbi inform\u00e1ci\u00f3k\u00e9rt \u00e9s a jelentkez\u00e9si formanyomtatv\u00e1ny\u00e9rt l\u00e1togasson el az al\u00e1bbi weboldalra:  http:\/\/ec.europa.eu\/regional_policy\/cooperate\/regions_for_economic_change\/regiostars_14_en.cfm.  <b>Az Ir\u00e1ny\u00edt\u00f3 Hat\u00f3s\u00e1gnak legk\u00e9s\u0151bb 2013. \u00e1prilis 30-ig kell megk\u00fcldeni az Eur\u00f3pai Bizotts\u00e1g r\u00e9sz\u00e9re a leginnovat\u00edvabb projekteket<\/b>.  Az \u00e9rdekl\u0151d\u0151 Vezet\u0151 Partnereknek <b>2013. \u00e1prilis 26-ig<\/b> kell beny\u00fajtaniuk angol nyelv\u0171 jelentkez\u00e9s\u00fcket az Ir\u00e1ny\u00edt\u00f3 Hat\u00f3s\u00e1ghoz\/K\u00f6z\u00f6s Technikai Titk\u00e1rs\u00e1ghoz e-mailen a k\u00f6vetkez\u0151 c\u00edmre: jts-si-hu.svlr@gov.si. Tov\u00e1bbi k\u00e9rd\u00e9sek eset\u00e9n k\u00e9rj\u00fck forduljon Plevnik Anit\u00e1-hoz az al\u00e1bbi telefonsz\u00e1mon 00386 1 400 3160.<\/p>\n","protected":false},"excerpt":{"rendered":"<p>Az Eur\u00f3pai Bizotts\u00e1g meghirdette a RegioStars 2014 versenyt \u2013 a hetedik \u00e9v d\u00edja \u2013 a leginnovat\u00edvabb EU Struktur\u00e1lis Alapokb\u00f3l t\u00e1rsfinansz\u00edrozott region\u00e1lis fejleszt\u00e9si projektek sz\u00e1m\u00e1ra, melyet 2014 elej\u00e9n Br\u00fcsszelben \u00edt\u00e9lnek oda.<\/p>\n","protected":false},"author":1,"featured_media":0,"comment_status":"open","ping_status":"open","sticky":false,"template":"","format":"standard","meta":{"ngg_post_thumbnail":0},"categories":[2],"tags":[],"_links":{"self":[{"href":"http:\/\/www.si-hu.eu\/hu\/wp-json\/wp\/v2\/posts\/63"}],"collection":[{"href":"http:\/\/www.si-hu.eu\/hu\/wp-json\/wp\/v2\/posts"}],"about":[{"href":"http:\/\/www.si-hu.eu\/hu\/wp-json\/wp\/v2\/types\/post"}],"author":[{"embeddable":true,"href":"http:\/\/www.si-hu.eu\/hu\/wp-json\/wp\/v2\/users\/1"}],"replies":[{"embeddable":true,"href":"http:\/\/www.si-hu.eu\/hu\/wp-json\/wp\/v2\/comments?post=63"}],"version-history":[{"count":0,"href":"http:\/\/www.si-hu.eu\/hu\/wp-json\/wp\/v2\/posts\/63\/revisions"}],"wp:attachment":[{"href":"http:\/\/www.si-hu.eu\/hu\/wp-json\/wp\/v2\/media?parent=63"}],"wp:term":[{"taxonomy":"category","embeddable":true,"href":"http:\/\/www.si-hu.eu\/hu\/wp-json\/wp\/v2\/categories?post=63"},{"taxonomy":"post_tag","embeddable":true,"href":"http:\/\/www.si-hu.eu\/hu\/wp-json\/wp\/v2\/tags?post=63"}],"curies":[{"name":"wp","href":"https:\/\/api.w.org\/{rel}","templated":true}]}}