{"id":64,"date":"2013-09-03T11:03:00","date_gmt":"2013-09-03T10:03:00","guid":{"rendered":"http:\/\/www.si-hu.eu\/si2\/si-huhu\/2013\/09\/03\/meghivo-projektlatogatasok-a-2013-europai-egyuttmukodes-napja-kereteben\/"},"modified":"2013-09-03T11:03:00","modified_gmt":"2013-09-03T10:03:00","slug":"meghivo-projektlatogatasok-a-2013-europai-egyuttmukodes-napja-kereteben","status":"publish","type":"post","link":"http:\/\/www.si-hu.eu\/hu\/meghivo-projektlatogatasok-a-2013-europai-egyuttmukodes-napja-kereteben\/","title":{"rendered":"Meghiv\u00f3:  Projektl\u00e1togat\u00e1sok a 2013 Eur\u00f3pai egy\u00fcttm\u0171k\u00f6d\u00e9s napja keret\u00e9ben"},"content":{"rendered":"<p>A Gazdas\u00e1gi Fejl\u0151d\u00e9s \u00e9s Technol\u00f3gia Miniszt\u00e9riuma (MEDT), mint h\u00e1rom  hat\u00e1ron \u00e1tny\u00fal\u00f3 egy\u00fcttm\u0171k\u00f6d\u00e9si program (OP SI-AT 2007-2013; OP SI-HU 2007-2013 \u00e9s OP IPA SI-HR 2007-2013)  Ir\u00e1ny\u00edt\u00f3 Hat\u00f3s\u00e1ga <b>2013. szeptember 19.-re<\/b> k\u00f6z\u00f6s rendezv\u00e9nyt szervez az Eur\u00f3pai Egy\u00fcttm\u0171k\u00f6d\u00e9s Napja keret\u00e9ben a programok \u00e9s az azok keret\u00e9ben t\u00e1mogatott projektek n\u00e9pszer\u0171s\u00edt\u00e9se \u00e9rdek\u00e9ben.    A rendezv\u00e9ny c\u00e9lja, hogy a projektek \u00e9s azok eredm\u00e9nyei a (megval\u00f3s\u00edt\u00e1si) helysz\u00ednen ker\u00fcljenek bemutat\u00e1sra. Az egyes programok program partnerei, a v\u00e9grehajt\u00e1sban r\u00e9sztvev\u0151k illetve az \u00e9rdekl\u0151d\u0151k az adott program jogosult ter\u00fclet\u00e9n tett buszos utaz\u00e1s sor\u00e1n n\u00e9h\u00e1ny fut\u00f3 \u00e9s megval\u00f3s\u00edtott projektet l\u00e1togatnak meg (l\u00e1sd a rendezv\u00e9ny programj\u00e1t). Az esem\u00e9nyt megnyit\u00f3 \u00fcnneps\u00e9gre \u00e9s az \u00fcdv\u00f6zl\u0151 besz\u00e9dekre Mariborban, a Hotel Aren\u00e1ban ker\u00fcl sor, majd ezt k\u00f6veti az egyes programter\u00fcleteken a projektek megl\u00e1togat\u00e1sa. A nap v\u00e9g\u00e9n a buszok Mariborba \u00e9rkeznek vissza.  <b>Tisztelettel megh\u00edvjuk 2013. szeptember 19.-\u00e9n 9 \u00f3r\u00e1ra a Hotel Arena-ba,  Pot k mlinu 57, SI-2000 Maribor<\/b> . <a class=\"link_extern2\" href=\"http:\/\/www.youtube.com\/watch?v=wAaS-pvE3dI\" title=\"Film az Eur\u00f3pai Egy\u00fcttm\u0171k\u00f6d\u00e9sr\u0151l\" target=\"_blank\">Film az Eur\u00f3pai Egy\u00fcttm\u0171k\u00f6d\u00e9sr\u0151l<\/a> .<\/p>\n<p><a href=\"http:\/\/www.si-hu.eu\/si2\/si-huwp-content\/uploads\/2015\/08\/Meghivo_Europai Egyuttmukodes napja 2013 .pdf\">Meghiv\u00f3_Eur\u00f3pai Egy\u00fcttm\u00fck\u00f6d\u00e9s napja 2013<\/a><\/p>\n","protected":false},"excerpt":{"rendered":"<p>A Gazdas\u00e1gi Fejl\u0151d\u00e9s \u00e9s Technol\u00f3gia Miniszt\u00e9riuma (MEDT), mint h\u00e1rom  hat\u00e1ron \u00e1tny\u00fal\u00f3 egy\u00fcttm\u0171k\u00f6d\u00e9si program (OP SI-AT 2007-2013; OP SI-HU 2007-2013 \u00e9s OP IPA SI-HR 2007-2013)  Ir\u00e1ny\u00edt\u00f3 Hat\u00f3s\u00e1ga <b>2013. szeptember 19.-re<\/b> k\u00f6z\u00f6s rendezv\u00e9nyt szervez az Eur\u00f3pai Egy\u00fcttm\u0171k\u00f6d\u00e9s Napja keret\u00e9ben a programok \u00e9s az azok keret\u00e9ben t\u00e1mogatott projektek n\u00e9pszer\u0171s\u00edt\u00e9se \u00e9rdek\u00e9ben.<\/p>\n","protected":false},"author":1,"featured_media":0,"comment_status":"open","ping_status":"open","sticky":false,"template":"","format":"standard","meta":{"ngg_post_thumbnail":0},"categories":[2],"tags":[],"_links":{"self":[{"href":"http:\/\/www.si-hu.eu\/hu\/wp-json\/wp\/v2\/posts\/64"}],"collection":[{"href":"http:\/\/www.si-hu.eu\/hu\/wp-json\/wp\/v2\/posts"}],"about":[{"href":"http:\/\/www.si-hu.eu\/hu\/wp-json\/wp\/v2\/types\/post"}],"author":[{"embeddable":true,"href":"http:\/\/www.si-hu.eu\/hu\/wp-json\/wp\/v2\/users\/1"}],"replies":[{"embeddable":true,"href":"http:\/\/www.si-hu.eu\/hu\/wp-json\/wp\/v2\/comments?post=64"}],"version-history":[{"count":0,"href":"http:\/\/www.si-hu.eu\/hu\/wp-json\/wp\/v2\/posts\/64\/revisions"}],"wp:attachment":[{"href":"http:\/\/www.si-hu.eu\/hu\/wp-json\/wp\/v2\/media?parent=64"}],"wp:term":[{"taxonomy":"category","embeddable":true,"href":"http:\/\/www.si-hu.eu\/hu\/wp-json\/wp\/v2\/categories?post=64"},{"taxonomy":"post_tag","embeddable":true,"href":"http:\/\/www.si-hu.eu\/hu\/wp-json\/wp\/v2\/tags?post=64"}],"curies":[{"name":"wp","href":"https:\/\/api.w.org\/{rel}","templated":true}]}}