{"id":65,"date":"2013-09-25T09:37:00","date_gmt":"2013-09-25T08:37:00","guid":{"rendered":"http:\/\/www.si-hu.eu\/si2\/si-huhu\/2013\/09\/25\/projektlatogatasok-a-2013-europai-egyuttmukodes-napja-kereteben\/"},"modified":"2013-09-25T09:37:00","modified_gmt":"2013-09-25T08:37:00","slug":"projektlatogatasok-a-2013-europai-egyuttmukodes-napja-kereteben","status":"publish","type":"post","link":"http:\/\/www.si-hu.eu\/hu\/projektlatogatasok-a-2013-europai-egyuttmukodes-napja-kereteben\/","title":{"rendered":"Projektl\u00e1togat\u00e1sok a 2013 Eur\u00f3pai egy\u00fcttm\u0171k\u00f6d\u00e9s napja keret\u00e9ben"},"content":{"rendered":"<p>Az Eur\u00f3pai Bizotts\u00e1g \u00e9s az INTERACT program \u00e9gisze alatt szervezett Eur\u00f3pai Egy\u00fcttm\u0171k\u00f6d\u00e9si Napot (EC Day) eg\u00e9sz Eur\u00f3pa szerte \u00fcnneplt\u00e9k. Az EC Day keret\u00e9ben, csatlakozva a \u201eK\u00f6z\u00f6s hat\u00e1ron, k\u00f6zelebb egym\u00e1shoz\u201d jelmondathoz, a hat\u00e1ron \u00e1tny\u00fal\u00f3 \u00e9s ter\u00fcleti egy\u00fcttm\u0171k\u00f6d\u00e9si programok ker\u00fcltek bemutat\u00e1sra. Szlov\u00e9ni\u00e1ban a Gazdas\u00e1gi Fejl\u0151d\u00e9s \u00e9s Technol\u00f3gia Miniszt\u00e9riuma, mint az Ausztri\u00e1val, Magyarorsz\u00e1ggal \u00e9s Horv\u00e1torsz\u00e1ggal k\u00f6z\u00f6s hat\u00e1ron \u00e1tny\u00fal\u00f3 egy\u00fcttm\u0171k\u00f6d\u00e9si programok Ir\u00e1ny\u00edt\u00f3 Hat\u00f3s\u00e1ga a 2007-2013-as id\u0151szakban, egy k\u00f6z\u00f6s nyit\u00f3 esem\u00e9nyt szervezett Mariborban a Hotel Arena-ban, ahol a h\u00e1rom hat\u00e1ron \u00e1tny\u00fal\u00f3 egy\u00fcttm\u0171k\u00f6d\u00e9si program ker\u00fclt bemutat\u00e1sra. A r\u00e9sztvev\u0151ket Marko Drofenik \u00far, a Region\u00e1lis Fejleszt\u00e9si \u00e9s Eur\u00f3pai Ter\u00fcleti Egy\u00fcttm\u0171k\u00f6d\u00e9si Igazgat\u00f3s\u00e1g f\u0151igazgat\u00f3ja k\u00f6sz\u00f6nt\u00f6tte.   A Szlov\u00e9nia-Magyarorsz\u00e1g Hat\u00e1ron \u00c1tny\u00fal\u00f3 Egy\u00fcttm\u0171k\u00f6d\u00e9si Program 2007-2013 keret\u00e9ben &#8211; melyet a nyit\u00f3 esem\u00e9nyen az Ir\u00e1ny\u00edt\u00f3 Hat\u00f3s\u00e1g r\u00e9sz\u00e9r\u0151l Ale\u0161 Mrkela programvezet\u0151 mutatott be &#8211; a r\u00e9sztvev\u0151k csoportja 4 helysz\u00edni l\u00e1togat\u00e1st tett olyan projektekn\u00e9l, melyek a programter\u00fcleten val\u00f3sultak meg a szomsz\u00e9dos Szlov\u00e9ni\u00e1ban \u00e9s Magyarorsz\u00e1gon.  Az els\u0151 \u00e1llom\u00e1son Martjanciban a<b> Biofuture <\/b>projekt keret\u00e9ben megval\u00f3sult \u201eHat\u00e1rmenti demonstr\u00e1ci\u00f3s \u00e9s oktat\u00f3 k\u00f6zpont az energetikai \u00e1lland\u00f3s\u00e1g\u00e9rt\u201d \u00e9p\u00fcletet tekintett\u00e9k meg a r\u00e9sztvev\u0151k.   Ezt k\u00f6vet\u0151en Magyarorsz\u00e1gra utazott a csoport \u00e9s Fels\u0151sz\u00f6ln\u00f6k\u00f6n a <b>Szomsz\u00e9d a szomsz\u00e9dhoz<\/b> projekt keret\u00e9ben fel\u00faj\u00edtott K\u00fch\u00e1r Eml\u00e9kh\u00e1zat \u00e9s a Fels\u0151sz\u00f6ln\u00f6ki Kult\u00farh\u00e1zat l\u00e1togatta meg. A deleg\u00e1ci\u00f3t Du\u0161an Snoj a Szlov\u00e9n K\u00f6zt\u00e1rsas\u00e1g f\u0151konzulja valamint Ropos M\u00e1rton az Orsz\u00e1gos Szlov\u00e9n \u00d6nkorm\u00e1nyzat eln\u00f6ke fogadta. Ugyancsak itt ismerkedtek meg a r\u00e9sztvev\u0151k a <b>Mura-Raba TV <\/b>projekt tev\u00e9kenys\u00e9geivel \u00e9s eredm\u00e9nyeivel egy r\u00f6vidfilm megtekint\u00e9s\u00e9nek seg\u00edts\u00e9g\u00e9vel. Ezen a telep\u00fcl\u00e9sen v\u00e9g\u00fcl az<b> Upka\u010d<\/b> projekt keret\u00e9ben megval\u00f3sult \u201eR\u00e1ba vid\u00e9ki Almalak\u201d gy\u00fcm\u00f6lcsfeldolgoz\u00f3 \u00e9s oktat\u00f3 k\u00f6zpont bemutat\u00e1s\u00e1ra ker\u00fclt sor, ahol k\u00f3stol\u00e1sra is volt lehet\u0151s\u00e9g. A vend\u00e9gl\u00e1t\u00f3k igen b\u0151s\u00e9gesen meg is vend\u00e9gelt\u00e9k a hossz\u00fa \u00faton l\u00e9v\u0151 csoportot.   D\u00e9lut\u00e1n a r\u00e9sztvev\u0151k tov\u00e1bbutaztak \u0150riszentp\u00e9terre, ahol az \u0150rs\u00e9gi Nemzeti Park Igazgat\u00f3s\u00e1g\u00e1nak \u00e9p\u00fclet\u00e9ben megtekintett\u00e9k a <b>Harm\u00f3ni\u00e1ban a t\u00e1jjal<\/b> projekt keret\u00e9ben k\u00e9sz\u00fclt kiadv\u00e1nyokat \u00e9s a Lepke-fot\u00f3 ki\u00e1ll\u00edt\u00e1s. Ezt k\u00f6vet\u0151en az <b>Upka\u010d<\/b> projekt keret\u00e9ben fel\u00faj\u00edtott \u201eCs\u00f6rg\u0151alma gy\u00fcm\u00f6lcs\u00f6skert\u201d \u00e9s a projekt keret\u00e9ben \u00e9p\u00edtett bemutat\u00f3 \u00e9s k\u00f3stol\u00f3h\u00e1z megl\u00e1togat\u00e1s\u00e1ra ker\u00fclt sor, ahol a r\u00e9sztvev\u0151k aszalt \u00e9s pr\u00e9selt form\u00e1ban is megk\u00f3stolhatt\u00e1k a k\u00fcl\u00f6nb\u00f6z\u0151 fajt\u00e1j\u00fa alm\u00e1kat.    A nap v\u00e9g\u00e9n a r\u00e9sztvev\u0151k \u00fajra Szlov\u00e9ni\u00e1ba utaztak, ez\u00fattal Lendv\u00e1ra, ahol a <b>J\u00f3<\/b> <b>borszomsz\u00e9ds\u00e1g<\/b> projekt keret\u00e9ben \u00e9p\u00fclt \u201eBorturisztikai K\u00f6zpont\u201d-ot tekintett\u00e9k meg \u00e9s egy bork\u00f3stol\u00f3 keret\u00e9ben a helyi \u00edzekkel is megismerkedtek.  Tekintettel arra, hogy a Hat\u00e1ron \u00c1tny\u00fal\u00f3 Egy\u00fcttm\u0171k\u00f6d\u00e9si Program keret\u00e9ben t\u00e1mogatott projektek sz\u00e1ma t\u00fal nagy ahhoz, egy nap keret\u00e9ben bemutathat\u00f3ak legyenek az eredm\u00e9nyek, ez\u00fattal \u00fagy d\u00f6nt\u00f6tt\u00fcnk, hogy csak n\u00e9h\u00e1ny projektet mutatunk be a nyilv\u00e1noss\u00e1g sz\u00e1m\u00e1ra a megval\u00f3s\u00edt\u00e1si helysz\u00ednen a programban r\u00e9sztvev\u0151 k\u00e9t orsz\u00e1gban.  Az esem\u00e9nyre, amelyen a projektek eredm\u00e9nyei ker\u00fcltek bemutat\u00e1sa, \u00e9s amilyen a tavaly szervezett projektv\u00e1s\u00e1r volt, a tervek szerint sor ker\u00fcl a k\u00f6vetkez\u0151 \u00e9vben is, \u00edgy a tov\u00e1bbiakban is lesz lehet\u0151s\u00e9g megismerni az egyes projektek eredm\u00e9nyeit. . <a class=\"link_extern2\" href=\"http:\/\/www.si-hu.eu\/si2\/image_gallery_hu\/visits_of_projects_in_frame_of_the_european_cooperation_day_2013\" title=\"K\u00e9pgal\u00e9ria\" target=\"_blank\">K\u00e9pgal\u00e9ria<\/a><\/p>\n","protected":false},"excerpt":{"rendered":"<p>Az Eur\u00f3pai Bizotts\u00e1g \u00e9s az INTERACT program \u00e9gisze alatt szervezett Eur\u00f3pai Egy\u00fcttm\u0171k\u00f6d\u00e9si Napot (EC Day) eg\u00e9sz Eur\u00f3pa szerte \u00fcnneplt\u00e9k. Az EC Day keret\u00e9ben, csatlakozva a \u201eK\u00f6z\u00f6s hat\u00e1ron, k\u00f6zelebb egym\u00e1shoz\u201d jelmondathoz, a hat\u00e1ron \u00e1tny\u00fal\u00f3 \u00e9s ter\u00fcleti egy\u00fcttm\u0171k\u00f6d\u00e9si programok ker\u00fcltek bemutat\u00e1sra. Szlov\u00e9ni\u00e1ban a Gazdas\u00e1gi Fejl\u0151d\u00e9s \u00e9s Technol\u00f3gia Miniszt\u00e9riuma, mint az Ausztri\u00e1val, Magyarorsz\u00e1ggal \u00e9s Horv\u00e1torsz\u00e1ggal k\u00f6z\u00f6s hat\u00e1ron \u00e1tny\u00fal\u00f3 egy\u00fcttm\u0171k\u00f6d\u00e9si programok Ir\u00e1ny\u00edt\u00f3 Hat\u00f3s\u00e1ga a 2007-2013-as id\u0151szakban, egy k\u00f6z\u00f6s nyit\u00f3 esem\u00e9nyt szervezett Mariborban a Hotel Arena-ban, ahol a h\u00e1rom hat\u00e1ron \u00e1tny\u00fal\u00f3 egy\u00fcttm\u0171k\u00f6d\u00e9si program ker\u00fclt bemutat\u00e1sra. A r\u00e9sztvev\u0151ket Marko Drofenik \u00far, a Region\u00e1lis Fejleszt\u00e9si \u00e9s Eur\u00f3pai Ter\u00fcleti Egy\u00fcttm\u0171k\u00f6d\u00e9si Igazgat\u00f3s\u00e1g f\u0151igazgat\u00f3ja k\u00f6sz\u00f6nt\u00f6tte.<\/p>\n","protected":false},"author":1,"featured_media":0,"comment_status":"open","ping_status":"open","sticky":false,"template":"","format":"standard","meta":{"ngg_post_thumbnail":0},"categories":[2],"tags":[],"_links":{"self":[{"href":"http:\/\/www.si-hu.eu\/hu\/wp-json\/wp\/v2\/posts\/65"}],"collection":[{"href":"http:\/\/www.si-hu.eu\/hu\/wp-json\/wp\/v2\/posts"}],"about":[{"href":"http:\/\/www.si-hu.eu\/hu\/wp-json\/wp\/v2\/types\/post"}],"author":[{"embeddable":true,"href":"http:\/\/www.si-hu.eu\/hu\/wp-json\/wp\/v2\/users\/1"}],"replies":[{"embeddable":true,"href":"http:\/\/www.si-hu.eu\/hu\/wp-json\/wp\/v2\/comments?post=65"}],"version-history":[{"count":0,"href":"http:\/\/www.si-hu.eu\/hu\/wp-json\/wp\/v2\/posts\/65\/revisions"}],"wp:attachment":[{"href":"http:\/\/www.si-hu.eu\/hu\/wp-json\/wp\/v2\/media?parent=65"}],"wp:term":[{"taxonomy":"category","embeddable":true,"href":"http:\/\/www.si-hu.eu\/hu\/wp-json\/wp\/v2\/categories?post=65"},{"taxonomy":"post_tag","embeddable":true,"href":"http:\/\/www.si-hu.eu\/hu\/wp-json\/wp\/v2\/tags?post=65"}],"curies":[{"name":"wp","href":"https:\/\/api.w.org\/{rel}","templated":true}]}}