{"id":67,"date":"2015-05-15T11:54:00","date_gmt":"2015-05-15T10:54:00","guid":{"rendered":"http:\/\/www.si-hu.eu\/si2\/si-huhu\/2015\/05\/15\/emlekezteto-a-zarojelentesek-benyujtasara\/"},"modified":"2015-05-15T11:54:00","modified_gmt":"2015-05-15T10:54:00","slug":"emlekezteto-a-zarojelentesek-benyujtasara","status":"publish","type":"post","link":"http:\/\/www.si-hu.eu\/hu\/emlekezteto-a-zarojelentesek-benyujtasara\/","title":{"rendered":"Eml\u00e9keztet\u0151 a z\u00e1r\u00f3jelent\u00e9sek beny\u00fajt\u00e1s\u00e1ra"},"content":{"rendered":"<p>A Szlov\u00e9nia-Magyarorsz\u00e1g Operat\u00edv Program 2007-2013 keret\u00e9ben megval\u00f3s\u00edtott projekt tev\u00e9kenys\u00e9gek 2015. m\u00e1rcius 31-\u00e9n lez\u00e1rultak.  <b>Mivel a projekt partneri z\u00e1r\u00f3jelent\u00e9sek FLC-hez t\u00f6rt\u00e9n\u0151 beny\u00fajt\u00e1si hat\u00e1rideje m\u00e1r lej\u00e1rt<\/b> (a jelent\u00e9st\u00e9teli id\u0151szak v\u00e9g\u00e9t\u0151l sz\u00e1m\u00edtott egy h\u00f3nap), k\u00e9rj\u00fck mindazokat, akik m\u00e9g nem ny\u00fajtott\u00e1k be a jelent\u00e9st, a lehet\u0151 leghamarabb tegy\u00e9k meg azt annak \u00e9rdek\u00e9ben, hogy a k\u00f6z\u00f6s projekt szint\u0171 jelent\u00e9s is id\u0151ben beny\u00fajt\u00e1sra ker\u00fclhessen az IH\/ KTT r\u00e9sz\u00e9re. Amennyiben ez nem t\u00f6rt\u00e9nik meg, az ERFA forr\u00e1sok id\u0151beni kifizet\u00e9se nem garant\u00e1lt.<\/p>\n","protected":false},"excerpt":{"rendered":"<p>A Szlov\u00e9nia-Magyarorsz\u00e1g Operat\u00edv Program 2007-2013 keret\u00e9ben megval\u00f3s\u00edtott projekt tev\u00e9kenys\u00e9gek 2015. m\u00e1rcius 31-\u00e9n lez\u00e1rultak.<\/p>\n<p><b>Mivel a projekt partneri z\u00e1r\u00f3jelent\u00e9sek FLC-hez t\u00f6rt\u00e9n\u0151 beny\u00fajt\u00e1si hat\u00e1rideje m\u00e1r lej\u00e1rt<\/b> (a jelent\u00e9st\u00e9teli id\u0151szak v\u00e9g\u00e9t\u0151l sz\u00e1m\u00edtott egy h\u00f3nap), k\u00e9rj\u00fck mindazokat, akik m\u00e9g nem ny\u00fajtott\u00e1k be a jelent\u00e9st, a lehet\u0151 leghamarabb tegy\u00e9k meg azt annak \u00e9rdek\u00e9ben, hogy a k\u00f6z\u00f6s projekt szint\u0171 jelent\u00e9s is id\u0151ben beny\u00fajt\u00e1sra ker\u00fclhessen az IH\/ KTT r\u00e9sz\u00e9re. Amennyiben ez nem t\u00f6rt\u00e9nik meg, az ERFA forr\u00e1sok id\u0151beni kifizet\u00e9se nem garant\u00e1lt.<\/p>\n","protected":false},"author":1,"featured_media":0,"comment_status":"open","ping_status":"open","sticky":false,"template":"","format":"standard","meta":{"ngg_post_thumbnail":0},"categories":[2],"tags":[],"_links":{"self":[{"href":"http:\/\/www.si-hu.eu\/hu\/wp-json\/wp\/v2\/posts\/67"}],"collection":[{"href":"http:\/\/www.si-hu.eu\/hu\/wp-json\/wp\/v2\/posts"}],"about":[{"href":"http:\/\/www.si-hu.eu\/hu\/wp-json\/wp\/v2\/types\/post"}],"author":[{"embeddable":true,"href":"http:\/\/www.si-hu.eu\/hu\/wp-json\/wp\/v2\/users\/1"}],"replies":[{"embeddable":true,"href":"http:\/\/www.si-hu.eu\/hu\/wp-json\/wp\/v2\/comments?post=67"}],"version-history":[{"count":0,"href":"http:\/\/www.si-hu.eu\/hu\/wp-json\/wp\/v2\/posts\/67\/revisions"}],"wp:attachment":[{"href":"http:\/\/www.si-hu.eu\/hu\/wp-json\/wp\/v2\/media?parent=67"}],"wp:term":[{"taxonomy":"category","embeddable":true,"href":"http:\/\/www.si-hu.eu\/hu\/wp-json\/wp\/v2\/categories?post=67"},{"taxonomy":"post_tag","embeddable":true,"href":"http:\/\/www.si-hu.eu\/hu\/wp-json\/wp\/v2\/tags?post=67"}],"curies":[{"name":"wp","href":"https:\/\/api.w.org\/{rel}","templated":true}]}}