{"id":68,"date":"2014-03-28T12:57:00","date_gmt":"2014-03-28T11:57:00","guid":{"rendered":"http:\/\/www.si-hu.eu\/si2\/si-huhu\/2014\/03\/28\/tajekoztatas-az-uj-kormanyhivatal-megalakulasarol\/"},"modified":"2014-03-28T12:57:00","modified_gmt":"2014-03-28T11:57:00","slug":"tajekoztatas-az-uj-kormanyhivatal-megalakulasarol","status":"publish","type":"post","link":"http:\/\/www.si-hu.eu\/hu\/tajekoztatas-az-uj-kormanyhivatal-megalakulasarol\/","title":{"rendered":"T\u00e1j\u00e9koztat\u00e1s az \u00faj Korm\u00e1nyhivatal megalakul\u00e1s\u00e1r\u00f3l"},"content":{"rendered":"<p>Ez\u00faton t\u00e1j\u00e9koztatjuk \u00d6n\u00f6ket, hogy a Szlov\u00e9n K\u00f6zt\u00e1rsas\u00e1g Fejleszt\u00e9si \u00e9s Eur\u00f3pai Koh\u00e9zi\u00f3s Politik\u00e1\u00e9rt felel\u0151s Korm\u00e1nyhivatala (GODC) 2014. m\u00e1rcius 1-j\u00e9vel megalakult. Az \u00faj Korm\u00e1nyhivatalr\u00f3l tov\u00e1bbi inform\u00e1ci\u00f3 az al\u00e1bbi honlapon \u00e9rhet\u0151 el: <a class=\"link_extern2\" href=\"http:\/\/www.svrk.gov.si\/en\/\" title=\"GODC\" target=\"_blank\">GODC<\/a>  Az Eur\u00f3pai Ter\u00fcleti Egy\u00fcttm\u0171k\u00f6d\u00e9sek\u00e9rt \u00e9s Finansz\u00edroz\u00e1si Mechanizmusok\u00e9rt felel\u0151s Iroda keret\u00e9ben a GODC 2014. m\u00e1rcius 1-t\u0151l \u00e1tvette a Szlov\u00e9nia-Magyarorsz\u00e1g Hat\u00e1ron \u00c1tny\u00fal\u00f3 Egy\u00fcttm\u0171k\u00f6d\u00e9si Program 2007-2013 Ir\u00e1ny\u00edt\u00f3 Hat\u00f3s\u00e1g\u00e1nak szerepk\u00f6r\u00e9t.  Az Ir\u00e1ny\u00edt\u00f3 Hat\u00f3s\u00e1g \/ K\u00f6z\u00f6s Technikai Titk\u00e1rs\u00e1g \u00e9s egy\u00e9b programszint\u0171 int\u00e9zm\u00e9nyek el\u00e9rhet\u0151s\u00e9gei <a class=\"link_extern2\" href=\"http:\/\/www.si-hu.eu\/si2\/general_hu\/category\/organizational_structure\/\" title=\"a program honlapj\u00e1n el\u00e9rhet\u0151k\" target=\"_blank\">a program honlapj\u00e1n el\u00e9rhet\u0151k<\/a><\/p>\n","protected":false},"excerpt":{"rendered":"<p>Ez\u00faton t\u00e1j\u00e9koztatjuk \u00d6n\u00f6ket, hogy a Szlov\u00e9n K\u00f6zt\u00e1rsas\u00e1g Fejleszt\u00e9si \u00e9s Eur\u00f3pai Koh\u00e9zi\u00f3s Politik\u00e1\u00e9rt felel\u0151s Korm\u00e1nyhivatala (GODC) 2014. m\u00e1rcius 1-j\u00e9vel megalakult.<\/p>\n","protected":false},"author":1,"featured_media":0,"comment_status":"open","ping_status":"open","sticky":false,"template":"","format":"standard","meta":{"ngg_post_thumbnail":0},"categories":[2],"tags":[],"_links":{"self":[{"href":"http:\/\/www.si-hu.eu\/hu\/wp-json\/wp\/v2\/posts\/68"}],"collection":[{"href":"http:\/\/www.si-hu.eu\/hu\/wp-json\/wp\/v2\/posts"}],"about":[{"href":"http:\/\/www.si-hu.eu\/hu\/wp-json\/wp\/v2\/types\/post"}],"author":[{"embeddable":true,"href":"http:\/\/www.si-hu.eu\/hu\/wp-json\/wp\/v2\/users\/1"}],"replies":[{"embeddable":true,"href":"http:\/\/www.si-hu.eu\/hu\/wp-json\/wp\/v2\/comments?post=68"}],"version-history":[{"count":0,"href":"http:\/\/www.si-hu.eu\/hu\/wp-json\/wp\/v2\/posts\/68\/revisions"}],"wp:attachment":[{"href":"http:\/\/www.si-hu.eu\/hu\/wp-json\/wp\/v2\/media?parent=68"}],"wp:term":[{"taxonomy":"category","embeddable":true,"href":"http:\/\/www.si-hu.eu\/hu\/wp-json\/wp\/v2\/categories?post=68"},{"taxonomy":"post_tag","embeddable":true,"href":"http:\/\/www.si-hu.eu\/hu\/wp-json\/wp\/v2\/tags?post=68"}],"curies":[{"name":"wp","href":"https:\/\/api.w.org\/{rel}","templated":true}]}}