{"id":70,"date":"2014-05-29T12:02:00","date_gmt":"2014-05-29T11:02:00","guid":{"rendered":"http:\/\/www.si-hu.eu\/si2\/si-huhu\/2014\/05\/29\/video-versenyt-inditott-az-interact\/"},"modified":"2014-05-29T12:02:00","modified_gmt":"2014-05-29T11:02:00","slug":"video-versenyt-inditott-az-interact","status":"publish","type":"post","link":"http:\/\/www.si-hu.eu\/hu\/video-versenyt-inditott-az-interact\/","title":{"rendered":"VIDE\u00d3 VERSENYT IND\u00cdTOTT AZ INTERACT"},"content":{"rendered":"<p>2012 \u00f3ta az INTERACT program koordin\u00e1l egy eg\u00e9sz Eur\u00f3p\u00e1ra kiterjed\u0151 Eur\u00f3pai Egy\u00fcttm\u0171k\u00f6d\u00e9si Nap elnevez\u00e9s\u0171 kamp\u00e1nyt azzal a c\u00e9llal, hogy kiemelje az Eur\u00f3pai Ter\u00fcleti Egy\u00fcttm\u0171k\u00f6d\u00e9si \u00e9s szomsz\u00e9ds\u00e1gi programok \u00e9s projektek eredm\u00e9nyeit. A kamp\u00e1ny minden \u00e9vben szeptember 21.-\u00e9n \u00e9s a k\u00f6rnyez\u0151 napokon ker\u00fcl meg\u00fcnnepl\u00e9sre. Ennek a kezdem\u00e9nyez\u00e9snek a c\u00e9lcsoportja a nagyk\u00f6z\u00f6ns\u00e9g. Tov\u00e1bbi inform\u00e1ci\u00f3 a kamp\u00e1ny honlapj\u00e1n tal\u00e1lhat\u00f3: <a class=\"link_extern2\" href=\"http:\/\/www.ecday.eu\/\" title=\"EC day\" target=\"_blank\">EC day<\/a>   Az Eur\u00f3pai Egy\u00fcttm\u0171k\u00f6d\u00e9si Nap \u00fajra 2014. szeptember 21.-\u00e9n ker\u00fcl meg\u00fcnnepl\u00e9sre. Ebb\u0151l az alkalomb\u00f3l az <b>INTERACT vide\u00f3 versenyt ind\u00edtott<\/b> az Eur\u00f3pai programok, projektek \u00e9s egy\u00e9ni filmk\u00e9sz\u00edt\u0151k sz\u00e1m\u00e1ra annak \u00e9rdek\u00e9ben, hogy megossz\u00e1k vide\u00f3ikat, melyek kiemelik az egy\u00fcttm\u0171k\u00f6d\u00e9s eredm\u00e9nyeit \u00e9s el\u0151nyeit Eur\u00f3p\u00e1ban. A vide\u00f3 verseny t\u00e9m\u00e1ja <b>\u201ehat\u00e1rmenti t\u00e9m\u00e1k, hat\u00e1rmenti megold\u00e1sok\u201d<\/b>. A vide\u00f3knak kapcsol\u00f3dniuk kell a 2007-2013 programoz\u00e1si id\u0151szakban finansz\u00edrozott programokhoz vagy projektekhez, \u00e9s nem haladhatj\u00e1k meg a maximum 3 perc hossz\u00fas\u00e1got. Lehetnek profik vagy amat\u0151r\u00f6k is. <b>A beny\u00fajt\u00e1si hat\u00e1rid\u0151 2014. j\u00falius 15. <\/b>  Tov\u00e1bbi inform\u00e1ci\u00f3t a kiv\u00e1laszt\u00e1si elj\u00e1r\u00e1sr\u00f3l, az \u00e9rt\u00e9kel\u00e9si szempontokr\u00f3l, a technikai specifik\u00e1ci\u00f3r\u00f3l \u00e9s a felt\u00e9telekr\u0151l az <b>INTERACT Hivatalos Versenyszab\u00e1lyzata <\/b>tartalmaz.<\/p>\n<p><a href=\"http:\/\/www.si-hu.eu\/si2\/si-huwp-content\/uploads\/2015\/08\/INTERACT Official Contest Rules_2.pdf\">INTERACT Hivatalos Versenyszab\u00e1lyzata<\/a><\/p>\n","protected":false},"excerpt":{"rendered":"<p>2012 \u00f3ta az INTERACT program koordin\u00e1l egy eg\u00e9sz Eur\u00f3p\u00e1ra kiterjed\u0151 Eur\u00f3pai Egy\u00fcttm\u0171k\u00f6d\u00e9si Nap elnevez\u00e9s\u0171 kamp\u00e1nyt azzal a c\u00e9llal, hogy kiemelje az Eur\u00f3pai Ter\u00fcleti Egy\u00fcttm\u0171k\u00f6d\u00e9si \u00e9s szomsz\u00e9ds\u00e1gi programok \u00e9s projektek eredm\u00e9nyeit. A kamp\u00e1ny minden \u00e9vben szeptember 21.-\u00e9n \u00e9s a k\u00f6rnyez\u0151 napokon ker\u00fcl meg\u00fcnnepl\u00e9sre. Ennek a kezdem\u00e9nyez\u00e9snek a c\u00e9lcsoportja a nagyk\u00f6z\u00f6ns\u00e9g. Tov\u00e1bbi inform\u00e1ci\u00f3 a kamp\u00e1ny honlapj\u00e1n tal\u00e1lhat\u00f3: <a class=\"link_extern2\" href=\"http:\/\/www.ecday.eu\/\" title=\"EC DAY\" target=\"_blank\">EC DAY<\/a><\/p>\n","protected":false},"author":1,"featured_media":0,"comment_status":"open","ping_status":"open","sticky":false,"template":"","format":"standard","meta":{"ngg_post_thumbnail":0},"categories":[2],"tags":[],"_links":{"self":[{"href":"http:\/\/www.si-hu.eu\/hu\/wp-json\/wp\/v2\/posts\/70"}],"collection":[{"href":"http:\/\/www.si-hu.eu\/hu\/wp-json\/wp\/v2\/posts"}],"about":[{"href":"http:\/\/www.si-hu.eu\/hu\/wp-json\/wp\/v2\/types\/post"}],"author":[{"embeddable":true,"href":"http:\/\/www.si-hu.eu\/hu\/wp-json\/wp\/v2\/users\/1"}],"replies":[{"embeddable":true,"href":"http:\/\/www.si-hu.eu\/hu\/wp-json\/wp\/v2\/comments?post=70"}],"version-history":[{"count":0,"href":"http:\/\/www.si-hu.eu\/hu\/wp-json\/wp\/v2\/posts\/70\/revisions"}],"wp:attachment":[{"href":"http:\/\/www.si-hu.eu\/hu\/wp-json\/wp\/v2\/media?parent=70"}],"wp:term":[{"taxonomy":"category","embeddable":true,"href":"http:\/\/www.si-hu.eu\/hu\/wp-json\/wp\/v2\/categories?post=70"},{"taxonomy":"post_tag","embeddable":true,"href":"http:\/\/www.si-hu.eu\/hu\/wp-json\/wp\/v2\/tags?post=70"}],"curies":[{"name":"wp","href":"https:\/\/api.w.org\/{rel}","templated":true}]}}