{"id":71,"date":"2014-06-18T12:53:00","date_gmt":"2014-06-18T11:53:00","guid":{"rendered":"http:\/\/www.si-hu.eu\/si2\/si-huhu\/2014\/06\/18\/meghirdetesre-kerult-az-europa-a-regiomban-fotopalyazat\/"},"modified":"2014-06-18T12:53:00","modified_gmt":"2014-06-18T11:53:00","slug":"meghirdetesre-kerult-az-europa-a-regiomban-fotopalyazat","status":"publish","type":"post","link":"http:\/\/www.si-hu.eu\/hu\/meghirdetesre-kerult-az-europa-a-regiomban-fotopalyazat\/","title":{"rendered":"Meghirdet\u00e9sre ker\u00fclt az \u201cEur\u00f3pa a r\u00e9gi\u00f3mban\u201d fot\u00f3p\u00e1ly\u00e1zat"},"content":{"rendered":"<p>Az Eur\u00f3pai Bizotts\u00e1g (DG REGIO) imm\u00e1r harmadik alkalommal hirdette meg az \u201eEur\u00f3pa a r\u00e9gi\u00f3mban\u201d fot\u00f3p\u00e1ly\u00e1zatot, melynek c\u00e9lja, hogy felh\u00edvja a figyelmet arra a kiv\u00e1l\u00f3 munk\u00e1ra, melyet a projektek EU t\u00e1mogat\u00e1s seg\u00edts\u00e9g\u00e9vel v\u00e9geznek szerte Eur\u00f3p\u00e1ban, \u00e9s felt\u00e1rja, hogy mit jelentenek ezek a projektek a helyi k\u00f6z\u00f6ss\u00e9geknek.   A fot\u00f3p\u00e1ly\u00e1zaton val\u00f3 r\u00e9szv\u00e9tel \u00e9rdek\u00e9ben mind\u00f6ssze annyit kell tennie, hogy felt\u00f6lti a projektr\u0151l k\u00e9sz\u00fclt k\u00e9peket, melyeken j\u00f3l l\u00e1that\u00f3 egy hirdet\u0151t\u00e1bla, plak\u00e1t vagy poszter egy EU-z\u00e1szl\u00f3val valahol a k\u00e9p, megmutatva, hogy a projekt uni\u00f3s finansz\u00edroz\u00e1st kapott.   Majd ossza meg a f\u00e9nyk\u00e9peket, hogy es\u00e9lye legyen megnyerni a digit\u00e1lis fot\u00f3s felszerel\u00e9sre k\u00f6lthet\u0151 1.000 EUR nyerem\u00e9nyt \u00e9s egy k\u00e9t f\u0151re sz\u00f3l\u00f3 br\u00fcsszeli utaz\u00e1st 2014. okt\u00f3ber\u00e9ben.  A beny\u00fajt\u00e1s hat\u00e1rideje <b>2014. augusztus 25.<\/b>    Tov\u00e1bbi inform\u00e1ci\u00f3:<a class=\"link_extern2\" href=\"https:\/\/www.facebook.com\/EuropeanCommission\/app_386310531430573\" title=\"EUROPE IN MY REGION\" target=\"_blank\">EUROPE IN MY REGION<\/a><\/p>\n","protected":false},"excerpt":{"rendered":"<p>Keressen EU alapok \u00e1ltal t\u00e1rsfinansz\u00edrozott projekteket r\u00e9gi\u00f3j\u00e1ban \u00e9s nyerjen digit\u00e1lis fot\u00f3s felszerel\u00e9st 1.000 EUR \u00e9rt\u00e9kben \u00e9s egy r\u00f6vid utaz\u00e1st Br\u00fcsszelbe.<\/p>\n","protected":false},"author":1,"featured_media":0,"comment_status":"open","ping_status":"open","sticky":false,"template":"","format":"standard","meta":{"ngg_post_thumbnail":0},"categories":[2],"tags":[],"_links":{"self":[{"href":"http:\/\/www.si-hu.eu\/hu\/wp-json\/wp\/v2\/posts\/71"}],"collection":[{"href":"http:\/\/www.si-hu.eu\/hu\/wp-json\/wp\/v2\/posts"}],"about":[{"href":"http:\/\/www.si-hu.eu\/hu\/wp-json\/wp\/v2\/types\/post"}],"author":[{"embeddable":true,"href":"http:\/\/www.si-hu.eu\/hu\/wp-json\/wp\/v2\/users\/1"}],"replies":[{"embeddable":true,"href":"http:\/\/www.si-hu.eu\/hu\/wp-json\/wp\/v2\/comments?post=71"}],"version-history":[{"count":0,"href":"http:\/\/www.si-hu.eu\/hu\/wp-json\/wp\/v2\/posts\/71\/revisions"}],"wp:attachment":[{"href":"http:\/\/www.si-hu.eu\/hu\/wp-json\/wp\/v2\/media?parent=71"}],"wp:term":[{"taxonomy":"category","embeddable":true,"href":"http:\/\/www.si-hu.eu\/hu\/wp-json\/wp\/v2\/categories?post=71"},{"taxonomy":"post_tag","embeddable":true,"href":"http:\/\/www.si-hu.eu\/hu\/wp-json\/wp\/v2\/tags?post=71"}],"curies":[{"name":"wp","href":"https:\/\/api.w.org\/{rel}","templated":true}]}}