{"id":72,"date":"2014-08-01T12:01:00","date_gmt":"2014-08-01T11:01:00","guid":{"rendered":"http:\/\/www.si-hu.eu\/si2\/si-huhu\/2014\/08\/01\/uj-penzugyi-perspektiva-szlovenia-magyarorszag-2014-2020-felhivas-kozremukodesre\/"},"modified":"2014-08-01T12:01:00","modified_gmt":"2014-08-01T11:01:00","slug":"uj-penzugyi-perspektiva-szlovenia-magyarorszag-2014-2020-felhivas-kozremukodesre","status":"publish","type":"post","link":"http:\/\/www.si-hu.eu\/hu\/uj-penzugyi-perspektiva-szlovenia-magyarorszag-2014-2020-felhivas-kozremukodesre\/","title":{"rendered":"\u00daj P\u00e9nz\u00fcgyi Perspekt\u00edva, Szlov\u00e9nia-Magyarorsz\u00e1g 2014-2020 \u2013 felh\u00edv\u00e1s k\u00f6zrem\u0171k\u00f6d\u00e9sre"},"content":{"rendered":"<p>Elkezd\u0151d\u00f6tt a Szlov\u00e9nia-Magyarorsz\u00e1g Hat\u00e1ron \u00c1tny\u00fal\u00f3 Egy\u00fcttm\u0171k\u00f6d\u00e9si Program 2014-2020 kidolgoz\u00e1sa. Annak \u00e9rdek\u00e9ben, hogy a feladatot hat\u00e9konyan tudjuk v\u00e9grehajtani, \u00e9s a Szlov\u00e9nia-Magyarorsz\u00e1g hat\u00e1ron \u00e1tny\u00fal\u00f3 r\u00e9gi\u00f3 \u00e9rdekeit a lehet\u0151 legjobban szolg\u00e1ljuk, be szeretn\u00e9nk \u00d6nt is vonni a program kidolgoz\u00e1s\u00e1nak folyamat\u00e1ba.   Abban k\u00e9rj\u00fck sz\u00edves egy\u00fcttm\u0171k\u00f6d\u00e9s\u00e9t, hogy t\u00f6lts\u00f6n ki egy k\u00e9rd\u0151\u00edvet, amelyben m\u00f3dja lesz  1.       hozz\u00e1sz\u00f3l\u00e1sokat megfogalmazni a Szlov\u00e9nia-Magyarorsz\u00e1g 2007-2013 Programmal kapcsolatban (amennyiben abban nem vett r\u00e9szt, relev\u00e1ns k\u00e9rd\u00e9sre fog majd tudni ugrani)  2.       az \u00d6n \u00e1ltal fontosnak tartott hat\u00e1ron \u00e1tny\u00fal\u00f3 k\u00f6z\u00f6s szlov\u00e9n-magyar probl\u00e9m\u00e1kat \u00e9s fejleszt\u00e9si ig\u00e9nyeket megfogalmazni, amelyekkel \u00d6n szerint a 2014-2020 id\u0151szakban foglalkozni kellene  3.       \u00e9s kiv\u00e1lasztani priorit\u00e1sokat, felv\u00e1zolni t\u00e1mogatand\u00f3 tev\u00e9kenys\u00e9geket, projekt\u00f6tleteket, partner javaslatokat.     A k\u00e9rd\u0151\u00edvet az al\u00e1bbi weblapon tal\u00e1lja meg magyar nyelven: https:\/\/www.surveymonkey.com\/s\/DLSFC5M   A k\u00e9rd\u0151\u00edv augusztus 14-ig \u00e9rhet\u0151 el. V\u00e1laszai nagyban hozz\u00e1j\u00e1rulnak munk\u00e1nkhoz \u00e9s a Szlov\u00e9nia-Magyarorsz\u00e1g hat\u00e1ron \u00e1tny\u00fal\u00f3 r\u00e9gi\u00f3 fejleszt\u00e9s\u00e9hez!   Nagyra \u00e9rt\u00e9kelj\u00fck k\u00f6zrem\u0171k\u00f6d\u00e9s\u00e9t \u00e9s v\u00e1laszait!<\/p>\n","protected":false},"excerpt":{"rendered":"<p>Elkezd\u0151d\u00f6tt a Szlov\u00e9nia-Magyarorsz\u00e1g Hat\u00e1ron \u00c1tny\u00fal\u00f3 Egy\u00fcttm\u0171k\u00f6d\u00e9si Program 2014-2020 kidolgoz\u00e1sa. Annak \u00e9rdek\u00e9ben, hogy a feladatot hat\u00e9konyan tudjuk v\u00e9grehajtani, \u00e9s a Szlov\u00e9nia-Magyarorsz\u00e1g hat\u00e1ron \u00e1tny\u00fal\u00f3 r\u00e9gi\u00f3 \u00e9rdekeit a lehet\u0151 legjobban szolg\u00e1ljuk, be szeretn\u00e9nk \u00d6nt is vonni a program kidolgoz\u00e1s\u00e1nak folyamat\u00e1ba.<\/p>\n","protected":false},"author":1,"featured_media":0,"comment_status":"open","ping_status":"open","sticky":false,"template":"","format":"standard","meta":{"ngg_post_thumbnail":0},"categories":[2],"tags":[],"_links":{"self":[{"href":"http:\/\/www.si-hu.eu\/hu\/wp-json\/wp\/v2\/posts\/72"}],"collection":[{"href":"http:\/\/www.si-hu.eu\/hu\/wp-json\/wp\/v2\/posts"}],"about":[{"href":"http:\/\/www.si-hu.eu\/hu\/wp-json\/wp\/v2\/types\/post"}],"author":[{"embeddable":true,"href":"http:\/\/www.si-hu.eu\/hu\/wp-json\/wp\/v2\/users\/1"}],"replies":[{"embeddable":true,"href":"http:\/\/www.si-hu.eu\/hu\/wp-json\/wp\/v2\/comments?post=72"}],"version-history":[{"count":0,"href":"http:\/\/www.si-hu.eu\/hu\/wp-json\/wp\/v2\/posts\/72\/revisions"}],"wp:attachment":[{"href":"http:\/\/www.si-hu.eu\/hu\/wp-json\/wp\/v2\/media?parent=72"}],"wp:term":[{"taxonomy":"category","embeddable":true,"href":"http:\/\/www.si-hu.eu\/hu\/wp-json\/wp\/v2\/categories?post=72"},{"taxonomy":"post_tag","embeddable":true,"href":"http:\/\/www.si-hu.eu\/hu\/wp-json\/wp\/v2\/tags?post=72"}],"curies":[{"name":"wp","href":"https:\/\/api.w.org\/{rel}","templated":true}]}}