{"id":75,"date":"2014-09-03T12:58:00","date_gmt":"2014-09-03T11:58:00","guid":{"rendered":"http:\/\/www.si-hu.eu\/si2\/si-huhu\/2014\/09\/03\/meghivo-falusi-turisztikai-napra-az-europai-egyuttmukodes-napja-kereteben-2014-szeptember-20-an\/"},"modified":"2014-09-03T12:58:00","modified_gmt":"2014-09-03T11:58:00","slug":"meghivo-falusi-turisztikai-napra-az-europai-egyuttmukodes-napja-kereteben-2014-szeptember-20-an","status":"publish","type":"post","link":"http:\/\/www.si-hu.eu\/hu\/meghivo-falusi-turisztikai-napra-az-europai-egyuttmukodes-napja-kereteben-2014-szeptember-20-an\/","title":{"rendered":"Megh\u00edv\u00f3 \u201cFalusi turisztikai napra\u201d az Eur\u00f3pai egy\u00fcttm\u0171k\u00f6d\u00e9s napja keret\u00e9ben, 2014. szeptember 20-\u00e1n"},"content":{"rendered":"<p>Az Eur\u00f3pai Egy\u00fcttm\u0171k\u00f6d\u00e9s Napja \u00e9vente megrendez\u00e9sre ker\u00fcl\u0151 esem\u00e9ny Eur\u00f3pa-szerte,  melyet a Szlov\u00e9nia-Magyarorsz\u00e1g Hat\u00e1ron \u00c1tny\u00fal\u00f3 Egy\u00fcttm\u0171k\u00f6d\u00e9si Program 2007-2013 keret\u00e9ben 2014. szeptember 20.-\u00e1n \u00fcnnepel\u00fcnk.  <b> Magyarszerdahely<\/b> k\u00f6zs\u00e9gben, k\u00f6z\u00f6sen az <b>5 Postakocsi<\/b> \u00e9s a <b>K\u00e9zm\u0171ves Akad\u00e9mia 2<\/b> c\u00edm\u0171 projektek r\u00e9sztvev\u0151ivel, eg\u00e9sz napos, v\u00e1ltozatos, kultur\u00e1lis, sport \u00e9s kulin\u00e1ris programokkal v\u00e1rjuk \u00d6nt. T\u00f6bbek k\u00f6z\u00f6tt megm\u00e9rettetheti mag\u00e1t \u00bbparasztolimpi\u00e1n\u00ab, r\u00e9szt vehet k\u00e9zm\u0171ves mesters\u00e9gek bemutat\u00f3j\u00e1n, megtekintheti a falut lovaskocsin,  fot\u00f3-szafarin versenyezhet \u00e9s cig\u00e1nyzen\u00e9vel k\u00eds\u00e9rt tradicion\u00e1lis helyi eb\u00e9den is r\u00e9szt vehet.   V\u00c1RJUK \u00d6NT IS!   R\u00e9szletes program a megh\u00edv\u00f3 mell\u00e9klet\u00e9ben tal\u00e1lhat\u00f3.  <a class=\"link_extern2\" href=\"https:\/\/www.youtube.com\/watch?v=Djsc1arYsmI\" title=\"Film az Eur\u00f3pai Egy\u00fcttm\u0171k\u00f6d\u00e9sr\u0151l\" target=\"_blank\">Film az Eur\u00f3pai Egy\u00fcttm\u0171k\u00f6d\u00e9sr\u0151l<\/a><\/p>\n<p><a href=\"http:\/\/www.si-hu.eu\/si2\/si-huwp-content\/uploads\/2015\/08\/Megh\u00edv\u00f3_Eur\u00f3pai Egy\u00fcttm\u0171k\u00f6d\u00e9s Napja_2014.pdf\">Megh\u00edv\u00f3 programmal<\/a><\/p>\n","protected":false},"excerpt":{"rendered":"<p>Az Eur\u00f3pai Egy\u00fcttm\u0171k\u00f6d\u00e9s Napja \u00e9vente megrendez\u00e9sre ker\u00fcl\u0151 esem\u00e9ny Eur\u00f3pa-szerte,melyet a Szlov\u00e9nia-Magyarorsz\u00e1g Hat\u00e1ron \u00c1tny\u00fal\u00f3 Egy\u00fcttm\u0171k\u00f6d\u00e9si Program 2007-2013 keret\u00e9ben 2014. szeptember 20.-\u00e1n \u00fcnnepel\u00fcnk.<\/p>\n","protected":false},"author":1,"featured_media":0,"comment_status":"open","ping_status":"open","sticky":false,"template":"","format":"standard","meta":{"ngg_post_thumbnail":0},"categories":[2],"tags":[],"_links":{"self":[{"href":"http:\/\/www.si-hu.eu\/hu\/wp-json\/wp\/v2\/posts\/75"}],"collection":[{"href":"http:\/\/www.si-hu.eu\/hu\/wp-json\/wp\/v2\/posts"}],"about":[{"href":"http:\/\/www.si-hu.eu\/hu\/wp-json\/wp\/v2\/types\/post"}],"author":[{"embeddable":true,"href":"http:\/\/www.si-hu.eu\/hu\/wp-json\/wp\/v2\/users\/1"}],"replies":[{"embeddable":true,"href":"http:\/\/www.si-hu.eu\/hu\/wp-json\/wp\/v2\/comments?post=75"}],"version-history":[{"count":0,"href":"http:\/\/www.si-hu.eu\/hu\/wp-json\/wp\/v2\/posts\/75\/revisions"}],"wp:attachment":[{"href":"http:\/\/www.si-hu.eu\/hu\/wp-json\/wp\/v2\/media?parent=75"}],"wp:term":[{"taxonomy":"category","embeddable":true,"href":"http:\/\/www.si-hu.eu\/hu\/wp-json\/wp\/v2\/categories?post=75"},{"taxonomy":"post_tag","embeddable":true,"href":"http:\/\/www.si-hu.eu\/hu\/wp-json\/wp\/v2\/tags?post=75"}],"curies":[{"name":"wp","href":"https:\/\/api.w.org\/{rel}","templated":true}]}}