{"id":76,"date":"2014-09-23T07:40:00","date_gmt":"2014-09-23T06:40:00","guid":{"rendered":"http:\/\/www.si-hu.eu\/si2\/si-huhu\/2014\/09\/23\/falusi-turisztikai-nap-az-2014-europai-egyuttmukodes-napja-kereteben\/"},"modified":"2014-09-23T07:40:00","modified_gmt":"2014-09-23T06:40:00","slug":"falusi-turisztikai-nap-az-2014-europai-egyuttmukodes-napja-kereteben","status":"publish","type":"post","link":"http:\/\/www.si-hu.eu\/hu\/falusi-turisztikai-nap-az-2014-europai-egyuttmukodes-napja-kereteben\/","title":{"rendered":"\u201eFalusi turisztikai nap\u201d az 2014 Eur\u00f3pai Egy\u00fcttm\u0171k\u00f6d\u00e9s Napja keret\u00e9ben"},"content":{"rendered":"<p>Az Eur\u00f3pai Bizotts\u00e1g \u00e9s az INTERACT Program \u00e9gisze alatt az Eur\u00f3pai Egy\u00fcttm\u0171k\u00f6d\u00e9s Napj\u00e1t sz\u00e1mos rendezv\u00e9nnyel \u00fcnneplik Eur\u00f3pa-szerte. Az esem\u00e9nysorozat keret\u00e9ben, amelyet a \u201eK\u00f6z\u00f6s hat\u00e1ron, k\u00f6zelebb egym\u00e1shoz\u201d jelmondat f\u0171z \u00f6ssze, bemutat\u00e1sra ker\u00fcltek a hat\u00e1ron \u00e1tny\u00fal\u00f3 egy\u00fcttm\u0171k\u00f6d\u00e9si  programok. A Szlov\u00e9n K\u00f6zt\u00e1rsas\u00e1g Fejleszt\u00e9si \u00e9s Eur\u00f3pai Koh\u00e9zi\u00f3s Politik\u00e1\u00e9rt felel\u0151s Korm\u00e1nyhivatala, amely a Szlov\u00e9nia-Magarorsz\u00e1g 2007-2013 k\u00f6z\u00f6tti programid\u0151szakban az Ir\u00e1ny\u00edt\u00f3 Hat\u00f3s\u00e1g szerep\u00e9t t\u00f6lti be, Falusi Turisztikai Napot szervezett Magyarszerdahelyen, Magyarorsz\u00e1gon.    A szlov\u00e9n \u00e9s magyar r\u00e9sztvev\u0151k megtekinthett\u00e9k Magyarszerdahely k\u00f6zs\u00e9get, ahol a Szlov\u00e9n K\u00f6zt\u00e1rsas\u00e1g Fejleszt\u00e9si \u00e9s Eur\u00f3pai Koh\u00e9zi\u00f3s Politik\u00e1\u00e9rt felel\u0151s Korm\u00e1nyhivatala az 5 Postakocsi \u00e9s a K\u00e9zm\u0171ves Akad\u00e9mia 2 c\u00edm\u0171 projektek partnereivel egy\u00fcttm\u0171k\u00f6d\u00e9sben eg\u00e9sz napos, v\u00e1ltozatos kultur\u00e1lis, sport \u00e9s kulin\u00e1ris programot szervezett. A r\u00e9sztvev\u0151k t\u00f6bbek k\u00f6z\u00f6tt megm\u00e9rettethett\u00e9k magukat \u00bbparasztolimpi\u00e1n\u00ab, r\u00e9szt vehettek k\u00e9zm\u0171ves mesters\u00e9gek bemutat\u00f3j\u00e1n, megtekinthett\u00e9k a falut lovaskocsin, fot\u00f3-szafarin versenyezhettek \u00e9s tipikus helyi eb\u00e9det k\u00f3stolhattak cig\u00e1nyzene k\u00eds\u00e9rettel.  <a class=\"link_extern2\" href=\"http:\/\/www.si-hu.eu\/si2\/image_gallery_hu\/rural_tourism_day_in_frame_of_the_european_cooperation_day_2014\" title=\"K\u00e9pgal\u00e9ria\" target=\"_blank\">K\u00e9pgal\u00e9ria<\/a><\/p>\n","protected":false},"excerpt":{"rendered":"<p>Az Eur\u00f3pai Bizotts\u00e1g \u00e9s az INTERACT Program \u00e9gisze alatt az Eur\u00f3pai Egy\u00fcttm\u0171k\u00f6d\u00e9s Napj\u00e1t sz\u00e1mos rendezv\u00e9nnyel \u00fcnneplik Eur\u00f3pa-szerte. Az esem\u00e9nysorozat keret\u00e9ben, amelyet a \u201eK\u00f6z\u00f6s hat\u00e1ron, k\u00f6zelebb egym\u00e1shoz\u201d jelmondat f\u0171z \u00f6ssze, bemutat\u00e1sra ker\u00fcltek a hat\u00e1ron \u00e1tny\u00fal\u00f3 egy\u00fcttm\u0171k\u00f6d\u00e9si  programok.<\/p>\n","protected":false},"author":1,"featured_media":0,"comment_status":"open","ping_status":"open","sticky":false,"template":"","format":"standard","meta":{"ngg_post_thumbnail":0},"categories":[2],"tags":[],"_links":{"self":[{"href":"http:\/\/www.si-hu.eu\/hu\/wp-json\/wp\/v2\/posts\/76"}],"collection":[{"href":"http:\/\/www.si-hu.eu\/hu\/wp-json\/wp\/v2\/posts"}],"about":[{"href":"http:\/\/www.si-hu.eu\/hu\/wp-json\/wp\/v2\/types\/post"}],"author":[{"embeddable":true,"href":"http:\/\/www.si-hu.eu\/hu\/wp-json\/wp\/v2\/users\/1"}],"replies":[{"embeddable":true,"href":"http:\/\/www.si-hu.eu\/hu\/wp-json\/wp\/v2\/comments?post=76"}],"version-history":[{"count":0,"href":"http:\/\/www.si-hu.eu\/hu\/wp-json\/wp\/v2\/posts\/76\/revisions"}],"wp:attachment":[{"href":"http:\/\/www.si-hu.eu\/hu\/wp-json\/wp\/v2\/media?parent=76"}],"wp:term":[{"taxonomy":"category","embeddable":true,"href":"http:\/\/www.si-hu.eu\/hu\/wp-json\/wp\/v2\/categories?post=76"},{"taxonomy":"post_tag","embeddable":true,"href":"http:\/\/www.si-hu.eu\/hu\/wp-json\/wp\/v2\/tags?post=76"}],"curies":[{"name":"wp","href":"https:\/\/api.w.org\/{rel}","templated":true}]}}