{"id":78,"date":"2015-01-12T10:21:00","date_gmt":"2015-01-12T09:21:00","guid":{"rendered":"http:\/\/www.si-hu.eu\/si2\/si-huhu\/2015\/01\/12\/emlekezteto-nyilvanos-konzultacio-az-interreg-v-a-si-hu-2014-2020-egyuttmukodesi-program-kereteben\/"},"modified":"2015-01-12T10:21:00","modified_gmt":"2015-01-12T09:21:00","slug":"emlekezteto-nyilvanos-konzultacio-az-interreg-v-a-si-hu-2014-2020-egyuttmukodesi-program-kereteben","status":"publish","type":"post","link":"http:\/\/www.si-hu.eu\/hu\/emlekezteto-nyilvanos-konzultacio-az-interreg-v-a-si-hu-2014-2020-egyuttmukodesi-program-kereteben\/","title":{"rendered":"Eml\u00e9keztet\u0151: Nyilv\u00e1nos konzult\u00e1ci\u00f3 az Interreg V-A SI-HU 2014-2020 Egy\u00fcttm\u0171k\u00f6d\u00e9si Program keret\u00e9ben"},"content":{"rendered":"<p>A tag\u00e1llamok k\u00e9pvisel\u0151i (Task Force) megkezdt\u00e9k az Interreg V-A Szlov\u00e9nia-Magyarorsz\u00e1g Egy\u00fcttm\u0171k\u00f6d\u00e9si Program 2014-2020 kidolgoz\u00e1s\u00e1t, figyelembe v\u00e9ve mindk\u00e9t tag\u00e1llam nemzeti \u00e9s region\u00e1lis sz\u00fcks\u00e9gleteit a hat\u00e1rmenti programter\u00fcleten. A program f\u0151 tartalmi r\u00e9szei m\u00e1r meghat\u00e1roz\u00e1sra ker\u00fcltek a vonatkoz\u00f3 Eur\u00f3pai Uni\u00f3s jogszab\u00e1lyokkal \u00f6sszhangban.   Szeretn\u00e9nk most minden \u00e9rdekeltnek lehet\u0151s\u00e9get ny\u00fajtani arra, hogy hozz\u00e1sz\u00f3lhasson az Egy\u00fcttm\u0171k\u00f6d\u00e9si Program tervezet\u00e9hez. Ezt a nyomtatv\u00e1ny kit\u00f6lt\u00e9s\u00e9vel tehetik meg, <b>legk\u00e9s\u0151bb<\/b> <b>2015. janu\u00e1r 30.-ig.<\/b> K\u00e9rj\u00fck, a kit\u00f6lt\u00f6tt nyomtatv\u00e1nyt a <b>jts-si-hu.svlr@gov.si<\/b> e-mail c\u00edmre k\u00fcldj\u00e9k el.  A nyilv\u00e1nos konzult\u00e1ci\u00f3 keret\u00e9ben kapott hozz\u00e1sz\u00f3l\u00e1sok (amennyiben relev\u00e1nsak) felhaszn\u00e1l\u00e1sra ker\u00fclnek az Egy\u00fcttm\u0171k\u00f6d\u00e9si Program v\u00e9gleges verzi\u00f3j\u00e1nak kidolgoz\u00e1s\u00e1n\u00e1l, miel\u0151tt az elk\u00fcld\u00e9sre ker\u00fcl az Eur\u00f3pai Bizotts\u00e1ghoz.<\/p>\n<p><a href=\"http:\/\/www.si-hu.eu\/si2\/si-huwp-content\/uploads\/2015\/08\/02 2_Draft_CP_SIHU 2014-2020_5.pdf\">Szlov\u00e9nia-Magyarorsz\u00e1g Egy\u00fcttm\u0171k\u00f6d\u00e9si Program 2014-2020<\/a><br \/><a href=\"http:\/\/www.si-hu.eu\/si2\/si-huwp-content\/uploads\/2015\/08\/Formanyomtatvany_CP SI-HU 2014-2020_HU_1.docx\">Formanyomtatv\u00e1ny_CP SI-HU 2014-2020<\/a><\/p>\n","protected":false},"excerpt":{"rendered":"<p>A tag\u00e1llamok k\u00e9pvisel\u0151i (Task Force) megkezdt\u00e9k az Interreg V-A Szlov\u00e9nia-Magyarorsz\u00e1g Egy\u00fcttm\u0171k\u00f6d\u00e9si Program 2014-2020 kidolgoz\u00e1s\u00e1t, figyelembe v\u00e9ve mindk\u00e9t tag\u00e1llam nemzeti \u00e9s region\u00e1lis sz\u00fcks\u00e9gleteit a hat\u00e1rmenti programter\u00fcleten. A program f\u0151 tartalmi r\u00e9szei m\u00e1r meghat\u00e1roz\u00e1sra ker\u00fcltek a vonatkoz\u00f3 Eur\u00f3pai Uni\u00f3s jogszab\u00e1lyokkal \u00f6sszhangban.<\/p>\n","protected":false},"author":1,"featured_media":0,"comment_status":"open","ping_status":"open","sticky":false,"template":"","format":"standard","meta":{"ngg_post_thumbnail":0},"categories":[2],"tags":[],"_links":{"self":[{"href":"http:\/\/www.si-hu.eu\/hu\/wp-json\/wp\/v2\/posts\/78"}],"collection":[{"href":"http:\/\/www.si-hu.eu\/hu\/wp-json\/wp\/v2\/posts"}],"about":[{"href":"http:\/\/www.si-hu.eu\/hu\/wp-json\/wp\/v2\/types\/post"}],"author":[{"embeddable":true,"href":"http:\/\/www.si-hu.eu\/hu\/wp-json\/wp\/v2\/users\/1"}],"replies":[{"embeddable":true,"href":"http:\/\/www.si-hu.eu\/hu\/wp-json\/wp\/v2\/comments?post=78"}],"version-history":[{"count":0,"href":"http:\/\/www.si-hu.eu\/hu\/wp-json\/wp\/v2\/posts\/78\/revisions"}],"wp:attachment":[{"href":"http:\/\/www.si-hu.eu\/hu\/wp-json\/wp\/v2\/media?parent=78"}],"wp:term":[{"taxonomy":"category","embeddable":true,"href":"http:\/\/www.si-hu.eu\/hu\/wp-json\/wp\/v2\/categories?post=78"},{"taxonomy":"post_tag","embeddable":true,"href":"http:\/\/www.si-hu.eu\/hu\/wp-json\/wp\/v2\/tags?post=78"}],"curies":[{"name":"wp","href":"https:\/\/api.w.org\/{rel}","templated":true}]}}