{"id":79,"date":"2015-01-19T12:37:00","date_gmt":"2015-01-19T11:37:00","guid":{"rendered":"http:\/\/www.si-hu.eu\/si2\/si-huhu\/2015\/01\/19\/verseny-a-regiostars-2015-dijert\/"},"modified":"2015-01-19T12:37:00","modified_gmt":"2015-01-19T11:37:00","slug":"verseny-a-regiostars-2015-dijert","status":"publish","type":"post","link":"http:\/\/www.si-hu.eu\/hu\/verseny-a-regiostars-2015-dijert\/","title":{"rendered":"Verseny a \u201eRegioStars 2015\u201d d\u00edj\u00e9rt"},"content":{"rendered":"<p>Az Eur\u00f3pai Bizotts\u00e1g meghirdette a RegioStars 2015 versenyt \u2013imm\u00e1r nyolcadik \u00e9ve\u2013 az EU Struktur\u00e1lis Alapok \u00e1ltal t\u00e1rsfinansz\u00edrozott leginnovat\u00edvabb region\u00e1lis fejleszt\u00e9si projektek sz\u00e1m\u00e1ra, melyek 2015. okt\u00f3ber 13.-\u00e1n, az Eur\u00f3pai R\u00e9gi\u00f3k \u00e9s V\u00e1rosok Het\u00e9n (OPEN DAYS) ker\u00fclnek d\u00edjaz\u00e1sra Br\u00fcsszelben.   <b>A 2015. \u00e9vben a kateg\u00f3ri\u00e1k a k\u00f6vetkez\u0151k:<\/b> &#8211; <b>Intelligens N\u00f6veked\u00e9s:<\/b> A kkv-k n\u00f6veked\u00e9si potenci\u00e1lj\u00e1nak kiakn\u00e1z\u00e1sa a digit\u00e1lis gazdas\u00e1g ter\u00e9n <b>&#8211; Fenntarthat\u00f3 Fejl\u0151d\u00e9s:<\/b> A polg\u00e1rok \u00e9s a t\u00e1rsadalom jav\u00e1t szolg\u00e1l\u00f3 energiahat\u00e9konys\u00e1gi beruh\u00e1z\u00e1sok mozg\u00f3s\u00edt\u00e1sa <b>&#8211; Inkluz\u00edv N\u00f6veked\u00e9s:<\/b> A t\u00e1rsadalmi kirekesztetts\u00e9g \u00e1ltal vesz\u00e9lyeztetettek t\u00e1rsadalmi integr\u00e1ci\u00f3ja <b>&#8211; CityStar:<\/b> A v\u00e1rosok felk\u00e9sz\u00edt\u00e9se a j\u00f6v\u0151 kih\u00edv\u00e1saira  A 2015. \u00e9vi d\u00edjra kiv\u00e1lasztott d\u00f6nt\u0151s\u00f6k megh\u00edv\u00e1st kapnak majd, hogy r\u00e9szt vegyen a RegioStars 2015 d\u00edj\u00e1tad\u00f3 \u00fcnneps\u00e9gen, amelyre 2015 okt\u00f3ber\u00e9ben ker\u00fcl sor, az OPEN DAYS keret\u00e9ben.   Tov\u00e1bbi inform\u00e1ci\u00f3 \u00e9s a jelentkez\u00e9si dokument\u00e1ci\u00f3 az al\u00e1bbi linken \u00e9rhet\u0151 el:   http:\/\/ec.europa.eu\/regional_policy\/projects\/regiostars\/regiostars_en.cfm.  Az Ir\u00e1ny\u00edt\u00f3 Hat\u00f3s\u00e1gnak legk\u00e9s\u0151bb 2015. febru\u00e1r 28-ig kell megk\u00fcldeni az Eur\u00f3pai Bizotts\u00e1g r\u00e9sz\u00e9re a leginnovat\u00edvabb projekteket.  Az \u00e9rdekl\u0151d\u0151 Vezet\u0151 Partnereknek <b>2015. febru\u00e1r 27-ig kell <\/b>beny\u00fajtaniuk angol nyelv\u0171 jelentkez\u00e9s\u00fcket az Ir\u00e1ny\u00edt\u00f3 Hat\u00f3s\u00e1ghoz\/K\u00f6z\u00f6s Technikai Titk\u00e1rs\u00e1ghoz e-mailen a k\u00f6vetkez\u0151 c\u00edmre: jts-si-hu.svlr@gov.si. Tov\u00e1bbi k\u00e9rd\u00e9sek eset\u00e9n k\u00e9rj\u00fck, \u00edrjon a <b>regio-stars@ec.europa.eu<\/b> e-mail c\u00edmre.<\/p>\n","protected":false},"excerpt":{"rendered":"<p>Az Eur\u00f3pai Bizotts\u00e1g meghirdette a RegioStars 2015 versenyt \u2013imm\u00e1r nyolcadik \u00e9ve\u2013 az EU Struktur\u00e1lis Alapok \u00e1ltal t\u00e1rsfinansz\u00edrozott leginnovat\u00edvabb region\u00e1lis fejleszt\u00e9si projektek sz\u00e1m\u00e1ra, melyek 2015. okt\u00f3ber 13.-\u00e1n, az Eur\u00f3pai R\u00e9gi\u00f3k \u00e9s V\u00e1rosok Het\u00e9n (OPEN DAYS) ker\u00fclnek d\u00edjaz\u00e1sra Br\u00fcsszelben.<\/p>\n","protected":false},"author":1,"featured_media":0,"comment_status":"open","ping_status":"open","sticky":false,"template":"","format":"standard","meta":{"ngg_post_thumbnail":0},"categories":[2],"tags":[],"_links":{"self":[{"href":"http:\/\/www.si-hu.eu\/hu\/wp-json\/wp\/v2\/posts\/79"}],"collection":[{"href":"http:\/\/www.si-hu.eu\/hu\/wp-json\/wp\/v2\/posts"}],"about":[{"href":"http:\/\/www.si-hu.eu\/hu\/wp-json\/wp\/v2\/types\/post"}],"author":[{"embeddable":true,"href":"http:\/\/www.si-hu.eu\/hu\/wp-json\/wp\/v2\/users\/1"}],"replies":[{"embeddable":true,"href":"http:\/\/www.si-hu.eu\/hu\/wp-json\/wp\/v2\/comments?post=79"}],"version-history":[{"count":0,"href":"http:\/\/www.si-hu.eu\/hu\/wp-json\/wp\/v2\/posts\/79\/revisions"}],"wp:attachment":[{"href":"http:\/\/www.si-hu.eu\/hu\/wp-json\/wp\/v2\/media?parent=79"}],"wp:term":[{"taxonomy":"category","embeddable":true,"href":"http:\/\/www.si-hu.eu\/hu\/wp-json\/wp\/v2\/categories?post=79"},{"taxonomy":"post_tag","embeddable":true,"href":"http:\/\/www.si-hu.eu\/hu\/wp-json\/wp\/v2\/tags?post=79"}],"curies":[{"name":"wp","href":"https:\/\/api.w.org\/{rel}","templated":true}]}}