{"id":82,"date":"2015-02-24T15:15:00","date_gmt":"2015-02-24T14:15:00","guid":{"rendered":"http:\/\/www.si-hu.eu\/si2\/si-huhu\/2015\/02\/24\/strategiai-kornyezeti-vizsgalat-skv\/"},"modified":"2015-02-24T15:15:00","modified_gmt":"2015-02-24T14:15:00","slug":"strategiai-kornyezeti-vizsgalat-skv","status":"publish","type":"post","link":"http:\/\/www.si-hu.eu\/hu\/strategiai-kornyezeti-vizsgalat-skv\/","title":{"rendered":"Strat\u00e9giai K\u00f6rnyezeti Vizsg\u00e1lat (SKV)"},"content":{"rendered":"<p>A Szlov\u00e9nia-Magyarorsz\u00e1g Hat\u00e1ron \u00c1tny\u00fal\u00f3 Egy\u00fcttm\u0171k\u00f6d\u00e9si Program 2014-2020 Strat\u00e9giai K\u00f6rnyezeti Vizsg\u00e1lat (SKV) a 2001\/42\/EC Eur\u00f3pai Bizotts\u00e1g ir\u00e1nyelv\u00e9vel \u00e9s a 2\/2005 (I.11.) Korm\u00e1nyrendelettel \u00f6sszhangban ker\u00fcl tervez\u00e9sre \u00e9s lefolytat\u00e1sra. Az SKV egy hasznos eszk\u00f6z arra, hogy kihangs\u00falyozhat\u00f3ak legyenek a Program pozit\u00edv k\u00f6rnyezeti hat\u00e1sai, valamint megakad\u00e1lyozhat\u00f3ak legyenek a k\u00f6rnyezetre k\u00e1ros int\u00e9zked\u00e9sek. Az \u00e1tl\u00e1that\u00f3 d\u00f6nt\u00e9shozatal \u00e9rdek\u00e9ben a relev\u00e1ns k\u00f6rnyezetv\u00e9delmi hat\u00f3s\u00e1gok \u00e9s a nyilv\u00e1noss\u00e1g sz\u00e1m\u00e1ra a programtervez\u0151k biztos\u00edtj\u00e1k a konzult\u00e1ci\u00f3 lehet\u0151s\u00e9g\u00e9t.     A honlapon t\u00f6rt\u00e9n\u0151 megjelen\u00e9st k\u00f6vet\u0151en (2015. febru\u00e1r 24-t\u0151l) <b>30 nap \u00e1ll rendelkez\u00e9sre (2015. m\u00e1rcius 26-ig),<\/b> hogy a t\u00e1rsadalmas\u00edt\u00e1si elj\u00e1r\u00e1s keret\u00e9ben a programtervez\u0151k fogadj\u00e1k a 2014-2020-as Szlov\u00e9nia-Magyarorsz\u00e1g Hat\u00e1ron \u00c1tny\u00fal\u00f3 Egy\u00fcttm\u0171k\u00f6d\u00e9si Programmal kapcsolatos, illetve annak Strat\u00e9giai K\u00f6rnyezeti Vizsg\u00e1lathoz illeszked\u0151 k\u00f6rnyezetv\u00e9delmi \u00e9s fenntarthat\u00f3s\u00e1gi vonatkoz\u00e1s\u00fa megjegyz\u00e9seket, \u00e9szrev\u00e9teleket, javaslatokat, amelyet Horv\u00e1th D\u00f3ra sz\u00e1m\u00e1ra k\u00fcldhetnek el a dora.horvath@me.gov.hu e-mail c\u00edmre.     Let\u00f6lthet\u0151 anyagok:<\/p>\n<p><a href=\"http:\/\/www.si-hu.eu\/si2\/si-huwp-content\/uploads\/2015\/08\/Draft_CP_SIHU 2014-2020 v3 2_no tracking_1.docx\">Draft_CP_SIHU 20114-2020_V3.2<\/a><br \/><a href=\"http:\/\/www.si-hu.eu\/si2\/si-huwp-content\/uploads\/2015\/08\/SEA_CBC_SI-HU_2014-2020_draft_ver_ENG_1.docx\">Draft_SEA_CP_SIHU 2014-2020_ENG<\/a><br \/><a href=\"http:\/\/www.si-hu.eu\/si2\/si-huwp-content\/uploads\/2015\/08\/Translation_HU_Executive_Summary_CP_SI-HU_1.docx\">Translation_HU_Executive_Summary_CP_SI-HU 2014-2020<\/a><\/p>\n","protected":false},"excerpt":{"rendered":"<p>A Szlov\u00e9nia-Magyarorsz\u00e1g Hat\u00e1ron \u00c1tny\u00fal\u00f3 Egy\u00fcttm\u0171k\u00f6d\u00e9si Program 2014-2020 Strat\u00e9giai K\u00f6rnyezeti Vizsg\u00e1lat (SKV) a 2001\/42\/EC Eur\u00f3pai Bizotts\u00e1g ir\u00e1nyelv\u00e9vel \u00e9s a 2\/2005 (I.11.) Korm\u00e1nyrendelettel \u00f6sszhangban ker\u00fcl tervez\u00e9sre \u00e9s lefolytat\u00e1sra. Az SKV egy hasznos eszk\u00f6z arra, hogy kihangs\u00falyozhat\u00f3ak legyenek a Program pozit\u00edv k\u00f6rnyezeti hat\u00e1sai, valamint megakad\u00e1lyozhat\u00f3ak legyenek a k\u00f6rnyezetre k\u00e1ros int\u00e9zked\u00e9sek. Az \u00e1tl\u00e1that\u00f3 d\u00f6nt\u00e9shozatal \u00e9rdek\u00e9ben a relev\u00e1ns k\u00f6rnyezetv\u00e9delmi hat\u00f3s\u00e1gok \u00e9s a nyilv\u00e1noss\u00e1g sz\u00e1m\u00e1ra a programtervez\u0151k biztos\u00edtj\u00e1k a konzult\u00e1ci\u00f3 lehet\u0151s\u00e9g\u00e9t.<\/p>\n","protected":false},"author":1,"featured_media":0,"comment_status":"open","ping_status":"open","sticky":false,"template":"","format":"standard","meta":{"ngg_post_thumbnail":0},"categories":[2],"tags":[],"_links":{"self":[{"href":"http:\/\/www.si-hu.eu\/hu\/wp-json\/wp\/v2\/posts\/82"}],"collection":[{"href":"http:\/\/www.si-hu.eu\/hu\/wp-json\/wp\/v2\/posts"}],"about":[{"href":"http:\/\/www.si-hu.eu\/hu\/wp-json\/wp\/v2\/types\/post"}],"author":[{"embeddable":true,"href":"http:\/\/www.si-hu.eu\/hu\/wp-json\/wp\/v2\/users\/1"}],"replies":[{"embeddable":true,"href":"http:\/\/www.si-hu.eu\/hu\/wp-json\/wp\/v2\/comments?post=82"}],"version-history":[{"count":0,"href":"http:\/\/www.si-hu.eu\/hu\/wp-json\/wp\/v2\/posts\/82\/revisions"}],"wp:attachment":[{"href":"http:\/\/www.si-hu.eu\/hu\/wp-json\/wp\/v2\/media?parent=82"}],"wp:term":[{"taxonomy":"category","embeddable":true,"href":"http:\/\/www.si-hu.eu\/hu\/wp-json\/wp\/v2\/categories?post=82"},{"taxonomy":"post_tag","embeddable":true,"href":"http:\/\/www.si-hu.eu\/hu\/wp-json\/wp\/v2\/tags?post=82"}],"curies":[{"name":"wp","href":"https:\/\/api.w.org\/{rel}","templated":true}]}}