{"id":1091,"date":"2017-02-21T10:19:18","date_gmt":"2017-02-21T09:19:18","guid":{"rendered":"http:\/\/www.si-hu.eu\/hu2\/?p=1091"},"modified":"2017-02-21T11:46:39","modified_gmt":"2017-02-21T10:46:39","slug":"verseny-a-regiostars2017dijert","status":"publish","type":"post","link":"http:\/\/www.si-hu.eu\/hu2\/2017\/02\/21\/verseny-a-regiostars2017dijert\/","title":{"rendered":"Verseny a \u201eRegioStars2017\u201dd\u00edj\u00e9rt"},"content":{"rendered":"<p><a href=\"http:\/\/www.si-hu.eu\/hu2\/wp-content\/uploads\/sites\/10\/2017\/02\/regiostrs.jpg\"><img loading=\"lazy\" class=\"alignleft size-medium wp-image-1092\" src=\"http:\/\/www.si-hu.eu\/hu2\/wp-content\/uploads\/sites\/10\/2017\/02\/regiostrs-300x121.jpg\" alt=\"\" height=\"121\" width=\"300\" srcset=\"http:\/\/www.si-hu.eu\/hu2\/wp-content\/uploads\/sites\/10\/2017\/02\/regiostrs-300x121.jpg 300w, http:\/\/www.si-hu.eu\/hu2\/wp-content\/uploads\/sites\/10\/2017\/02\/regiostrs-450x182.jpg 450w, http:\/\/www.si-hu.eu\/hu2\/wp-content\/uploads\/sites\/10\/2017\/02\/regiostrs.jpg 583w\" sizes=\"(max-width: 300px) 100vw, 300px\" \/><\/a><\/p>\n<p>&nbsp;<\/p>\n<p>&nbsp;<\/p>\n<p>&nbsp;<\/p>\n<p>&nbsp;<\/p>\n<p>&nbsp;<\/p>\n<p>Az Eur\u00f3pai Bizotts\u00e1g meghirdette a RegioStars 2017 versenyt \u2013 a d\u00edj id\u00e9n a 10. \u00e9vfordul\u00f3j\u00e1t \u00fcnnepli \u2013 az EU Struktur\u00e1lis Alapok \u00e1ltal t\u00e1rsfinansz\u00edrozott leginnovat\u00edvabb region\u00e1lis fejleszt\u00e9si projektek sz\u00e1m\u00e1ra, melyek 2017. okt\u00f3ber 10-\u00e9n, az Eur\u00f3pai R\u00e9gi\u00f3k \u00e9s V\u00e1rosok Het\u00e9n (OPEN DAYS) ker\u00fclnek d\u00edjaz\u00e1sra Br\u00fcsszelben.<\/p>\n<p><strong>2017-ben a kateg\u00f3ri\u00e1k a k\u00f6vetkez\u0151k:<\/strong><\/p>\n<p>1) Intelligens szakosod\u00e1s a KKV innov\u00e1ci\u00f3\u00e9rt<\/p>\n<p>2) Eur\u00f3pai Uni\u00f3: \u00c9ghajlatv\u00e1ltoz\u00e1s<\/p>\n<p>3) A n\u0151k szerep\u00e9nek er\u0151s\u00edt\u00e9se \u00e9s akt\u00edv r\u00e9szv\u00e9tel<\/p>\n<p>4) Oktat\u00e1s \u00e9s k\u00e9pz\u00e9s<\/p>\n<p>5) CityStar: V\u00e1rosok a digit\u00e1lis \u00e1t\u00e1ll\u00e1s idej\u00e9n<\/p>\n<p>&nbsp;<\/p>\n<p>A 2017. \u00e9vi d\u00edjra kiv\u00e1lasztott d\u00f6nt\u0151s\u00f6k megh\u00edv\u00e1st kapnak majd, hogy r\u00e9szt vegyen a RegioStars 2017 D\u00edj d\u00edj\u00e1tad\u00f3 \u00fcnneps\u00e9g\u00e9n, amelyre 2017 okt\u00f3ber\u00e9ben ker\u00fcl sor, az OPEN DAYS keret\u00e9ben.<\/p>\n<p>&nbsp;<\/p>\n<p>Tov\u00e1bbi inform\u00e1ci\u00f3 \u00e9s jelentkez\u00e9si formanyomtatv\u00e1ny az al\u00e1bbi linken \u00e9rhet\u0151 el:&nbsp;<\/p>\n<p><a href=\"http:\/\/ec.europa.eu\/regional_policy\/en\/regio-stars-awards\/\">http:\/\/ec.europa.eu\/regional_policy\/en\/regio-stars-awards\/<\/a><\/p>\n<p>&nbsp;<\/p>\n<p>Az Ir\u00e1ny\u00edt\u00f3 Hat\u00f3s\u00e1gnak legk\u00e9s\u0151bb 2017. \u00e1prilis 10-ig kell megk\u00fcldenie az Eur\u00f3pai Bizotts\u00e1g r\u00e9sz\u00e9re a leginnovat\u00edvabb projekteket.&nbsp; Az \u00e9rdekl\u0151d\u0151 Vezet\u0151 Partnereknek 2017. \u00e1prilis 5-ig kell beny\u00fajtaniuk angol nyelv\u0171 jelentkez\u00e9s\u00fcket az Ir\u00e1ny\u00edt\u00f3 Hat\u00f3s\u00e1ghoz\/K\u00f6z\u00f6s Titk\u00e1rs\u00e1ghoz e-mailen a k\u00f6vetkez\u0151 c\u00edmre:&nbsp; <a href=\"mailto:si-hu.svrk@gov.si\">si-hu.svrk@gov.si<\/a>.<\/p>\n<p>Tov\u00e1bbi k\u00e9rd\u00e9sek eset\u00e9n k\u00e9rj\u00fck, \u00edrjon a <a href=\"mailto:regiostars2017@iservice-europa.eu\">regiostars2017@iservice-europa.eu<\/a> e-mail c\u00edmre.<\/p>\n<p>&nbsp;<\/p>\n<p>&nbsp;<\/p>\n<p>&nbsp;<\/p>\n<p>&nbsp;<\/p>\n<p>&nbsp;<\/p>\n<p>&nbsp;<\/p>\n<p>&nbsp;<\/p>\n<p>&nbsp;<\/p>\n","protected":false},"excerpt":{"rendered":"<p>Az Eur\u00f3pai Bizotts\u00e1g meghirdette a RegioStars 2015 versenyt \u2013imm\u00e1r nyolcadik \u00e9ve\u2013 az EU Struktur\u00e1lis Alapok \u00e1ltal t\u00e1rsfinansz\u00edrozott leginnovat\u00edvabb region\u00e1lis fejleszt\u00e9si projektek sz\u00e1m\u00e1ra, melyek 2015. okt\u00f3ber 13.-\u00e1n, az Eur\u00f3pai R\u00e9gi\u00f3k \u00e9s V\u00e1rosok Het\u00e9n (OPEN DAYS) ker\u00fclnek d\u00edjaz\u00e1sra Br\u00fcsszelben.<\/p>\n","protected":false},"author":7,"featured_media":1092,"comment_status":"closed","ping_status":"open","sticky":false,"template":"","format":"standard","meta":{"ngg_post_thumbnail":0},"categories":[1,3],"tags":[],"acf":[],"_links":{"self":[{"href":"http:\/\/www.si-hu.eu\/hu2\/wp-json\/wp\/v2\/posts\/1091"}],"collection":[{"href":"http:\/\/www.si-hu.eu\/hu2\/wp-json\/wp\/v2\/posts"}],"about":[{"href":"http:\/\/www.si-hu.eu\/hu2\/wp-json\/wp\/v2\/types\/post"}],"author":[{"embeddable":true,"href":"http:\/\/www.si-hu.eu\/hu2\/wp-json\/wp\/v2\/users\/7"}],"replies":[{"embeddable":true,"href":"http:\/\/www.si-hu.eu\/hu2\/wp-json\/wp\/v2\/comments?post=1091"}],"version-history":[{"count":5,"href":"http:\/\/www.si-hu.eu\/hu2\/wp-json\/wp\/v2\/posts\/1091\/revisions"}],"predecessor-version":[{"id":1104,"href":"http:\/\/www.si-hu.eu\/hu2\/wp-json\/wp\/v2\/posts\/1091\/revisions\/1104"}],"wp:featuredmedia":[{"embeddable":true,"href":"http:\/\/www.si-hu.eu\/hu2\/wp-json\/wp\/v2\/media\/1092"}],"wp:attachment":[{"href":"http:\/\/www.si-hu.eu\/hu2\/wp-json\/wp\/v2\/media?parent=1091"}],"wp:term":[{"taxonomy":"category","embeddable":true,"href":"http:\/\/www.si-hu.eu\/hu2\/wp-json\/wp\/v2\/categories?post=1091"},{"taxonomy":"post_tag","embeddable":true,"href":"http:\/\/www.si-hu.eu\/hu2\/wp-json\/wp\/v2\/tags?post=1091"}],"curies":[{"name":"wp","href":"https:\/\/api.w.org\/{rel}","templated":true}]}}