{"id":178,"date":"2015-12-18T09:16:20","date_gmt":"2015-12-18T08:16:20","guid":{"rendered":"http:\/\/84.39.218.252\/si2\/?p=178"},"modified":"2015-12-21T08:33:00","modified_gmt":"2015-12-21T07:33:00","slug":"novica","status":"publish","type":"post","link":"http:\/\/www.si-hu.eu\/hu2\/2015\/12\/18\/novica\/","title":{"rendered":"Megjelent az Interreg V-A Szlov\u00e9nia-Magyarorsz\u00e1g Ny\u00edlt P\u00e1ly\u00e1zati Felh\u00edv\u00e1sa"},"content":{"rendered":"<p>A Szlov\u00e9n K\u00f6zt\u00e1rsas\u00e1g Fejleszt\u00e9si \u00e9s Eur\u00f3pai Koh\u00e9zi\u00f3s Politik\u00e1\u00e9rt felel\u0151s Korm\u00e1nyhivatala, mint a Program Ir\u00e1ny\u00edt\u00f3 Hat\u00f3s\u00e1ga az Interreg V-A Szlov\u00e9nia-Magyarorsz\u00e1g Egy\u00fcttm\u0171k\u00f6d\u00e9si Program keret\u00e9ben Ny\u00edlt P\u00e1ly\u00e1zati Felh\u00edv\u00e1st tett k\u00f6zz\u00e9 a 2014-2020-as programperi\u00f3dusra. A Ny\u00edlt P\u00e1ly\u00e1zati Felh\u00edv\u00e1s keret\u00e9ben szlov\u00e9n \u00e9s magyar jogosult p\u00e1ly\u00e1z\u00f3k p\u00e1ly\u00e1zhatnak.\u00a0 Ezen Ny\u00edlt P\u00e1ly\u00e1zati Felh\u00edv\u00e1s keret\u00e9ben a projektek az Eur\u00f3pai Region\u00e1lis Fejleszt\u00e9si Alap (ERFA) Eur\u00f3pai Ter\u00fcleti Egy\u00fcttm\u0171k\u00f6d\u00e9si c\u00e9lkit\u0171z\u00e9s\u00e9nek keret\u00e9b\u0151l ker\u00fclnek t\u00e1rsfinansz\u00edroz\u00e1sra. A projektek t\u00e1rsfinansz\u00edroz\u00e1s\u00e1ra az Eur\u00f3pai Region\u00e1lis Fejleszt\u00e9si Alap forr\u00e1saib\u00f3l <strong>13.295.015 eur\u00f3 <\/strong>\u00e1ll rendelkez\u00e9sre.<\/p>\n<p><!--more--><\/p>\n<p>Az Egy\u00fcttm\u0171k\u00f6d\u00e9si Program \u00e1tfog\u00f3 c\u00e9lkit\u0171z\u00e9se, hogy a R\u00e9gi\u00f3 olyan ter\u00fclett\u00e9 v\u00e1ljon, amely vonz\u00f3 \u00e9l\u0151helyet, munkahelyet, befektet\u00e9si lehet\u0151s\u00e9get biztos\u00edt \u00fagy, hogy a helyi term\u00e9szeti \u00e9s kultur\u00e1lis \u00e9rt\u00e9kekre \u00e9p\u00edt a turizmusban, ezen kereszt\u00fcl kataliz\u00e1lva a teljes t\u00e9rs\u00e9g fejl\u0151d\u00e9s\u00e9t, m\u00e1sr\u00e9szr\u0151l pedig megc\u00e9lozza a k\u00f6z\u00f6s hat\u00e1rt\u00e9rs\u00e9gi probl\u00e9m\u00e1k megold\u00e1s\u00e1t a hat\u00e1ron \u00e1tny\u00fal\u00f3 egy\u00fcttm\u0171k\u00f6d\u00e9s szintj\u00e9n.<strong>\u00a0<\/strong><\/p>\n<p>A p\u00e1ly\u00e1zatok a Ny\u00edlt P\u00e1ly\u00e1zati Felh\u00edv\u00e1s k\u00f6zz\u00e9t\u00e9tel\u00e9t\u0151l annak lez\u00e1r\u00e1s\u00e1ig b\u00e1rmikor folyamatosan beny\u00fajthat\u00f3k, mindaddig, am\u00edg a forr\u00e1sok rendelkez\u00e9sre \u00e1llnak.<strong> Az els\u0151 beny\u00fajt\u00e1si hat\u00e1rid\u0151 2016. febru\u00e1r 12.<\/strong> Az ezt k\u00f6vet\u0151 p\u00e1ly\u00e1zati beny\u00fajt\u00e1si hat\u00e1rid\u0151k a Program honlapj\u00e1n ker\u00fclnek k\u00f6zz\u00e9t\u00e9telre.<\/p>\n<p>A P\u00e1ly\u00e1zati Csomag, mely tartalmazza a Megval\u00f3s\u00edt\u00e1si K\u00e9zik\u00f6nyvet Kedvezm\u00e9nyezettek sz\u00e1m\u00e1ra, a Vezet\u0151 Partner nyilatkozat, a Projektpartner nyilatkozat, a T\u00e1mogat\u00e1si Szerz\u0151d\u00e9s \u00e9s a Partners\u00e9gi meg\u00e1llapod\u00e1s mint\u00e1j\u00e1t, valamint az Interreg V-A Szlov\u00e9nia-Magyarorsz\u00e1g Egy\u00fcttm\u0171k\u00f6d\u00e9si Programot a <a href=\"http:\/\/www.si-hu.eu\/si2\">www.si-hu.eu\/si2<\/a> honlapon \u00e9rhet\u0151 el.<\/p>\n<p>Figyelem! A p\u00e1ly\u00e1zat csak \u00e9s kiz\u00e1r\u00f3lag az <strong>elektronikus Monitoring Rendszeren (eMS)<\/strong> kereszt\u00fcl ny\u00fajthat\u00f3 be.<\/p>\n","protected":false},"excerpt":{"rendered":"<p>A Szlov\u00e9n K\u00f6zt\u00e1rsas\u00e1g Fejleszt\u00e9si \u00e9s Eur\u00f3pai Koh\u00e9zi\u00f3s Politik\u00e1\u00e9rt felel\u0151s Korm\u00e1nyhivatala, mint a Program Ir\u00e1ny\u00edt\u00f3 Hat\u00f3s\u00e1ga az Interreg V-A Szlov\u00e9nia-Magyarorsz\u00e1g Egy\u00fcttm\u0171k\u00f6d\u00e9si Program keret\u00e9ben Ny\u00edlt P\u00e1ly\u00e1zati Felh\u00edv\u00e1st tett k\u00f6zz\u00e9 a 2014-2020-as programperi\u00f3dusra.<\/p>\n","protected":false},"author":3,"featured_media":359,"comment_status":"open","ping_status":"open","sticky":false,"template":"","format":"standard","meta":{"ngg_post_thumbnail":0},"categories":[2,3,4],"tags":[],"acf":[],"_links":{"self":[{"href":"http:\/\/www.si-hu.eu\/hu2\/wp-json\/wp\/v2\/posts\/178"}],"collection":[{"href":"http:\/\/www.si-hu.eu\/hu2\/wp-json\/wp\/v2\/posts"}],"about":[{"href":"http:\/\/www.si-hu.eu\/hu2\/wp-json\/wp\/v2\/types\/post"}],"author":[{"embeddable":true,"href":"http:\/\/www.si-hu.eu\/hu2\/wp-json\/wp\/v2\/users\/3"}],"replies":[{"embeddable":true,"href":"http:\/\/www.si-hu.eu\/hu2\/wp-json\/wp\/v2\/comments?post=178"}],"version-history":[{"count":0,"href":"http:\/\/www.si-hu.eu\/hu2\/wp-json\/wp\/v2\/posts\/178\/revisions"}],"wp:featuredmedia":[{"embeddable":true,"href":"http:\/\/www.si-hu.eu\/hu2\/wp-json\/wp\/v2\/media\/359"}],"wp:attachment":[{"href":"http:\/\/www.si-hu.eu\/hu2\/wp-json\/wp\/v2\/media?parent=178"}],"wp:term":[{"taxonomy":"category","embeddable":true,"href":"http:\/\/www.si-hu.eu\/hu2\/wp-json\/wp\/v2\/categories?post=178"},{"taxonomy":"post_tag","embeddable":true,"href":"http:\/\/www.si-hu.eu\/hu2\/wp-json\/wp\/v2\/tags?post=178"}],"curies":[{"name":"wp","href":"https:\/\/api.w.org\/{rel}","templated":true}]}}