{"id":2992,"date":"2018-05-10T13:33:16","date_gmt":"2018-05-10T12:33:16","guid":{"rendered":"http:\/\/www.si-hu.eu\/hu2\/?p=2992"},"modified":"2018-05-17T07:58:43","modified_gmt":"2018-05-17T06:58:43","slug":"sikeres-workshopot-tartottunk-a-palyazoknak-es-a-jelentestetelrol-2","status":"publish","type":"post","link":"http:\/\/www.si-hu.eu\/hu2\/2018\/05\/10\/sikeres-workshopot-tartottunk-a-palyazoknak-es-a-jelentestetelrol-2\/","title":{"rendered":"SIKERES WORKSHOPOT TARTOTTUNK A P\u00c1LY\u00c1Z\u00d3KNAK \u00c9S A JELENT\u00c9ST\u00c9TELR\u0150L"},"content":{"rendered":"<p>2018. m\u00e1jus 8-\u00e1n, kedden, a magyarorsz\u00e1gi Gosztol\u00e1n ker\u00fclt sor a jelent\u00e9st\u00e9tellel kapcsolatos, valamint az 5. bead\u00e1si hat\u00e1rid\u0151 lehets\u00e9ges p\u00e1ly\u00e1z\u00f3i sz\u00e1m\u00e1ra megtartott workshopra.<\/p>\n<p>A workshopon prezent\u00e1ci\u00f3 hangzott el arr\u00f3l, mik\u00e9nt lehet a beavatkoz\u00e1si logika szempontj\u00e1b\u00f3l j\u00f3 min\u0151s\u00e9g\u0171 projekteket kidolgozni, \u00e9s mik voltak az el\u0151z\u0151 bead\u00e1si hat\u00e1rid\u0151kben kapott p\u00e1ly\u00e1zatok leggyakoribb hib\u00e1i. A r\u00e9sztvev\u0151k megismerkedtek a t\u00e1j\u00e9koztat\u00e1s \u00e9s kommunik\u00e1ci\u00f3 sor\u00e1n alkalmazand\u00f3 programszab\u00e1lyokkal is. A d\u00e9lel\u0151tti programot az eMS rendszeren kereszt\u00fcl t\u00f6rt\u00e9n\u0151 jelent\u00e9st\u00e9telr\u0151l sz\u00f3l\u00f3 el\u0151ad\u00e1s z\u00e1rta.<\/p>\n<p>A d\u00e9lut\u00e1n folyam\u00e1n a 2. priorit\u00e1si tengely k\u00e9t projektje mutatkozott be. Mindk\u00e9t el\u0151ad\u00e1s k\u00f6zponti t\u00e9m\u00e1ja az volt, hogy hogyan lehet sikeres \u00e9s j\u00f3v\u00e1hagyott projektet el\u0151k\u00e9sz\u00edteni. Ezekben a projektekben is voltak hib\u00e1k a kor\u00e1bbi bead\u00e1si k\u00f6r\u00f6kben, amiket szakmai seg\u00edts\u00e9ggel korrig\u00e1lni tudtak. A d\u00e9lut\u00e1ni szekci\u00f3 befejez\u00e9sek\u00e9nt kerekasztal-besz\u00e9lget\u00e9sre ker\u00fclt sor, melynek t\u00e9m\u00e1ja a 2. priorit\u00e1si tengelyre beny\u00fajtand\u00f3 projektek el\u0151k\u00e9sz\u00edt\u00e9se volt, k\u00fcl\u00f6n\u00f6s tekintettel azokra a ter\u00fcletekre, ahol a leggyakoribb hib\u00e1k el\u0151fordultak. A kedvezm\u00e9nyezettek \u00f6tleteket kaptak arra, hogy hogyan tudj\u00e1k m\u00e9g f\u00f3kusz\u00e1ltabb\u00e1 \u00e9s jobban el\u0151k\u00e9sz\u00edtett\u00e9 tenni projektjeiket. A vit\u00e1ban a jelen lev\u0151k akt\u00edvan r\u00e9szt vettek, \u00e9s hasznos inform\u00e1ci\u00f3kat kaptak az Ir\u00e1ny\u00edt\u00f3 Hat\u00f3s\u00e1gt\u00f3l \u00e9s a K\u00f6z\u00f6s Titk\u00e1rs\u00e1gt\u00f3l.<\/p>\n<p>A jelent\u00e9st\u00e9teli workshopr\u00f3l tov\u00e1bbi inform\u00e1ci\u00f3k\u00e9rt k\u00e9rj\u00fck, kattintson <a href=\"http:\/\/www.si-hu.eu\/hu2\/?page_id=2951&amp;preview=true\" target=\"_blank\" rel=\"noopener\">ide<\/a>.<\/p>\n<p>A TV AS r\u00f6vid h\u00edrad\u00e1sa a rendezv\u00e9nyr\u0151l <a href=\"https:\/\/youtu.be\/uRPqZQLhaP0\" target=\"_blank\" rel=\"noopener\">itt tekinthet\u0151 meg<\/a>.<\/p>\n<p>&nbsp;<\/p>\n<p>&nbsp;<\/p>\n<p>&nbsp;<\/p>\n<p>&nbsp;<\/p>\n<p>&nbsp;<\/p>\n<p>&nbsp;<\/p>\n","protected":false},"excerpt":{"rendered":"<p>2018. m\u00e1jus 8-\u00e1n, kedden, a magyarorsz\u00e1gi Gosztol\u00e1n ker\u00fclt sor a jelent\u00e9st\u00e9tellel kapcsolatos, valamint az 5. bead\u00e1si hat\u00e1rid\u0151 lehets\u00e9ges p\u00e1ly\u00e1z\u00f3i sz\u00e1m\u00e1ra megtartott workshopra.<\/p>\n","protected":false},"author":7,"featured_media":2952,"comment_status":"closed","ping_status":"open","sticky":false,"template":"","format":"standard","meta":{"ngg_post_thumbnail":0},"categories":[1,3],"tags":[],"acf":[],"_links":{"self":[{"href":"http:\/\/www.si-hu.eu\/hu2\/wp-json\/wp\/v2\/posts\/2992"}],"collection":[{"href":"http:\/\/www.si-hu.eu\/hu2\/wp-json\/wp\/v2\/posts"}],"about":[{"href":"http:\/\/www.si-hu.eu\/hu2\/wp-json\/wp\/v2\/types\/post"}],"author":[{"embeddable":true,"href":"http:\/\/www.si-hu.eu\/hu2\/wp-json\/wp\/v2\/users\/7"}],"replies":[{"embeddable":true,"href":"http:\/\/www.si-hu.eu\/hu2\/wp-json\/wp\/v2\/comments?post=2992"}],"version-history":[{"count":3,"href":"http:\/\/www.si-hu.eu\/hu2\/wp-json\/wp\/v2\/posts\/2992\/revisions"}],"predecessor-version":[{"id":3035,"href":"http:\/\/www.si-hu.eu\/hu2\/wp-json\/wp\/v2\/posts\/2992\/revisions\/3035"}],"wp:featuredmedia":[{"embeddable":true,"href":"http:\/\/www.si-hu.eu\/hu2\/wp-json\/wp\/v2\/media\/2952"}],"wp:attachment":[{"href":"http:\/\/www.si-hu.eu\/hu2\/wp-json\/wp\/v2\/media?parent=2992"}],"wp:term":[{"taxonomy":"category","embeddable":true,"href":"http:\/\/www.si-hu.eu\/hu2\/wp-json\/wp\/v2\/categories?post=2992"},{"taxonomy":"post_tag","embeddable":true,"href":"http:\/\/www.si-hu.eu\/hu2\/wp-json\/wp\/v2\/tags?post=2992"}],"curies":[{"name":"wp","href":"https:\/\/api.w.org\/{rel}","templated":true}]}}