{"id":4639,"date":"2019-10-01T14:07:56","date_gmt":"2019-10-01T13:07:56","guid":{"rendered":"http:\/\/www.si-hu.eu\/hu2\/?p=4639"},"modified":"2019-10-01T14:07:56","modified_gmt":"2019-10-01T13:07:56","slug":"meghivo-szakmai-szimpoziumra","status":"publish","type":"post","link":"http:\/\/www.si-hu.eu\/hu2\/2019\/10\/01\/meghivo-szakmai-szimpoziumra\/","title":{"rendered":"Megh\u00edv\u00f3 szakmai szimp\u00f3ziumra"},"content":{"rendered":"\n<style type=\"text\/css\" data-created_by=\"avia_inline_auto\" id=\"style-css-av-av_one_full-6126cab7d8fab8d08143dd2dacdf673c\">\n.flex_column.av-av_one_full-6126cab7d8fab8d08143dd2dacdf673c{\nborder-radius:0px 0px 0px 0px;\n-webkit-border-radius:0px 0px 0px 0px;\n-moz-border-radius:0px 0px 0px 0px;\n}\n<\/style>\n<div class='flex_column av-av_one_full-6126cab7d8fab8d08143dd2dacdf673c av_one_full  avia-builder-el-0  avia-builder-el-no-sibling  first flex_column_div av-zero-column-padding '   ><section  class='av_textblock_section av-av_textblock-0366cc7376be6c9e82a3e9cc8987b64f'  itemscope=\"itemscope\" itemtype=\"https:\/\/schema.org\/BlogPosting\" itemprop=\"blogPost\" ><div class='avia_textblock'  itemprop=\"text\" ><p style=\"text-align: center\"><strong>MEGH\u00cdV\u00d3<\/strong><\/p>\n<p style=\"text-align: center\"><strong>&#8220;Az akt\u00edv turizmus \u00faj hat\u00e1ron \u00e1tny\u00fal\u00f3 term\u00e9k\u00e9nek l\u00e9trehoz\u00e1sa \u00e9s kihelyez\u00e9se a Mura \u00e9s a R\u00e1ba k\u00f6z\u00f6tti modern turizmus integr\u00e1lt r\u00e9szek\u00e9nt&#8221; c\u00edm\u0171,<\/strong><\/p>\n<p style=\"text-align: center\"><strong>MURA RABA TOUR r\u00f6vidc\u00edm\u0171 projekt keret\u00e9ben<\/strong><\/p>\n<p style=\"text-align: center\"><strong>megh\u00edvjuk az<\/strong><\/p>\n<p style=\"text-align: center\"><strong>ISMERT (ISMERETLEN) T\u00c9NYEK A KURUCOKR\u00d3L c\u00edm\u0171 <\/strong><\/p>\n<p style=\"text-align: center\"><strong>szakmami szimp\u00f3izumra<\/strong><\/p>\n<p style=\"text-align: center\"><strong>amire 2019. okt\u00f3ber 18-\u00e1n p\u00e9nteken<\/strong><\/p>\n<p style=\"text-align: center\"><strong>ker\u00fcl sor \u0160alovciban<\/strong><strong>.<\/strong><\/p>\n<p><strong>&nbsp;<\/strong><\/p>\n<p><strong>A rendezv\u00e9ny programja <a href=\"http:\/\/www.si-hu.eu\/download\/STROKOVNI-SIMPOZIJ.pdf\" target=\"_blank\" rel=\"noopener noreferrer\">itt \u00e9rhet\u0151 el<\/a>.<\/strong><\/p>\n<\/div><\/section><\/div>\n","protected":false},"excerpt":{"rendered":"<p>&#8220;Az akt\u00edv turizmus \u00faj hat\u00e1ron \u00e1tny\u00fal\u00f3 term\u00e9k\u00e9nek l\u00e9trehoz\u00e1sa \u00e9s kihelyez\u00e9se a Mura \u00e9s a R\u00e1ba k\u00f6z\u00f6tti modern turizmus integr\u00e1lt r\u00e9szek\u00e9nt&#8221; c\u00edm\u0171, MURA RABA TOUR r\u00f6vidc\u00edm\u0171 projekt keret\u00e9ben megh\u00edvjuk az Ismert (Ismeretlen) T\u00e9nyek a Kurucokr\u00f3l c. szimp\u00f3ziumra.<\/p>\n","protected":false},"author":80,"featured_media":3662,"comment_status":"closed","ping_status":"open","sticky":false,"template":"","format":"standard","meta":{"ngg_post_thumbnail":0},"categories":[3],"tags":[],"acf":[],"_links":{"self":[{"href":"http:\/\/www.si-hu.eu\/hu2\/wp-json\/wp\/v2\/posts\/4639"}],"collection":[{"href":"http:\/\/www.si-hu.eu\/hu2\/wp-json\/wp\/v2\/posts"}],"about":[{"href":"http:\/\/www.si-hu.eu\/hu2\/wp-json\/wp\/v2\/types\/post"}],"author":[{"embeddable":true,"href":"http:\/\/www.si-hu.eu\/hu2\/wp-json\/wp\/v2\/users\/80"}],"replies":[{"embeddable":true,"href":"http:\/\/www.si-hu.eu\/hu2\/wp-json\/wp\/v2\/comments?post=4639"}],"version-history":[{"count":3,"href":"http:\/\/www.si-hu.eu\/hu2\/wp-json\/wp\/v2\/posts\/4639\/revisions"}],"predecessor-version":[{"id":4642,"href":"http:\/\/www.si-hu.eu\/hu2\/wp-json\/wp\/v2\/posts\/4639\/revisions\/4642"}],"wp:featuredmedia":[{"embeddable":true,"href":"http:\/\/www.si-hu.eu\/hu2\/wp-json\/wp\/v2\/media\/3662"}],"wp:attachment":[{"href":"http:\/\/www.si-hu.eu\/hu2\/wp-json\/wp\/v2\/media?parent=4639"}],"wp:term":[{"taxonomy":"category","embeddable":true,"href":"http:\/\/www.si-hu.eu\/hu2\/wp-json\/wp\/v2\/categories?post=4639"},{"taxonomy":"post_tag","embeddable":true,"href":"http:\/\/www.si-hu.eu\/hu2\/wp-json\/wp\/v2\/tags?post=4639"}],"curies":[{"name":"wp","href":"https:\/\/api.w.org\/{rel}","templated":true}]}}