{"id":4644,"date":"2019-10-22T13:00:10","date_gmt":"2019-10-22T12:00:10","guid":{"rendered":"http:\/\/www.si-hu.eu\/hu2\/?p=4644"},"modified":"2019-11-05T13:14:38","modified_gmt":"2019-11-05T12:14:38","slug":"negy-tovabbi-projekt-jovahagyasaval-az-interreg-v-a-szlovenia-magyarorszag-egyuttmukodesi-program-rendelkezesre-allo-forrasai-teljes-osszegben-lekotesre-kerultek","status":"publish","type":"post","link":"http:\/\/www.si-hu.eu\/hu2\/2019\/10\/22\/negy-tovabbi-projekt-jovahagyasaval-az-interreg-v-a-szlovenia-magyarorszag-egyuttmukodesi-program-rendelkezesre-allo-forrasai-teljes-osszegben-lekotesre-kerultek\/","title":{"rendered":"N\u00e9gy tov\u00e1bbi projekt j\u00f3v\u00e1hagy\u00e1s\u00e1val az Interreg V-A Szlov\u00e9nia-Magyarorsz\u00e1g Egy\u00fcttm\u0171k\u00f6d\u00e9si Program rendelkez\u00e9sre \u00e1ll\u00f3 forr\u00e1sai teljes \u00f6sszegben lek\u00f6t\u00e9sre ker\u00fcltek"},"content":{"rendered":"\n<style type=\"text\/css\" data-created_by=\"avia_inline_auto\" id=\"style-css-av-av_one_full-6126cab7d8fab8d08143dd2dacdf673c\">\n.flex_column.av-av_one_full-6126cab7d8fab8d08143dd2dacdf673c{\nborder-radius:0px 0px 0px 0px;\n-webkit-border-radius:0px 0px 0px 0px;\n-moz-border-radius:0px 0px 0px 0px;\n}\n<\/style>\n<div class='flex_column av-av_one_full-6126cab7d8fab8d08143dd2dacdf673c av_one_full  avia-builder-el-0  el_before_av_one_full  avia-builder-el-first  first flex_column_div av-zero-column-padding '   ><section  class='av_textblock_section av-av_textblock-0366cc7376be6c9e82a3e9cc8987b64f'  itemscope=\"itemscope\" itemtype=\"https:\/\/schema.org\/BlogPosting\" itemprop=\"blogPost\" ><div class='avia_textblock'  itemprop=\"text\" ><p>A Monitoring Bizotts\u00e1g (MB) 8. \u00fcl\u00e9s\u00e9nek keret\u00e9ben, amelyre 2019. okt\u00f3ber 17-\u00e9n, Sorm\u00e1son, Magyarorsz\u00e1gon ker\u00fclt sor, a MB tagjai t\u00f6bb projektet is j\u00f3v\u00e1hagytak, amelyeket a p\u00e1ly\u00e1z\u00f3k a Ny\u00edlt p\u00e1ly\u00e1zati felh\u00edv\u00e1s 6. beny\u00fajt\u00e1si hat\u00e1ridej\u00e9nek lej\u00e1rt\u00e1ig adtak be.<\/p>\n<p>A Ny\u00edlt p\u00e1ly\u00e1zati felh\u00edv\u00e1s 6. beny\u00fajt\u00e1si hat\u00e1ridej\u00e9nek z\u00e1r\u00f3 napj\u00e1ig 21 projekt ker\u00fclt beny\u00fajt\u00e1sra. A MB tagjai az \u00fcl\u00e9s sor\u00e1n 13 projektet vitattak meg, amelyek az adminisztrat\u00edv \u00e9rt\u00e9kel\u00e9s alapj\u00e1n megfeleltek, a tartalmi \u00e9rt\u00e9kel\u00e9s alapj\u00e1n pedig jogosultak. Az \u00fcl\u00e9s sor\u00e1n a MB tagjai <strong>n\u00e9gy projektet hagytak j\u00f3v\u00e1<\/strong>.<\/p>\n<p><strong>A projektek j\u00f3v\u00e1hagy\u00e1s\u00e1val program keret\u00e9ben rendelkez\u00e9sre \u00e1ll\u00f3 forr\u00e1sok teljes \u00f6sszegben lek\u00f6t\u00e9sre ker\u00fcltek. <\/strong>Az Interreg V-A Szlov\u00e9nia-Magyarorsz\u00e1g Egy\u00fcttm\u0171k\u00f6d\u00e9si Program ez\u00e9rt is egyike a legsikeresebben megval\u00f3sul\u00f3 programoknak, EU szinten.<\/p>\n<p>A j\u00f3v\u00e1hagyott projektek a hat\u00e1rt\u00e9rs\u00e9g sikeres integr\u00e1ci\u00f3j\u00e1nak mozaikjai, amelyek keret\u00e9ben a hat\u00e1r k\u00e9t oldal\u00e1r\u00f3l \u00e9rkez\u0151 partnerek eredm\u00e9nyesen m\u0171k\u00f6dnek egy\u00fctt, meg\u0151rizve \u00e9s fejlesztve a hat\u00e1rt\u00e9rs\u00e9g gazdag term\u00e9szeti \u00e9s kultur\u00e1lis \u00f6r\u00f6ks\u00e9g\u00e9t, ill. olyan hossz\u00fa t\u00e1v\u00fa int\u00e9zm\u00e9nyi partners\u00e9geket, amelyek \u00e1tny\u00falnak a nemzet\u00e1llamok hat\u00e1r\u00e1n, ez\u00e1ltal sokkal sikeresebbek lehetnek.<\/p>\n<p>Az \u00fcl\u00e9s sor\u00e1n a MB tagjai az IH szab\u00e1lytalans\u00e1gfelel\u0151s tev\u00e9kenys\u00e9g\u00e9r\u0151l is r\u00e9szletes t\u00e1j\u00e9koztat\u00e1sban r\u00e9szes\u00fcltek, tov\u00e1bb\u00e1 megismerhett\u00e9k a program hat\u00e9konys\u00e1ga \u00e9rt\u00e9kel\u00e9s\u00e9nek f\u0151bb eredm\u00e9nyeit, valamint visszatekintettek az el\u0151z\u0151 \u00fcl\u00e9s \u00f3ta v\u00e9grehajtott kommunik\u00e1ci\u00f3s tev\u00e9kenys\u00e9gekre is.<\/p>\n<p>A Monitoring Bizotts\u00e1g d\u00f6nt\u00e9sei <a href=\"http:\/\/www.si-hu.eu\/hu2\/wp-content\/uploads\/sites\/10\/2019\/10\/DONTES_8.-MB.pdf\" target=\"_blank\" rel=\"noopener noreferrer\"><strong><u>itt<\/u><\/strong> <\/a>olvashat\u00f3ak.<\/p>\n<\/div><\/section><\/div>\n\n<style type=\"text\/css\" data-created_by=\"avia_inline_auto\" id=\"style-css-av-av_one_full-6126cab7d8fab8d08143dd2dacdf673c\">\n.flex_column.av-av_one_full-6126cab7d8fab8d08143dd2dacdf673c{\nborder-radius:0px 0px 0px 0px;\n-webkit-border-radius:0px 0px 0px 0px;\n-moz-border-radius:0px 0px 0px 0px;\n}\n<\/style>\n<div class='flex_column av-av_one_full-6126cab7d8fab8d08143dd2dacdf673c av_one_full  avia-builder-el-2  el_after_av_one_full  avia-builder-el-last  first flex_column_div av-zero-column-padding column-top-margin'   ><style type=\"text\/css\" data-created_by=\"avia_inline_auto\" id=\"style-css-av-av_image-df03eb5d270d42a429d42baaaec18925\">\n.avia-image-container.av-av_image-df03eb5d270d42a429d42baaaec18925 .av-image-caption-overlay-center{\ncolor:#ffffff;\n}\n<\/style>\n<div  class='avia-image-container av-av_image-df03eb5d270d42a429d42baaaec18925 av-styling- avia-align-center  avia-builder-el-3  avia-builder-el-no-sibling '  itemprop=\"image\" itemscope=\"itemscope\" itemtype=\"https:\/\/schema.org\/ImageObject\" ><div class=\"avia-image-container-inner\"><div class=\"avia-image-overlay-wrap\"><img class='wp-image-4650 avia-img-lazy-loading-not-4650 avia_image' src=\"http:\/\/www.si-hu.eu\/hu2\/wp-content\/uploads\/sites\/10\/2019\/10\/HU.jpg\" alt='' title=''  height=\"288\" width=\"480\"  itemprop=\"thumbnailUrl\" srcset=\"http:\/\/www.si-hu.eu\/hu2\/wp-content\/uploads\/sites\/10\/2019\/10\/HU.jpg 480w, http:\/\/www.si-hu.eu\/hu2\/wp-content\/uploads\/sites\/10\/2019\/10\/HU-300x180.jpg 300w, http:\/\/www.si-hu.eu\/hu2\/wp-content\/uploads\/sites\/10\/2019\/10\/HU-450x270.jpg 450w\" sizes=\"(max-width: 480px) 100vw, 480px\" \/><\/div><\/div><\/div><\/div>\n","protected":false},"excerpt":{"rendered":"<p>A Monitoring Bizotts\u00e1g (MB) 8. \u00fcl\u00e9s\u00e9nek keret\u00e9ben, amelyre 2019. okt\u00f3ber 17-\u00e9n, Sorm\u00e1son, Magyarorsz\u00e1gon ker\u00fclt sor, a MB tagjai t\u00f6bb projektet is j\u00f3v\u00e1hagytak, amelyeket a p\u00e1ly\u00e1z\u00f3k a Ny\u00edlt p\u00e1ly\u00e1zati felh\u00edv\u00e1s 6. beny\u00fajt\u00e1si hat\u00e1ridej\u00e9nek lej\u00e1rt\u00e1ig adtak be.<\/p>\n","protected":false},"author":7,"featured_media":2817,"comment_status":"closed","ping_status":"open","sticky":false,"template":"","format":"standard","meta":{"ngg_post_thumbnail":0},"categories":[3],"tags":[],"acf":[],"_links":{"self":[{"href":"http:\/\/www.si-hu.eu\/hu2\/wp-json\/wp\/v2\/posts\/4644"}],"collection":[{"href":"http:\/\/www.si-hu.eu\/hu2\/wp-json\/wp\/v2\/posts"}],"about":[{"href":"http:\/\/www.si-hu.eu\/hu2\/wp-json\/wp\/v2\/types\/post"}],"author":[{"embeddable":true,"href":"http:\/\/www.si-hu.eu\/hu2\/wp-json\/wp\/v2\/users\/7"}],"replies":[{"embeddable":true,"href":"http:\/\/www.si-hu.eu\/hu2\/wp-json\/wp\/v2\/comments?post=4644"}],"version-history":[{"count":3,"href":"http:\/\/www.si-hu.eu\/hu2\/wp-json\/wp\/v2\/posts\/4644\/revisions"}],"predecessor-version":[{"id":4677,"href":"http:\/\/www.si-hu.eu\/hu2\/wp-json\/wp\/v2\/posts\/4644\/revisions\/4677"}],"wp:featuredmedia":[{"embeddable":true,"href":"http:\/\/www.si-hu.eu\/hu2\/wp-json\/wp\/v2\/media\/2817"}],"wp:attachment":[{"href":"http:\/\/www.si-hu.eu\/hu2\/wp-json\/wp\/v2\/media?parent=4644"}],"wp:term":[{"taxonomy":"category","embeddable":true,"href":"http:\/\/www.si-hu.eu\/hu2\/wp-json\/wp\/v2\/categories?post=4644"},{"taxonomy":"post_tag","embeddable":true,"href":"http:\/\/www.si-hu.eu\/hu2\/wp-json\/wp\/v2\/tags?post=4644"}],"curies":[{"name":"wp","href":"https:\/\/api.w.org\/{rel}","templated":true}]}}