{"id":4754,"date":"2020-02-25T10:29:59","date_gmt":"2020-02-25T09:29:59","guid":{"rendered":"http:\/\/www.si-hu.eu\/hu2\/?p=4754"},"modified":"2020-02-25T10:33:33","modified_gmt":"2020-02-25T09:33:33","slug":"kellemes-unnepeket-2-2-2-2-2","status":"publish","type":"post","link":"http:\/\/www.si-hu.eu\/hu2\/2020\/02\/25\/kellemes-unnepeket-2-2-2-2-2\/","title":{"rendered":"GO IN NATURE &#8211; Megh\u00edv\u00f3 a projekt z\u00e1r\u00f3 bemutat\u00f3j\u00e1ra"},"content":{"rendered":"<section  class='av_textblock_section av-av_textblock-0366cc7376be6c9e82a3e9cc8987b64f'  itemscope=\"itemscope\" itemtype=\"https:\/\/schema.org\/BlogPosting\" itemprop=\"blogPost\" ><div class='avia_textblock'  itemprop=\"text\" ><p><img loading=\"lazy\" class=\"wp-image-4759 aligncenter\" src=\"http:\/\/www.si-hu.eu\/hu2\/wp-content\/uploads\/sites\/10\/2020\/02\/logo-GIN-2.png\" alt=\"\" width=\"190\" height=\"168\"><\/p>\n<p>Tisztelettel megh\u00edvjuk \u00d6nt a <strong>GO IN NATURE<\/strong> z\u00e1r\u00f3rendezv\u00e9nyre \u00e9s a projekt keret\u00e9ben megval\u00f3s\u00edtott eredm\u00e9nyek bemutat\u00e1s\u00e1ra, amelyre 2<span style=\"color: #008000;\"><strong>020. febru\u00e1r 28., p\u00e9nteken, 11.00-kor ker\u00fcl sor az EXPANA \u00e9p\u00fclet\u00e9ben.<\/strong><\/span><\/p>\n<p>A jelen projekt kivitelez\u00e9s\u00e9vel a Mura foly\u00f3 menti t\u00e9rs\u00e9g Krog telep\u00fcl\u00e9se a l\u00e1togat\u00f3knak lehet\u0151v\u00e9 teszi&nbsp; a v\u00e9dett ter\u00fclet term\u00e9szetbar\u00e1t, kellemes \u00e9s tanuls\u00e1gos term\u00e9szeti \u00e9lm\u00e9nyeit.<\/p>\n<p>Szeretettel v\u00e1rjuk.<\/p>\n<p><span style=\"color: #008000;\"><strong>GO IN NATURE \u2013 MEGY\u00dcNK A TERM\u00c9SZETBE<\/strong> <\/span><\/p>\n<p><a href=\"http:\/\/www.si-hu.eu\/hu2\/wp-content\/uploads\/sites\/10\/2020\/02\/Vabilo-HU.pdf\" target=\"_blank\" rel=\"noopener noreferrer\">Megh\u00edv\u00f3 programmal!<\/a><\/p>\n<\/div><\/section>\n","protected":false},"excerpt":{"rendered":"<p>Tisztelettel megh\u00edvjuk \u00d6nt a GO IN NATURE z\u00e1r\u00f3rendezv\u00e9nyre \u00e9s a projekt keret\u00e9ben megval\u00f3s\u00edtott eredm\u00e9nyek bemutat\u00e1s\u00e1ra, amelyre 2020. febru\u00e1r 28., p\u00e9nteken, 11.00-kor ker\u00fcl sor az EXPANA \u00e9p\u00fclet\u00e9ben.<\/p>\n","protected":false},"author":7,"featured_media":4759,"comment_status":"closed","ping_status":"closed","sticky":false,"template":"","format":"standard","meta":{"ngg_post_thumbnail":0},"categories":[3],"tags":[],"acf":[],"_links":{"self":[{"href":"http:\/\/www.si-hu.eu\/hu2\/wp-json\/wp\/v2\/posts\/4754"}],"collection":[{"href":"http:\/\/www.si-hu.eu\/hu2\/wp-json\/wp\/v2\/posts"}],"about":[{"href":"http:\/\/www.si-hu.eu\/hu2\/wp-json\/wp\/v2\/types\/post"}],"author":[{"embeddable":true,"href":"http:\/\/www.si-hu.eu\/hu2\/wp-json\/wp\/v2\/users\/7"}],"replies":[{"embeddable":true,"href":"http:\/\/www.si-hu.eu\/hu2\/wp-json\/wp\/v2\/comments?post=4754"}],"version-history":[{"count":7,"href":"http:\/\/www.si-hu.eu\/hu2\/wp-json\/wp\/v2\/posts\/4754\/revisions"}],"predecessor-version":[{"id":4765,"href":"http:\/\/www.si-hu.eu\/hu2\/wp-json\/wp\/v2\/posts\/4754\/revisions\/4765"}],"wp:featuredmedia":[{"embeddable":true,"href":"http:\/\/www.si-hu.eu\/hu2\/wp-json\/wp\/v2\/media\/4759"}],"wp:attachment":[{"href":"http:\/\/www.si-hu.eu\/hu2\/wp-json\/wp\/v2\/media?parent=4754"}],"wp:term":[{"taxonomy":"category","embeddable":true,"href":"http:\/\/www.si-hu.eu\/hu2\/wp-json\/wp\/v2\/categories?post=4754"},{"taxonomy":"post_tag","embeddable":true,"href":"http:\/\/www.si-hu.eu\/hu2\/wp-json\/wp\/v2\/tags?post=4754"}],"curies":[{"name":"wp","href":"https:\/\/api.w.org\/{rel}","templated":true}]}}