{"id":5093,"date":"2020-09-22T14:14:54","date_gmt":"2020-09-22T13:14:54","guid":{"rendered":"http:\/\/www.si-hu.eu\/hu2\/?p=5093"},"modified":"2020-09-24T12:42:40","modified_gmt":"2020-09-24T11:42:40","slug":"az-europai-egyuttmukodes-napja-alkalmabol-turaztak-a-hatarorok-utjan-markovciban","status":"publish","type":"post","link":"http:\/\/www.si-hu.eu\/hu2\/2020\/09\/22\/az-europai-egyuttmukodes-napja-alkalmabol-turaztak-a-hatarorok-utjan-markovciban\/","title":{"rendered":"Az Eur\u00f3pai Egy\u00fcttm\u0171k\u00f6d\u00e9s Napj\u00e1t \u00e9s az Interreg programok 30 \u00e9ves jubileum\u00e1t \u00fcnnepelt\u00e9k Markovciban, Szlov\u00e9ni\u00e1ban az Interreg Szlov\u00e9nia-Magyarorsz\u00e1g Programmal"},"content":{"rendered":"<p style=\"text-align: left;\"><strong><u><img loading=\"lazy\" class=\"alignleft size-medium wp-image-5109\" src=\"http:\/\/www.si-hu.eu\/hu2\/wp-content\/uploads\/sites\/10\/2020\/09\/IMG_20200918_101158-min-225x300.jpg\" alt=\"\" width=\"225\" height=\"300\" srcset=\"http:\/\/www.si-hu.eu\/hu2\/wp-content\/uploads\/sites\/10\/2020\/09\/IMG_20200918_101158-min-225x300.jpg 225w, http:\/\/www.si-hu.eu\/hu2\/wp-content\/uploads\/sites\/10\/2020\/09\/IMG_20200918_101158-min-768x1024.jpg 768w, http:\/\/www.si-hu.eu\/hu2\/wp-content\/uploads\/sites\/10\/2020\/09\/IMG_20200918_101158-min-773x1030.jpg 773w, http:\/\/www.si-hu.eu\/hu2\/wp-content\/uploads\/sites\/10\/2020\/09\/IMG_20200918_101158-min-600x800.jpg 600w, http:\/\/www.si-hu.eu\/hu2\/wp-content\/uploads\/sites\/10\/2020\/09\/IMG_20200918_101158-min-1125x1500.jpg 1125w, http:\/\/www.si-hu.eu\/hu2\/wp-content\/uploads\/sites\/10\/2020\/09\/IMG_20200918_101158-min-529x705.jpg 529w, http:\/\/www.si-hu.eu\/hu2\/wp-content\/uploads\/sites\/10\/2020\/09\/IMG_20200918_101158-min-450x600.jpg 450w\" sizes=\"(max-width: 225px) 100vw, 225px\" \/>Markovci, 2020. szeptember 18.<\/u><\/strong><strong> &#8211; Az Eur\u00f3pai Bizotts\u00e1g \u00e9s az INTERACT program v\u00e9dn\u00f6ks\u00e9ge alatt sorozatban imm\u00e1r kilencedik alkalommal zajlanak rendezv\u00e9nyek Eur\u00f3pa szerte, az Eur\u00f3pai Egy\u00fcttm\u0171k\u00f6d\u00e9s Napja alkalm\u00e1b\u00f3l. Az idei \u00e9vben szervezett rendezv\u00e9nyek az Interreg egy\u00fcttm\u0171k\u00f6d\u00e9s 30 \u00e9ves jubileuma meg\u00fcnnepl\u00e9s\u00e9nek jegy\u00e9ben zajlanak. A jubileumi \u00e9v, egy er\u0151sebb \u00e9s jobban \u00f6sszekapcsol\u00f3d\u00f3 Eur\u00f3pa h\u00e1rom fontos egy\u00fcttm\u0171k\u00f6d\u00e9si t\u00e9nyez\u0151je, mint f\u0151 t\u00e9mak\u00f6r\u00f6k jegy\u00e9ben zajlik: mindenkinek van szomsz\u00e9dja, ifj\u00fas\u00e1g \u00e9s z\u00f6ldebb Eur\u00f3pa. K\u00fcl\u00f6nb\u00f6z\u0151 rendezv\u00e9nyeken kereszt\u00fcl szeretn\u00e9nk hangs\u00falyozni az eur\u00f3pai r\u00e9gi\u00f3k \u00e9s orsz\u00e1gok eredm\u00e9nyeinek fontoss\u00e1g\u00e1t a hat\u00e1ron \u00e1tny\u00fal\u00f3 egy\u00fcttm\u0171k\u00f6d\u00e9sben. Az ilyen projektek ugyanis jelent\u0151s hat\u00e1ssal vannak a hat\u00e1rmenti ter\u00fcleteken \u00e9l\u0151k \u00e9letmin\u0151s\u00e9g\u00e9re, \u00e9s hossz\u00fat\u00e1v\u00fa k\u00f6vetkezm\u00e9nyekkel j\u00e1rnak a gazdas\u00e1g, a turizmus, az egy\u00fcttm\u0171k\u00f6d\u00e9s, valamint a gazdag term\u00e9szeti \u00e9s kultur\u00e1lis \u00f6r\u00f6ks\u00e9g meg\u0151rz\u00e9se ter\u00fcletein. Ezekben a t\u00e9m\u00e1kban Szlov\u00e9nia \u00e9s Magyarorsz\u00e1g sz\u00e1mos sikeres, hat\u00e1ron \u00e1tny\u00fal\u00f3, a hat\u00e1rt\u00e9rs\u00e9gi identit\u00e1st er\u0151s\u00edt\u0151 projektet val\u00f3s\u00edtott meg. A Szlov\u00e9n K\u00f6zt\u00e1rsas\u00e1g Fejleszt\u00e9si \u00e9s Eur\u00f3pai Koh\u00e9zi\u00f3s Politik\u00e1\u00e9rt felel\u0151s Korm\u00e1nyhivatala, mint az Interreg V-A Szlov\u00e9nia-Magyarorsz\u00e1g Egy\u00fcttm\u0171k\u00f6d\u00e9si Program Ir\u00e1ny\u00edt\u00f3 Hat\u00f3s\u00e1ga \u00e1ltal a Mura R\u00e1ba Tour projekt partnereivel egy\u00fcttm\u0171k\u00f6d\u00e9sben szervezett, a Hat\u00e1r\u0151r\u00f6k \u00fatj\u00e1n megtett gyalogt\u00fara sor\u00e1n a r\u00e9sztvev\u0151k a <a href=\"https:\/\/www.murarabatour.eu\/\">Mura R\u00e1ba Tour<\/a>, illetve a <a href=\"https:\/\/salovci.si\/green-exercise\/\">Green Exercise<\/a> projektek eredm\u00e9nyeivel is megismerkedhettek.<img loading=\"lazy\" class=\"alignright size-medium wp-image-5166\" src=\"http:\/\/www.si-hu.eu\/hu2\/wp-content\/uploads\/sites\/10\/2020\/09\/IMG_20200918_124215_1-300x225.jpg\" alt=\"\" width=\"300\" height=\"225\" srcset=\"http:\/\/www.si-hu.eu\/hu2\/wp-content\/uploads\/sites\/10\/2020\/09\/IMG_20200918_124215_1-300x225.jpg 300w, http:\/\/www.si-hu.eu\/hu2\/wp-content\/uploads\/sites\/10\/2020\/09\/IMG_20200918_124215_1-768x576.jpg 768w, http:\/\/www.si-hu.eu\/hu2\/wp-content\/uploads\/sites\/10\/2020\/09\/IMG_20200918_124215_1-1030x773.jpg 1030w, http:\/\/www.si-hu.eu\/hu2\/wp-content\/uploads\/sites\/10\/2020\/09\/IMG_20200918_124215_1-600x450.jpg 600w, http:\/\/www.si-hu.eu\/hu2\/wp-content\/uploads\/sites\/10\/2020\/09\/IMG_20200918_124215_1-1500x1125.jpg 1500w, http:\/\/www.si-hu.eu\/hu2\/wp-content\/uploads\/sites\/10\/2020\/09\/IMG_20200918_124215_1-705x529.jpg 705w, http:\/\/www.si-hu.eu\/hu2\/wp-content\/uploads\/sites\/10\/2020\/09\/IMG_20200918_124215_1-450x338.jpg 450w\" sizes=\"(max-width: 300px) 100vw, 300px\" \/> <\/strong><\/p>\n<p><strong>&nbsp;<\/strong>A r\u00e9sztvev\u0151k gy\u00fclekez\u0151helye a Gori\u010dko Nat\u00farparkban tal\u00e1lhat\u00f3 Markovciban, Szlov\u00e9ni\u00e1ban volt. A jelenl\u00e9v\u0151ket <strong>Nina Seljak<\/strong>, a Szlov\u00e9n K\u00f6zt\u00e1rsas\u00e1g Fejleszt\u00e9si \u00e9s Eur\u00f3pai Koh\u00e9zi\u00f3s Politik\u00e1\u00e9rt felel\u0151s Korm\u00e1nyhivatal\u00e1ban m\u0171k\u00f6d\u0151 Eur\u00f3pai Ter\u00fcleti Egy\u00fcttm\u0171k\u00f6d\u00e9sek\u00e9rt \u00e9s Finansz\u00edroz\u00e1si Mechanizmusok\u00e9rt Felel\u0151s Iroda vezet\u0151je, valamint <strong>Iztok Fartek<\/strong>, \u0160alovci k\u00f6zs\u00e9g polg\u00e1rmestere k\u00f6sz\u00f6nt\u00f6tt\u00e9k. Ezt k\u00f6vet\u0151en a hat\u00e1ron \u00e1tny\u00fal\u00f3 egy\u00fcttm\u0171k\u00f6d\u00e9si program \u00e1ltal t\u00e1mogatott Green Exercise \u00e9s Mura R\u00e1ba Tour projektek bemutat\u00e1s\u00e1ra ker\u00fclt sor. <strong>Simon Bala\u017eic<\/strong>, a TV AS igazgat\u00f3ja, egyben a Mura R\u00e1ba Tour projekt vezet\u0151 partner\u00e9nek k\u00e9pvisel\u0151je elmondta, hogy a projekt c\u00e9lja a v\u00edzi-, lovas-, gyalogos- \u00e9s kultur\u00e1lis turisztikai k\u00edn\u00e1lat fejleszt\u00e9se a szabadid\u0151 akt\u00edv elt\u00f6lt\u00e9s\u00e9hez, a Mura R\u00e1ba Tour projekt \u00e1ltal lefedett hat\u00e1ron \u00e1tny\u00fal\u00f3 desztin\u00e1ci\u00f3ban. Az Interreg csal\u00e1dhoz val\u00f3 tartoz\u00e1s \u00e9s a 30 \u00e9ves sikeres egy\u00fcttm\u0171k\u00f6d\u00e9s eml\u00e9kek\u00e9nt h\u00e1rsf\u00e1t \u00fcltettek a projekt bemutat\u00e1s\u00e1t k\u00f6vet\u0151en.<\/p>\n<p>A r\u00e9sztvev\u0151k a fa\u00fcltet\u00e9st k\u00f6vet\u0151en r\u00f6vid gyalogt\u00far\u00e1t tettek \u010cepincibe, a szlov\u00e9n-magyar hat\u00e1rhoz, melynek sor\u00e1n megismerkedhettek a kuruc felkel\u0151k titkaival. \u010cepinciben a fel\u00faj\u00edtott hat\u00e1r\u0151rtoronyban berendezett tematikus m\u00fazeumi gy\u0171jtem\u00e9ny\u00e9t tekintett\u00e9k meg. Ezt ism\u00e9t fa\u00fcltet\u00e9s k\u00f6vette, ez alkalommal a szlov\u00e9n-magyar hat\u00e1r vonal\u00e1nak k\u00f6zvetlen k\u00f6zel\u00e9ben, az egy\u00fcttm\u0171k\u00f6d\u00e9s szimb\u00f3lumak\u00e9nt.<\/p>\n<p>A rendezv\u00e9ny nagyszer\u0171 lehet\u0151s\u00e9get biztos\u00edtott v\u00e9lem\u00e9nyek \u00e9s tapasztalatok cser\u00e9j\u00e9re \u00e9s term\u00e9szetesen a k\u00fcl\u00f6nf\u00e9le int\u00e9zm\u00e9nyek k\u00e9pvisel\u0151ivel \u00e9s a nagyk\u00f6z\u00f6ns\u00e9ggel val\u00f3 besz\u00e9lget\u00e9sekre.<\/p>\n<p><img loading=\"lazy\" class=\"alignleft wp-image-5167\" src=\"http:\/\/www.si-hu.eu\/hu2\/wp-content\/uploads\/sites\/10\/2020\/09\/Zajeta-slika.jpg\" alt=\"\" width=\"149\" height=\"140\">Ahogy Nina Seljak igazgat\u00f3asszony, az Ir\u00e1ny\u00edt\u00f3 Hat\u00f3s\u00e1g vezet\u0151je elmondta, sz\u00e1mos hat\u00e1ron \u00e1tny\u00fal\u00f3 projektben testes\u00fcl meg a magyar \u00e9s szlov\u00e9n partnerek egy\u00fcttm\u0171k\u00f6d\u00e9se, amely n\u00e9lk\u00fcl, ill. az Interreg program hi\u00e1ny\u00e1ban, ez az esem\u00e9ny nem val\u00f3sulhatott volna meg.<em> \u201eAz egy\u00fcttm\u0171k\u00f6d\u00e9s a kulcs ahhoz, hogy megismerj\u00fck egym\u00e1st \u00e9s n\u00f6vekedjen a bizalom a hat\u00e1rt\u00e9rs\u00e9gben. A ma bemutatott Mura R\u00e1ba Tour \u00e9s Green Exercise projektek &nbsp;bizony\u00edtj\u00e1k, hogy a gyakorlati egy\u00fcttm\u0171k\u00f6d\u00e9s meghozza gy\u00fcm\u00f6lcs\u00e9t, biztos\u00edtja a projektek l\u00e1that\u00f3s\u00e1g\u00e1t \u00e9s a t\u00e9rs\u00e9gbe l\u00e1togat\u00f3k magasabb l\u00e9tsz\u00e1m\u00e1t.\u201d <\/em>Hozz\u00e1tette tov\u00e1bb\u00e1, hogy sz\u00e1mos tanulm\u00e1ny t\u00e1masztja al\u00e1 azt a t\u00e9nyt, hogy a hat\u00e1ron \u00e1tny\u00fal\u00f3 egy\u00fcttm\u0171k\u00f6d\u00e9s magasabb sz\u00ednvonal\u00fa \u00e9s jobb hat\u00e9konys\u00e1g\u00fa, mint az \u00f6sszekapcsol\u00f3d\u00e1s n\u00e9lk\u00fcli, csak a hat\u00e1r egyik vagy m\u00e1sik oldal\u00e1n megval\u00f3sul\u00f3 projektek, ami a jobb forr\u00e1sfelhaszn\u00e1l\u00e1sban is megtestes\u00fcl.<\/p>\n<p>A rendezv\u00e9ny sor\u00e1n k\u00e9sz\u00fclt fot\u00f3kat a k\u00f6vetkez\u0151 linken <a href=\"http:\/\/www.si-hu.eu\/hu2\/novice\/galerija-slik\/\" target=\"_blank\" rel=\"noopener noreferrer\">\u00e9rhetik el<\/a>.<\/p>\n<p>A rendezv\u00e9nyr\u0151l k\u00e9sz\u00fclt vide\u00f3 <a href=\"https:\/\/www.youtube.com\/watch?v=vvSi3Pq_VSM\" target=\"_blank\" rel=\"noopener noreferrer\">itt<\/a> tekinthet\u0151 meg.<\/p>\n<p>A TV AS r\u00f6vid h\u00edrad\u00e1sa a rendezv\u00e9nyr\u0151l <a href=\"https:\/\/www.facebook.com\/watch\/?v=1276202226059594\">itt<\/a> tekinthet\u0151 meg.<\/p>\n<p><img loading=\"lazy\" class=\"aligncenter size-full wp-image-5165\" src=\"http:\/\/www.si-hu.eu\/hu2\/wp-content\/uploads\/sites\/10\/2020\/09\/FotoJet-1.jpg\" alt=\"\" width=\"1200\" height=\"1200\" srcset=\"http:\/\/www.si-hu.eu\/hu2\/wp-content\/uploads\/sites\/10\/2020\/09\/FotoJet-1.jpg 1200w, http:\/\/www.si-hu.eu\/hu2\/wp-content\/uploads\/sites\/10\/2020\/09\/FotoJet-1-80x80.jpg 80w, http:\/\/www.si-hu.eu\/hu2\/wp-content\/uploads\/sites\/10\/2020\/09\/FotoJet-1-300x300.jpg 300w, http:\/\/www.si-hu.eu\/hu2\/wp-content\/uploads\/sites\/10\/2020\/09\/FotoJet-1-768x768.jpg 768w, http:\/\/www.si-hu.eu\/hu2\/wp-content\/uploads\/sites\/10\/2020\/09\/FotoJet-1-1030x1030.jpg 1030w, http:\/\/www.si-hu.eu\/hu2\/wp-content\/uploads\/sites\/10\/2020\/09\/FotoJet-1-600x600.jpg 600w, http:\/\/www.si-hu.eu\/hu2\/wp-content\/uploads\/sites\/10\/2020\/09\/FotoJet-1-36x36.jpg 36w, http:\/\/www.si-hu.eu\/hu2\/wp-content\/uploads\/sites\/10\/2020\/09\/FotoJet-1-180x180.jpg 180w, http:\/\/www.si-hu.eu\/hu2\/wp-content\/uploads\/sites\/10\/2020\/09\/FotoJet-1-705x705.jpg 705w, http:\/\/www.si-hu.eu\/hu2\/wp-content\/uploads\/sites\/10\/2020\/09\/FotoJet-1-120x120.jpg 120w, http:\/\/www.si-hu.eu\/hu2\/wp-content\/uploads\/sites\/10\/2020\/09\/FotoJet-1-450x450.jpg 450w\" sizes=\"(max-width: 1200px) 100vw, 1200px\" \/><\/p>\n<p>&nbsp;<\/p>\n","protected":false},"excerpt":{"rendered":"<p>Az Eur\u00f3pai Bizotts\u00e1g \u00e9s az INTERACT program v\u00e9dn\u00f6ks\u00e9ge alatt sorozatban imm\u00e1r kilencedik alkalommal zajlanak rendezv\u00e9nyek Eur\u00f3pa szerte, az Eur\u00f3pai Egy\u00fcttm\u0171k\u00f6d\u00e9s Napja alkalm\u00e1b\u00f3l.<\/p>\n","protected":false},"author":7,"featured_media":5165,"comment_status":"closed","ping_status":"open","sticky":false,"template":"","format":"standard","meta":{"ngg_post_thumbnail":0},"categories":[3],"tags":[],"acf":[],"_links":{"self":[{"href":"http:\/\/www.si-hu.eu\/hu2\/wp-json\/wp\/v2\/posts\/5093"}],"collection":[{"href":"http:\/\/www.si-hu.eu\/hu2\/wp-json\/wp\/v2\/posts"}],"about":[{"href":"http:\/\/www.si-hu.eu\/hu2\/wp-json\/wp\/v2\/types\/post"}],"author":[{"embeddable":true,"href":"http:\/\/www.si-hu.eu\/hu2\/wp-json\/wp\/v2\/users\/7"}],"replies":[{"embeddable":true,"href":"http:\/\/www.si-hu.eu\/hu2\/wp-json\/wp\/v2\/comments?post=5093"}],"version-history":[{"count":13,"href":"http:\/\/www.si-hu.eu\/hu2\/wp-json\/wp\/v2\/posts\/5093\/revisions"}],"predecessor-version":[{"id":5188,"href":"http:\/\/www.si-hu.eu\/hu2\/wp-json\/wp\/v2\/posts\/5093\/revisions\/5188"}],"wp:featuredmedia":[{"embeddable":true,"href":"http:\/\/www.si-hu.eu\/hu2\/wp-json\/wp\/v2\/media\/5165"}],"wp:attachment":[{"href":"http:\/\/www.si-hu.eu\/hu2\/wp-json\/wp\/v2\/media?parent=5093"}],"wp:term":[{"taxonomy":"category","embeddable":true,"href":"http:\/\/www.si-hu.eu\/hu2\/wp-json\/wp\/v2\/categories?post=5093"},{"taxonomy":"post_tag","embeddable":true,"href":"http:\/\/www.si-hu.eu\/hu2\/wp-json\/wp\/v2\/tags?post=5093"}],"curies":[{"name":"wp","href":"https:\/\/api.w.org\/{rel}","templated":true}]}}